{"id":9995,"date":"2026-04-26T22:59:11","date_gmt":"2026-04-26T19:29:11","guid":{"rendered":"https:\/\/fajr.news\/?p=9995"},"modified":"2026-04-26T22:59:11","modified_gmt":"2026-04-26T19:29:11","slug":"sisiden-orta-doguda-emperyalist-planlara-karsi-sert-uyari-iran-anlasmasinda-bolgesel-guclerin-rolu-vurgulandi","status":"publish","type":"post","link":"https:\/\/fajr.news\/?p=9995&lang=tr","title":{"rendered":"Sisi&#8217;den Orta Do\u011fu&#8217;da &#8220;Emperyalist Planlara&#8221; Kar\u015f\u0131 Sert Uyar\u0131: \u0130ran Anla\u015fmas\u0131nda B\u00f6lgesel G\u00fc\u00e7lerin Rol\u00fc Vurguland\u0131"},"content":{"rendered":"<p>M\u0131s\u0131r Cumhurba\u015fkan\u0131 Abdulfettah es-Sisi, Orta Do\u011fu&#8217;nun <strong>Siyonist ve emperyalist g\u00fc\u00e7lerin b\u00f6lge haritas\u0131n\u0131 yeniden \u00e7izme giri\u015fimleriyle<\/strong> kritik bir a\u015famaya girdi\u011fini belirterek, devletlerin egemenli\u011fine sayg\u0131 g\u00f6sterilmesi gerekti\u011fini vurgulad\u0131.<\/p>\n<h2>B\u00f6lgesel \u0130stikrars\u0131zl\u0131k ve D\u0131\u015f M\u00fcdahaleler<\/h2>\n<p>Cumartesi g\u00fcn\u00fc yapt\u0131\u011f\u0131 a\u00e7\u0131klamada Sisi, Orta Do\u011fu&#8217;nun a\u015f\u0131r\u0131l\u0131k\u00e7\u0131 ideolojik bahanelerle b\u00f6lgenin haritas\u0131n\u0131 yeniden \u015fekillendirme \u00e7abalar\u0131yla kar\u015f\u0131 kar\u015f\u0131ya oldu\u011funu ve b\u00f6lge genelinde artan istikrars\u0131zl\u0131\u011fa kar\u015f\u0131 uyard\u0131. Bu a\u00e7\u0131klamalar, <strong>Siyonist rejimin b\u00f6lgedeki k\u0131\u015fk\u0131rtmalar\u0131 ve d\u0131\u015f m\u00fcdahalelerle<\/strong> ba\u011flant\u0131l\u0131 olarak artan b\u00f6lgesel gerilimlerin ortas\u0131nda geldi.<\/p>\n<p>Sina Kurtulu\u015f G\u00fcn\u00fc m\u00fcnasebetiyle televizyonda yapt\u0131\u011f\u0131 konu\u015fmada, devlet egemenli\u011fine ve toprak b\u00fct\u00fcnl\u00fc\u011f\u00fcne sayg\u0131 g\u00f6sterilmesi gerekti\u011fini vurgulad\u0131 ve \u00fclkeleri par\u00e7alama veya kaynaklar\u0131n\u0131 ele ge\u00e7irme \u00e7abalar\u0131n\u0131 reddetti\u011fini belirtti. Siyasi \u00e7\u00f6z\u00fcmlerin ve m\u00fczakerelerin istikrara giden tek yol oldu\u011funu, \u00e7at\u0131\u015fma yerine i\u015fbirli\u011fi ve yeniden yap\u0131lanmay\u0131 te\u015fvik etti\u011fini ifade etti.<\/p>\n<h2>\u0130ran Gerilimleri ve K\u00f6rfez G\u00fcvenli\u011fi<\/h2>\n<p>Bir g\u00fcn \u00f6nce K\u0131br\u0131s&#8217;\u0131n ba\u015fkenti Lefko\u015fa&#8217;da Arap ve AB liderleri aras\u0131nda d\u00fczenlenen isti\u015fare toplant\u0131s\u0131nda konu\u015fan Sisi, <strong>\u0130ran ile yap\u0131lacak herhangi bir potansiyel anla\u015fman\u0131n K\u00f6rfez \u00fclkelerinin g\u00fcvenlik endi\u015felerini mutlaka dikkate almas\u0131 gerekti\u011fini<\/strong> s\u00f6yledi. Bu, b\u00f6lgesel g\u00fc\u00e7lerin kendi g\u00fcvenliklerini \u015fekillendirmedeki rol\u00fcn\u00fcn alt\u0131n\u0131 \u00e7izdi.<\/p>\n<p>Sisi, son geli\u015fmelerin b\u00f6lgesel istikrar, denizcilik ve k\u00fcresel ekonomi, \u00f6zellikle enerji tedariki ve tedarik zincirleri i\u00e7in ciddi sonu\u00e7lar do\u011furdu\u011funu ifade etti. M\u0131s\u0131r&#8217;\u0131n Arap \u00fclkelerine y\u00f6nelik sald\u0131r\u0131lar\u0131 reddetti\u011fini ve gerilimi kontrol alt\u0131na alma \u00e7abalar\u0131n\u0131 destekledi\u011fini, siyasi yolun tek ge\u00e7erli ilerleme yolu oldu\u011funu vurgulad\u0131.<\/p>\n<h2>Gazze Ate\u015fkes \u0130hlalleri ve Filistin Davas\u0131<\/h2>\n<p>Televizyonda yapt\u0131\u011f\u0131 konu\u015fmada Sisi, Gazze ate\u015fkesinin ikinci a\u015famas\u0131n\u0131n tam olarak uygulanmas\u0131, engelsiz insani yard\u0131m ve derhal yeniden yap\u0131lanman\u0131n ba\u015flamas\u0131 \u00e7a\u011fr\u0131s\u0131nda bulundu. M\u0131s\u0131r&#8217;\u0131n <strong>Filistinlileri yerinden etme giri\u015fimlerini reddetti\u011fini<\/strong> yineledi ve <strong>i\u015fgal alt\u0131ndaki Bat\u0131 \u015eeria&#8217;daki Siyonist sald\u0131r\u0131lar\u0131n<\/strong> sona ermesi \u00e7a\u011fr\u0131s\u0131nda bulundu.<\/p>\n<p>Katarl\u0131 yetkililer de insani yard\u0131m ve sivil hareketlili\u011fin sa\u011flanmas\u0131 i\u00e7in ge\u00e7i\u015flerin tamamen a\u00e7\u0131lmas\u0131 \u00e7a\u011fr\u0131s\u0131nda bulundu ve eri\u015fimin k\u0131s\u0131tl\u0131 kalmas\u0131 halinde ciddi insani sonu\u00e7lar do\u011furaca\u011f\u0131 uyar\u0131s\u0131nda bulundu. Katar, <strong>Siyonist rejimin ate\u015fkes ihlalleri ve insani yard\u0131ma y\u00f6nelik k\u0131s\u0131tlamalar\u0131ndan<\/strong> endi\u015fe duydu\u011funu dile getirdi, bu t\u00fcr engellerin anla\u015fman\u0131n bir sonraki a\u015famas\u0131n\u0131 engelledi\u011fini ve ilerleme umutlar\u0131n\u0131 zay\u0131flatt\u0131\u011f\u0131n\u0131 belirtti.<\/p>\n<p>#OrtaDo\u011fu #Sisi #\u0130ran #K\u00f6rfez\u00dclkeleri #Filistin #Gazze #SiyonistRejim #B\u00f6lgeselG\u00fcvenlik #D\u0131\u015fM\u00fcdahale #Haritalar\u0131nYeniden\u00c7izimi<\/p>\n","protected":false},"excerpt":{"rendered":"<p>M\u0131s\u0131r Cumhurba\u015fkan\u0131 Abdulfettah es-Sisi, Orta Do\u011fu&#8217;nun Siyonist ve emperyalist g\u00fc\u00e7lerin b\u00f6lge haritas\u0131n\u0131 yeniden \u00e7izme giri\u015fimleriyle kritik bir a\u015famaya girdi\u011fini belirterek, devletlerin egemenli\u011fine sayg\u0131 g\u00f6sterilmesi gerekti\u011fini vurgulad\u0131. B\u00f6lgesel \u0130stikrars\u0131zl\u0131k ve D\u0131\u015f M\u00fcdahaleler Cumartesi g\u00fcn\u00fc yapt\u0131\u011f\u0131 a\u00e7\u0131klamada Sisi, Orta Do\u011fu&#8217;nun a\u015f\u0131r\u0131l\u0131k\u00e7\u0131 ideolojik bahanelerle b\u00f6lgenin haritas\u0131n\u0131 yeniden \u015fekillendirme \u00e7abalar\u0131yla kar\u015f\u0131 kar\u015f\u0131ya oldu\u011funu ve b\u00f6lge genelinde artan istikrars\u0131zl\u0131\u011fa kar\u015f\u0131 [&hellip;]<\/p>\n","protected":false},"author":2,"featured_media":9996,"comment_status":"open","ping_status":"open","sticky":false,"template":"","format":"standard","meta":{"footnotes":""},"categories":[37],"tags":[],"class_list":["post-9995","post","type-post","status-publish","format-standard","has-post-thumbnail","hentry","category-orta-dogu-haberleri"],"_links":{"self":[{"href":"https:\/\/fajr.news\/index.php?rest_route=\/wp\/v2\/posts\/9995","targetHints":{"allow":["GET"]}}],"collection":[{"href":"https:\/\/fajr.news\/index.php?rest_route=\/wp\/v2\/posts"}],"about":[{"href":"https:\/\/fajr.news\/index.php?rest_route=\/wp\/v2\/types\/post"}],"author":[{"embeddable":true,"href":"https:\/\/fajr.news\/index.php?rest_route=\/wp\/v2\/users\/2"}],"replies":[{"embeddable":true,"href":"https:\/\/fajr.news\/index.php?rest_route=%2Fwp%2Fv2%2Fcomments&post=9995"}],"version-history":[{"count":0,"href":"https:\/\/fajr.news\/index.php?rest_route=\/wp\/v2\/posts\/9995\/revisions"}],"wp:featuredmedia":[{"embeddable":true,"href":"https:\/\/fajr.news\/index.php?rest_route=\/wp\/v2\/media\/9996"}],"wp:attachment":[{"href":"https:\/\/fajr.news\/index.php?rest_route=%2Fwp%2Fv2%2Fmedia&parent=9995"}],"wp:term":[{"taxonomy":"category","embeddable":true,"href":"https:\/\/fajr.news\/index.php?rest_route=%2Fwp%2Fv2%2Fcategories&post=9995"},{"taxonomy":"post_tag","embeddable":true,"href":"https:\/\/fajr.news\/index.php?rest_route=%2Fwp%2Fv2%2Ftags&post=9995"}],"curies":[{"name":"wp","href":"https:\/\/api.w.org\/{rel}","templated":true}]}}