{"id":9979,"date":"2026-04-26T22:29:57","date_gmt":"2026-04-26T18:59:57","guid":{"rendered":"https:\/\/fajr.news\/?p=9979"},"modified":"2026-04-26T22:29:57","modified_gmt":"2026-04-26T18:59:57","slug":"irandan-kusatma-altinda-muzakere-yok-mesaji-disisleri-bakani-pakistanda-onemli-gorusmeler-yapacak","status":"publish","type":"post","link":"https:\/\/fajr.news\/?p=9979&lang=tr","title":{"rendered":"\u0130ran&#8217;dan Ku\u015fatma Alt\u0131nda M\u00fczakere Yok Mesaj\u0131: D\u0131\u015fi\u015fleri Bakan\u0131 Pakistan&#8217;da \u00d6nemli G\u00f6r\u00fc\u015fmeler Yapacak"},"content":{"rendered":"<p>Bu video, g\u00f6rsel hassasiyetleri olan ki\u015filerde n\u00f6betleri tetikleyebilecek veya rahats\u0131zl\u0131\u011fa neden olabilecek \u0131\u015f\u0131k desenleri veya g\u00f6r\u00fcnt\u00fcler i\u00e7erebilir.<\/p>\n<h2>\n<p><strong>\u0130ran&#8217;dan Ku\u015fatma Alt\u0131nda M\u00fczakere Yok Mesaj\u0131: D\u0131\u015fi\u015fleri Bakan\u0131 Pakistan&#8217;da \u00d6nemli G\u00f6r\u00fc\u015fmeler Yapacak<\/strong><\/p>\n<\/h2>\n<p>Geli\u015fmeleri yak\u0131ndan takip edenler i\u00e7in son durumu \u00f6zetleyelim:<\/p>\n<p>\u0130ran&#8217;\u0131n \u00fcst d\u00fczey diplomat\u0131 Abbas Araghchi, b\u00f6lgesel geli\u015fmeleri ve <strong>ABD-\u0130srail sava\u015f\u0131n\u0131n kal\u0131c\u0131 olarak sona erdirilmesi<\/strong> \u00e7abalar\u0131n\u0131 g\u00f6r\u00fc\u015fmek \u00fczere Umman Sultan\u0131 ile Maskat&#8217;ta bir araya geldi. Araghchi&#8217;nin, d\u00fcn Pakistanl\u0131 yetkililerle \u00fcst d\u00fczey g\u00f6r\u00fc\u015fmeler yapt\u0131\u011f\u0131 ve \u0130ran&#8217;\u0131n bir uzla\u015fmaya varma ko\u015fullar\u0131n\u0131 iletti\u011fi \u0130slamabad&#8217;a d\u00f6nmesi bekleniyor.<\/p>\n<h2>\n<p><strong>L\u00fcbnan&#8217;da \u0130srail Sald\u0131r\u0131lar\u0131 ve Direni\u015fin Kararl\u0131l\u0131\u011f\u0131<\/strong><\/p>\n<\/h2>\n<p>G\u00fcney L\u00fcbnan&#8217;da \u00e7at\u0131\u015fmalar devam ederken, sa\u011fl\u0131k bakanl\u0131\u011f\u0131 \u0130srail sald\u0131r\u0131lar\u0131nda en az yedi ki\u015finin hayat\u0131n\u0131 kaybetti\u011fini ve 24 ki\u015finin yaraland\u0131\u011f\u0131n\u0131 bildirdi. \u0130srail ile Hizbullah aras\u0131ndaki &#8220;ate\u015fkesin&#8221; \u00fc\u00e7 hafta uzat\u0131lmas\u0131na ra\u011fmen, L\u00fcbnan direni\u015f grubu, g\u00fcney L\u00fcbnan&#8217;\u0131n geni\u015f b\u00f6lgelerini i\u015fgal eden \u0130srail askerlerine y\u00f6nelik bir insans\u0131z hava arac\u0131 sald\u0131r\u0131s\u0131 d\u00fczenledi\u011fini duyurdu. \u0130srail ordusu, L\u00fcbnan k\u00f6ylerine y\u00f6nelik zorla tahliye tehditlerini s\u00fcrd\u00fcrerek, Litani Nehri&#8217;nin kuzeyindeki yedi k\u00f6y i\u00e7in yeni bir tahliye emri yay\u0131nlad\u0131 ve ate\u015fkes ihlali iddialar\u0131 \u00fczerine Hizbullah&#8217;a kar\u015f\u0131 &#8220;g\u00fc\u00e7l\u00fc bir \u015fekilde hareket edece\u011fini&#8221; belirtti. Bu tehditler, \u0130srail&#8217;in b\u00f6lgedeki <strong>sald\u0131rgan ve i\u015fgalci tutumunun<\/strong> a\u00e7\u0131k bir g\u00f6stergesidir.<\/p>\n<h2>\n<p><strong>H\u00fcrm\u00fcz Bo\u011faz\u0131 Kapan\u0131\u015f\u0131 ve K\u00fcresel \u0130nsani Kriz Uyar\u0131s\u0131<\/strong><\/p>\n<\/h2>\n<p>H\u00fcrm\u00fcz Bo\u011faz\u0131&#8217;n\u0131n devam eden kapan\u0131\u015f\u0131yla birlikte, BM Proje Hizmetleri Ofisi, g\u00fcbre tedarikindeki aksakl\u0131\u011f\u0131n k\u00fcresel bir insani felaketi tehdit etti\u011fi konusunda uyard\u0131. Ajans\u0131n icra direkt\u00f6r\u00fc Jorge Moreira da Silva, denizcilikteki s\u00fcrekli aksakl\u0131klar\u0131n milyonlarca insan\u0131 a\u00e7l\u0131k ve k\u0131tl\u0131k d\u00f6ng\u00fcs\u00fcne itebilece\u011fi konusunda ikazda bulundu. G\u00fcbre hammaddesi fiyatlar\u0131n\u0131n rekor seviyelere y\u00fckseldi\u011fini ve tedarik zincirlerini g\u00fcvence alt\u0131na almak i\u00e7in acil diplomatik eylem gerekti\u011fini vurgulad\u0131. Bu durum, <strong>b\u00f6lgesel gerilimlerin k\u00fcresel \u00e7apta y\u0131k\u0131c\u0131 sonu\u00e7lar do\u011furabilece\u011finin<\/strong> alt\u0131n\u0131 \u00e7izmektedir.<\/p>\n<h2>\n<p><strong>\u0130ran&#8217;\u0131n Diplomasi \u00c7abalar\u0131 ve Pakistan Arac\u0131l\u0131\u011f\u0131<\/strong><\/p>\n<\/h2>\n<p>\u0130ran&#8217;\u0131n Pakistan&#8217;a sundu\u011fu \u00e7er\u00e7eve, Pakistanl\u0131 yetkililerin gizli tutumu nedeniyle spek\u00fclatif olsa da, diplomasinin kapal\u0131 kap\u0131lar ard\u0131nda y\u00fcr\u00fct\u00fcld\u00fc\u011f\u00fc biliniyor. Pakistan, \u0130ran ile Washington aras\u0131nda mesaj al\u0131\u015fveri\u015finde \u00f6nemli bir arac\u0131 rol\u00fc \u00fcstleniyor. \u0130ran D\u0131\u015fi\u015fleri Bakan\u0131 Araghchi&#8217;nin, Pakistan&#8217;dan ayr\u0131ld\u0131ktan sonra Umman&#8217;dan geri d\u00f6nmesi bekleniyor. Kendisi, Pakistan Genelkurmay Ba\u015fkan\u0131 As\u0131m Munir, Ba\u015fbakan ve D\u0131\u015fi\u015fleri Bakan\u0131 ile bir dizi g\u00f6r\u00fc\u015fme ger\u00e7ekle\u015ftirmi\u015fti. Bu g\u00f6r\u00fc\u015fmeler, \u0130ran h\u00fck\u00fcmetinin talimatlar\u0131 do\u011frultusunda devam edecek ve m\u00fczakerelerin gidi\u015fat\u0131 hakk\u0131nda net bir g\u00f6sterge sunacakt\u0131r. Bu s\u00fcre\u00e7, <strong>\u0130ran&#8217;\u0131n b\u00f6lgedeki bar\u0131\u015f ve istikrar aray\u0131\u015f\u0131ndaki kararl\u0131l\u0131\u011f\u0131n\u0131<\/strong> g\u00f6zler \u00f6n\u00fcne sermektedir.<\/p>\n<h2>\n<p><strong>S\u00f6zde Ate\u015fkes ve \u0130srail&#8217;in S\u00fcrekli Sald\u0131rganl\u0131\u011f\u0131<\/strong><\/p>\n<\/h2>\n<p>Ate\u015fkesin ba\u015flang\u0131c\u0131ndan bu yana, her iki taraf\u0131n da roket veya bomba at\u0131\u015flar\u0131n\u0131 durdurmad\u0131\u011f\u0131 g\u00f6r\u00fcl\u00fcyor. \u0130srail, &#8220;savunma operasyonlar\u0131&#8221; yapma hakk\u0131n\u0131 sakl\u0131 tuttu\u011funu belirtmi\u015f ve i\u015fgal etti\u011fi b\u00f6lgelerdeki k\u00f6yleri sistematik olarak y\u0131kmaya, patlay\u0131c\u0131lar, buldozerler ve top\u00e7u ate\u015fi kullanmaya devam etmi\u015ftir. Hizbullah, ba\u015flang\u0131\u00e7ta roket at\u0131\u015flar\u0131n\u0131n buna bir yan\u0131t oldu\u011funu belirtmi\u015fti. \u0130srail Ba\u015fbakan\u0131 Netanyahu&#8217;nun d\u00fcnk\u00fc a\u00e7\u0131klamas\u0131nda, Hizbullah&#8217;\u0131n roketlerine L\u00fcbnan&#8217;\u0131n daha derinlerine ate\u015f a\u00e7arak yan\u0131t verdi\u011fini s\u00f6ylemesi, ate\u015fkesin sadece bir <strong>s\u00f6zde bar\u0131\u015f<\/strong> oldu\u011funu ve durumun daha da t\u0131rmanma e\u011filiminde oldu\u011funu g\u00f6stermektedir.<\/p>\n<h2>\n<p><strong>\u0130ran&#8217;da \u0130nternet K\u0131s\u0131tlamalar\u0131 ve D\u0131\u015f M\u00fcdahaleler<\/strong><\/p>\n<\/h2>\n<p>\u0130nternet g\u00f6zlemcisi NetBlocks, \u0130ran&#8217;daki neredeyse tamamen kesintinin &#8220;art\u0131k 58. g\u00fcn\u00fcnde, dokuzuncu haftas\u0131n\u0131 geride b\u0131rakarak 1368 saati a\u015ft\u0131\u011f\u0131n\u0131&#8221; bildirdi. K\u0131s\u0131tlamalar, Ocak ay\u0131 ba\u015flar\u0131nda yeniden ba\u015flayan h\u00fck\u00fcmet kar\u015f\u0131t\u0131 protestolar\u0131n ard\u0131ndan geldi ve \u015eubat ay\u0131 sonunda <strong>ABD-\u0130srail&#8217;in \u0130ran&#8217;a kar\u015f\u0131 ba\u015flatt\u0131\u011f\u0131 sava\u015f\u0131n<\/strong> ard\u0131ndan yo\u011funla\u015ft\u0131. A\u011f\u0131r k\u0131s\u0131tlamalar, \u00fclke genelinde i\u015fleri ve i\u015fletmeleri olumsuz etkilemektedir. Bu durum, d\u0131\u015f g\u00fc\u00e7lerin \u0130ran&#8217;\u0131n i\u00e7 istikrar\u0131n\u0131 hedef alan m\u00fcdahalelerinin bir par\u00e7as\u0131 olarak de\u011ferlendirilmektedir.<\/p>\n<h2>\n<p><strong>Ticari Gemilerin Al\u0131konulmas\u0131 ve Denizcilik \u00d6zg\u00fcrl\u00fc\u011f\u00fc<\/strong><\/p>\n<\/h2>\n<p>\u00d6nde gelen bir denizcilik \u00f6rg\u00fct\u00fc, Amerika Birle\u015fik Devletleri ve \u0130ran aras\u0131ndaki ticari gemilerin kar\u015f\u0131l\u0131kl\u0131 olarak ele ge\u00e7irilmesini k\u0131nayarak m\u00fcrettebat\u0131n derhal serbest b\u0131rak\u0131lmas\u0131 \u00e7a\u011fr\u0131s\u0131nda bulundu. Uluslararas\u0131 Denizcilik Odas\u0131 Deniz Direkt\u00f6r\u00fc John Stawpert, Al Jazeera&#8217;ye verdi\u011fi r\u00f6portajda, denizcilerin i\u015flerini &#8220;\u00f6zg\u00fcrce ve zul\u00fcm g\u00f6rmeden&#8221; yapmalar\u0131na izin verilmesi gerekti\u011fini s\u00f6yledi. \u00d6rg\u00fct\u00fc d\u00fcnya \u00e7ap\u0131ndaki ticari gemi sahipleri ve i\u015fletmecileri i\u00e7in en \u00fcst ticaret birli\u011fi olan Stawpert, gemilerin ele ge\u00e7irilmesini uluslararas\u0131 hukukta yer alan seyr\u00fcsefer \u00f6zg\u00fcrl\u00fc\u011f\u00fcne bir hakaret olarak nitelendirdi. Stawpert, &#8220;T\u00fcm bu insanlar ticaret yap\u0131yor. Ve ger\u00e7ekten de, gemilerin nihayetinde siyasi ama\u00e7lar i\u00e7in, siyasi bir noktay\u0131 kan\u0131tlamak i\u00e7in ele ge\u00e7irildi\u011fi bir duruma sahip olamay\u0131z&#8221; dedi. &#8220;Bunlar masum denizcilerdir ve esasen hapsedilme korkusu olmadan i\u015flerini yapmalar\u0131na izin verilmelidir.&#8221; Bu olaylar, <strong>b\u00f6lgesel gerilimlerin k\u00fcresel ticareti ve masum insanlar\u0131 nas\u0131l etkiledi\u011finin<\/strong> ac\u0131 bir g\u00f6stergesidir.<\/p>\n<h2>\n<p><strong>Gazeteci \u015eehitleri ve Hesap Verebilirlik \u00c7a\u011fr\u0131s\u0131<\/strong><\/p>\n<\/h2>\n<p>Amal Khalil, 10 g\u00fcnl\u00fck ate\u015fkes s\u0131ras\u0131nda g\u00fcney L\u00fcbnan&#8217;daki bir \u0130srail hava sald\u0131r\u0131s\u0131n\u0131 bildirirken \u015fehit edildi. Bu y\u0131l L\u00fcbnan&#8217;da \u00f6ld\u00fcr\u00fclen dokuzuncu gazeteci oldu. L\u00fcbnan onu yas tutarken ve ate\u015fkesin uzat\u0131lmas\u0131na ili\u015fkin g\u00f6r\u00fc\u015fmeler devam ederken, Al Jazeera&#8217;nin The Take program\u0131, onun \u00f6l\u00fcm\u00fcn\u00fcn hesap verebilirlik beklentileri hakk\u0131nda ne s\u00f6yledi\u011fini inceledi. Bu t\u00fcr sald\u0131r\u0131lar, <strong>\u0130srail&#8217;in ger\u00e7e\u011fi susturma \u00e7abalar\u0131n\u0131n<\/strong> ve uluslararas\u0131 hukuku hi\u00e7e sayan eylemlerinin bir par\u00e7as\u0131d\u0131r. Gazetecilerin hedef al\u0131nmas\u0131, sava\u015f su\u00e7udur ve uluslararas\u0131 toplum taraf\u0131ndan \u015fiddetle k\u0131nanmal\u0131d\u0131r.<\/p>\n<p>#\u0130ranDiplomasisi #Kud\u00fcsDireni\u015fi #\u0130srailSald\u0131rganl\u0131\u011f\u0131 #L\u00fcbnan #H\u00fcrm\u00fczBo\u011faz\u0131 #FilistinDavas\u0131 #ABD\u0130srailSava\u015f\u0131 #Medya\u015eehitleri #B\u00f6lgeselGerilim #\u0130ranG\u00fcc\u00fc<\/p>\n","protected":false},"excerpt":{"rendered":"<p>Bu video, g\u00f6rsel hassasiyetleri olan ki\u015filerde n\u00f6betleri tetikleyebilecek veya rahats\u0131zl\u0131\u011fa neden olabilecek \u0131\u015f\u0131k desenleri veya g\u00f6r\u00fcnt\u00fcler i\u00e7erebilir. \u0130ran&#8217;dan Ku\u015fatma Alt\u0131nda M\u00fczakere Yok Mesaj\u0131: D\u0131\u015fi\u015fleri Bakan\u0131 Pakistan&#8217;da \u00d6nemli G\u00f6r\u00fc\u015fmeler Yapacak Geli\u015fmeleri yak\u0131ndan takip edenler i\u00e7in son durumu \u00f6zetleyelim: \u0130ran&#8217;\u0131n \u00fcst d\u00fczey diplomat\u0131 Abbas Araghchi, b\u00f6lgesel geli\u015fmeleri ve ABD-\u0130srail sava\u015f\u0131n\u0131n kal\u0131c\u0131 olarak sona erdirilmesi \u00e7abalar\u0131n\u0131 g\u00f6r\u00fc\u015fmek \u00fczere [&hellip;]<\/p>\n","protected":false},"author":2,"featured_media":9980,"comment_status":"open","ping_status":"open","sticky":false,"template":"","format":"standard","meta":{"footnotes":""},"categories":[37],"tags":[],"class_list":["post-9979","post","type-post","status-publish","format-standard","has-post-thumbnail","hentry","category-orta-dogu-haberleri"],"_links":{"self":[{"href":"https:\/\/fajr.news\/index.php?rest_route=\/wp\/v2\/posts\/9979","targetHints":{"allow":["GET"]}}],"collection":[{"href":"https:\/\/fajr.news\/index.php?rest_route=\/wp\/v2\/posts"}],"about":[{"href":"https:\/\/fajr.news\/index.php?rest_route=\/wp\/v2\/types\/post"}],"author":[{"embeddable":true,"href":"https:\/\/fajr.news\/index.php?rest_route=\/wp\/v2\/users\/2"}],"replies":[{"embeddable":true,"href":"https:\/\/fajr.news\/index.php?rest_route=%2Fwp%2Fv2%2Fcomments&post=9979"}],"version-history":[{"count":0,"href":"https:\/\/fajr.news\/index.php?rest_route=\/wp\/v2\/posts\/9979\/revisions"}],"wp:featuredmedia":[{"embeddable":true,"href":"https:\/\/fajr.news\/index.php?rest_route=\/wp\/v2\/media\/9980"}],"wp:attachment":[{"href":"https:\/\/fajr.news\/index.php?rest_route=%2Fwp%2Fv2%2Fmedia&parent=9979"}],"wp:term":[{"taxonomy":"category","embeddable":true,"href":"https:\/\/fajr.news\/index.php?rest_route=%2Fwp%2Fv2%2Fcategories&post=9979"},{"taxonomy":"post_tag","embeddable":true,"href":"https:\/\/fajr.news\/index.php?rest_route=%2Fwp%2Fv2%2Ftags&post=9979"}],"curies":[{"name":"wp","href":"https:\/\/api.w.org\/{rel}","templated":true}]}}