{"id":9963,"date":"2026-04-26T22:14:05","date_gmt":"2026-04-26T18:44:05","guid":{"rendered":"https:\/\/fajr.news\/?p=9963"},"modified":"2026-04-26T22:14:05","modified_gmt":"2026-04-26T18:44:05","slug":"abd-elcileri-steve-witkoff-ve-jared-kushner-iran-gorusmeleri-icin-pakistana-gidiyor","status":"publish","type":"post","link":"https:\/\/fajr.news\/?p=9963&lang=tr","title":{"rendered":"ABD El\u00e7ileri Steve Witkoff ve Jared Kushner, \u0130ran G\u00f6r\u00fc\u015fmeleri \u0130\u00e7in Pakistan&#8217;a Gidiyor"},"content":{"rendered":"<p>Beyaz Saray&#8217;dan yap\u0131lan a\u00e7\u0131klamaya g\u00f6re, ABD \u00f6zel el\u00e7ileri Steve Witkoff ve Donald Trump&#8217;\u0131n damad\u0131 Jared Kushner, \u0130ran ile yap\u0131lacak g\u00f6r\u00fc\u015fmeler i\u00e7in Pakistan&#8217;a hareket ediyor. \u0130ran D\u0131\u015fi\u015fleri Bakan\u0131 Abbas Araghchi&#8217;nin halihaz\u0131rda \u0130slamabad&#8217;da oldu\u011fu belirtilirken, \u0130ran devlet medyas\u0131 Araghchi&#8217;nin ziyareti s\u0131ras\u0131nda ABD ile do\u011frudan bir m\u00fczakere planlanmad\u0131\u011f\u0131n\u0131 duyurdu. \u0130ranl\u0131 yetkililer, Araghchi&#8217;nin Pakistan ile ikili meselelere odaklanaca\u011f\u0131n\u0131 bildirdi.<\/p>\n<p>\u0130ran devlet yay\u0131nc\u0131s\u0131, \u0130slamabad&#8217;\u0131n &#8220;\u00e7at\u0131\u015fmay\u0131 sona erdirme konusundaki \u0130ran&#8217;\u0131n g\u00f6r\u00fc\u015flerini iletmek&#8221; i\u00e7in bir &#8220;k\u00f6pr\u00fc&#8221; g\u00f6revi g\u00f6rebilece\u011fini ifade etti. ABD Ba\u015fkan\u0131 Trump, Reuters haber ajans\u0131na yapt\u0131\u011f\u0131 a\u00e7\u0131klamada, \u0130ran&#8217;\u0131n &#8220;bir teklif sundu\u011funu ve bunu de\u011ferlendireceklerini&#8221; belirtti. Ancak, \u0130ran D\u0131\u015fi\u015fleri Bakanl\u0131\u011f\u0131 s\u00f6zc\u00fcs\u00fc X platformu \u00fczerinden yapt\u0131\u011f\u0131 a\u00e7\u0131klamada, &#8220;\u0130ran ile ABD aras\u0131nda bir toplant\u0131 planlanmad\u0131\u011f\u0131n\u0131&#8221; do\u011frulayarak, \u0130ran&#8217;\u0131n g\u00f6zlemlerinin &#8220;Pakistan&#8217;a iletilece\u011fini&#8221; ekledi.<\/p>\n<p>ABD Hazine Bakanl\u0131\u011f\u0131, \u0130ran&#8217;\u0131n petrol ihracat\u0131na destek sa\u011flad\u0131\u011f\u0131n\u0131 iddia etti\u011fi \u00c7inli bir rafineri ve yakla\u015f\u0131k 40 di\u011fer hedef hakk\u0131nda yapt\u0131r\u0131m karar\u0131 ald\u0131. Uluslararas\u0131 Enerji Ajans\u0131 (IEA), \u0130ran&#8217;daki \u00e7at\u0131\u015fman\u0131n enerji piyasalar\u0131n\u0131 k\u0131sa vadeli etkilerin \u00f6tesinde olumsuz etkilemeye devam edece\u011fini \u00f6ng\u00f6rd\u00fc.<\/p>\n<p>\u0130svi\u00e7re, ABD&#8217;nin \u0130ran&#8217;daki \u00e7\u0131karlar\u0131n\u0131 temsil eden Tahran B\u00fcy\u00fckel\u00e7ili\u011fi&#8217;ni kademeli olarak yeniden a\u00e7\u0131yor. Beyaz Saray, Ba\u015fkan Yard\u0131mc\u0131s\u0131 JD Vance&#8217;in ilerleme kaydedilmesi halinde \u0130slamabad&#8217;a gitmek \u00fczere &#8220;beklemede&#8221; oldu\u011funu ancak \u0130ran&#8217;\u0131n olas\u0131 teklifine dair detay verilmedi\u011fini bildirdi.<\/p>\n<p>Jared Kushner, Trump&#8217;\u0131n ilk d\u00f6neminde k\u0131demli dan\u0131\u015fmanl\u0131k yapm\u0131\u015f, Steve Witkoff ise Trump&#8217;\u0131n ikinci d\u00f6neminde Ortado\u011fu \u00f6zel el\u00e7isi olarak atanm\u0131\u015ft\u0131r. Rusya, Pakistan&#8217;\u0131n \u0130ran \u00e7at\u0131\u015fmas\u0131ndaki arabuluculuk rol\u00fcn\u00fc takdir etti\u011fini belirtti. ABC News&#8217;e g\u00f6re, ABD ve \u0130ran heyetleri bu hafta sonu Pakistanl\u0131 yetkililerle ayr\u0131 ayr\u0131 g\u00f6r\u00fc\u015fecek ve olumlu geli\u015fmeler olursa Pazar g\u00fcn\u00fc do\u011frudan bir araya gelebilecekler.<\/p>\n<p>L\u00fcbnan Cumhurba\u015fkan\u0131 Joseph Aoun, \u00fclkesinin istikrar\u0131n\u0131n b\u00f6lgesel yans\u0131malar\u0131 oldu\u011funu vurgulad\u0131. \u0130srail Ba\u015fbakan\u0131 Binyamin Netanyahu ise \u0130srail ile L\u00fcbnan aras\u0131nda bir bar\u0131\u015f s\u00fcrecinin ba\u015flad\u0131\u011f\u0131n\u0131 ancak Hizbullah&#8217;\u0131n bunu engellemeye \u00e7al\u0131\u015ft\u0131\u011f\u0131n\u0131 iddia etti.<\/p>\n<p>Beyaz Saray Bas\u0131n Sekreteri Karoline Leavitt, ABD&#8217;nin son g\u00fcnlerde &#8220;\u0130ran taraf\u0131ndan belirli bir ilerleme g\u00f6rd\u00fc\u011f\u00fcn\u00fc&#8221; ve \u0130ranl\u0131lar\u0131n &#8220;\u015fahsen konu\u015fmak istedi\u011fini&#8221; ifade etti. Leavitt, Ba\u015fkan Trump&#8217;\u0131n her zaman diplomasiye bir \u015fans vermeye istekli oldu\u011funu da s\u00f6zlerine ekledi.<\/p>\n<p>#\u0130ranABDG\u00f6r\u00fc\u015fmeleri #PakistanArabuluculuk #Ortado\u011fuDiplomasisi #SteveWitkoff #JaredKushner #AbbasAraghchi #ABD\u0130ranYapt\u0131r\u0131mlar\u0131 #EnerjiPiyasalar\u0131 #K\u00fcreselSiyaset #Bar\u0131\u015fG\u00f6r\u00fc\u015fmeleri<\/p>\n","protected":false},"excerpt":{"rendered":"<p>Beyaz Saray&#8217;dan yap\u0131lan a\u00e7\u0131klamaya g\u00f6re, ABD \u00f6zel el\u00e7ileri Steve Witkoff ve Donald Trump&#8217;\u0131n damad\u0131 Jared Kushner, \u0130ran ile yap\u0131lacak g\u00f6r\u00fc\u015fmeler i\u00e7in Pakistan&#8217;a hareket ediyor. \u0130ran D\u0131\u015fi\u015fleri Bakan\u0131 Abbas Araghchi&#8217;nin halihaz\u0131rda \u0130slamabad&#8217;da oldu\u011fu belirtilirken, \u0130ran devlet medyas\u0131 Araghchi&#8217;nin ziyareti s\u0131ras\u0131nda ABD ile do\u011frudan bir m\u00fczakere planlanmad\u0131\u011f\u0131n\u0131 duyurdu. \u0130ranl\u0131 yetkililer, Araghchi&#8217;nin Pakistan ile ikili meselelere odaklanaca\u011f\u0131n\u0131 bildirdi. [&hellip;]<\/p>\n","protected":false},"author":2,"featured_media":9964,"comment_status":"open","ping_status":"open","sticky":false,"template":"","format":"standard","meta":{"footnotes":""},"categories":[37],"tags":[],"class_list":["post-9963","post","type-post","status-publish","format-standard","has-post-thumbnail","hentry","category-orta-dogu-haberleri"],"_links":{"self":[{"href":"https:\/\/fajr.news\/index.php?rest_route=\/wp\/v2\/posts\/9963","targetHints":{"allow":["GET"]}}],"collection":[{"href":"https:\/\/fajr.news\/index.php?rest_route=\/wp\/v2\/posts"}],"about":[{"href":"https:\/\/fajr.news\/index.php?rest_route=\/wp\/v2\/types\/post"}],"author":[{"embeddable":true,"href":"https:\/\/fajr.news\/index.php?rest_route=\/wp\/v2\/users\/2"}],"replies":[{"embeddable":true,"href":"https:\/\/fajr.news\/index.php?rest_route=%2Fwp%2Fv2%2Fcomments&post=9963"}],"version-history":[{"count":0,"href":"https:\/\/fajr.news\/index.php?rest_route=\/wp\/v2\/posts\/9963\/revisions"}],"wp:featuredmedia":[{"embeddable":true,"href":"https:\/\/fajr.news\/index.php?rest_route=\/wp\/v2\/media\/9964"}],"wp:attachment":[{"href":"https:\/\/fajr.news\/index.php?rest_route=%2Fwp%2Fv2%2Fmedia&parent=9963"}],"wp:term":[{"taxonomy":"category","embeddable":true,"href":"https:\/\/fajr.news\/index.php?rest_route=%2Fwp%2Fv2%2Fcategories&post=9963"},{"taxonomy":"post_tag","embeddable":true,"href":"https:\/\/fajr.news\/index.php?rest_route=%2Fwp%2Fv2%2Ftags&post=9963"}],"curies":[{"name":"wp","href":"https:\/\/api.w.org\/{rel}","templated":true}]}}