{"id":9947,"date":"2026-04-26T21:59:31","date_gmt":"2026-04-26T18:29:31","guid":{"rendered":"https:\/\/fajr.news\/?p=9947"},"modified":"2026-04-26T21:59:31","modified_gmt":"2026-04-26T18:29:31","slug":"netanyahudan-lubnana-yonelik-siddetli-saldiri-emri-ateskes-ihlali-ve-sivil-katliamlar-devam-ediyor","status":"publish","type":"post","link":"https:\/\/fajr.news\/?p=9947&lang=tr","title":{"rendered":"Netanyahu&#8217;dan L\u00fcbnan&#8217;a Y\u00f6nelik \u015eiddetli Sald\u0131r\u0131 Emri: Ate\u015fkes \u0130hlali ve Sivil Katliamlar Devam Ediyor"},"content":{"rendered":"<h1>Netanyahu&#8217;dan L\u00fcbnan&#8217;a Y\u00f6nelik \u015eiddetli Sald\u0131r\u0131 Emri: Ate\u015fkes \u0130hlali ve Sivil Katliamlar Devam Ediyor<\/h1>\n<p>Siyonist rejimin Ba\u015fbakan\u0131 Binyamin Netanyahu, \u00fc\u00e7 hafta uzat\u0131lan ate\u015fkesin \u00fczerinden sadece iki g\u00fcn ge\u00e7mesine ra\u011fmen, i\u015fgalci ordusuna L\u00fcbnan&#8217;daki <strong>Hizbullah hedeflerine &#8220;\u015fiddetle sald\u0131rma&#8221;<\/strong> emri verdi. Bu emir, b\u00f6lgedeki gerilimi t\u0131rmand\u0131rarak k\u0131r\u0131lgan ate\u015fkes anla\u015fmas\u0131n\u0131 bir kez daha hi\u00e7e sayd\u0131.<\/p>\n<h2>\u0130\u015fgalci \u0130srail&#8217;den Sivil Katliamlar ve Ate\u015fkes \u0130hlalleri<\/h2>\n<p>Netanyahu&#8217;nun talimat\u0131n\u0131n ard\u0131ndan, i\u015fgalci \u0130srail g\u00fc\u00e7leri L\u00fcbnan&#8217;\u0131n g\u00fcneyine y\u00f6nelik yeni sald\u0131r\u0131lar ba\u015flatt\u0131. Cumartesi g\u00fcn\u00fc g\u00fcney L\u00fcbnan&#8217;a d\u00fczenlenen sald\u0131r\u0131larda en az alt\u0131 masum sivil hayat\u0131n\u0131 kaybetti. Bu sald\u0131r\u0131lar, iki taraf aras\u0131ndaki s\u0131n\u0131r \u00f6tesi \u00e7at\u0131\u015fmalar\u0131 yeniden alevlendirerek ate\u015fkesin ne kadar k\u0131r\u0131lgan oldu\u011funu g\u00f6zler \u00f6n\u00fcne serdi.<\/p>\n<p>Washington&#8217;da \u00fclkelerin temsilcileri aras\u0131nda yap\u0131lan g\u00f6r\u00fc\u015fmelerin ard\u0131ndan Per\u015fembe g\u00fcn\u00fc uzat\u0131lan ate\u015fkes anla\u015fmas\u0131, tam bir duru\u015f yerine sadece \u00e7at\u0131\u015fmalarda bir azalma sa\u011flam\u0131\u015ft\u0131. Ancak i\u015fgalci \u0130srail, bu anla\u015fmay\u0131 da ihlal etmekten \u00e7ekinmedi.<\/p>\n<h3>Gazeteciler Hedef Al\u0131nd\u0131: Uluslararas\u0131 K\u0131nama<\/h3>\n<p>Cumartesi g\u00fcn\u00fc erken saatlerde, i\u015fgalci \u0130srail&#8217;in Nabatiye b\u00f6lgesindeki Yohmor e\u015f-\u015eakif kasabas\u0131nda bir kamyon ve motosiklete d\u00fczenledi\u011fi sald\u0131r\u0131larda, L\u00fcbnan Sa\u011fl\u0131k Bakanl\u0131\u011f\u0131&#8217;na g\u00f6re d\u00f6rt ki\u015fi ya\u015fam\u0131n\u0131 yitirdi. Bint Cbeyl b\u00f6lgesindeki Safad el-Battih kasabas\u0131na d\u00fczenlenen sald\u0131r\u0131da ise iki ki\u015fi daha \u00f6ld\u00fc ve 17 ki\u015fi yaraland\u0131. \u0130\u015fgalci \u0130srail, bu sald\u0131r\u0131larda kendi belirledi\u011fi tampon b\u00f6lgede bulunan ve &#8220;IDF askerleri i\u00e7in tehdit olu\u015fturan&#8221; iki silahl\u0131 grup \u00fcyesinin de Litani b\u00f6lgesinde \u00f6ld\u00fcr\u00fcld\u00fc\u011f\u00fcn\u00fc iddia etti.<\/p>\n<p>\u0130\u015fgalci \u0130srail ordusu daha sonra Malkiya b\u00f6lgesinde &#8220;\u015f\u00fcpheli bir hava hedefi tespit edildi\u011fini&#8221; iddia ederek bu olay\u0131n &#8220;ate\u015fkesin ek bir ihlali oldu\u011funu&#8221; belirtti. Ancak bu a\u00e7\u0131klamalar, sivil kay\u0131plar\u0131n ve gazetecilere y\u00f6nelik sald\u0131r\u0131lar\u0131n g\u00f6lgesinde kald\u0131.<\/p>\n<p>Hizbullah ise, Yohmor e\u015f-\u015eakif&#8217;e d\u00fczenlenen sald\u0131r\u0131ya misilleme olarak g\u00fcney L\u00fcbnan&#8217;da bir \u0130srail ordusu arac\u0131n\u0131 hedef ald\u0131\u011f\u0131n\u0131 duyurdu.<\/p>\n<h2>Uluslararas\u0131 Bas\u0131n \u00d6zg\u00fcrl\u00fc\u011f\u00fc Gruplar\u0131ndan Tepki<\/h2>\n<p>Netanyahu&#8217;nun sald\u0131r\u0131 emrinin ard\u0131ndan, L\u00fcbnan&#8217;\u0131n devlet haber ajans\u0131 NNA, Bint Cbeyl b\u00f6lgesinde bir kasabaya, Sur b\u00f6lgesinde ba\u015fka bir kasabaya ve Nabatiye b\u00f6lgesinde iki kasabaya art arda sald\u0131r\u0131lar d\u00fczenlendi\u011fini bildirdi. \u0130\u015fgalci \u0130srail ordusu, &#8220;g\u00fcney L\u00fcbnan genelinde askeri ama\u00e7larla kullan\u0131lan Hizbullah ter\u00f6r altyap\u0131s\u0131n\u0131 vurdu\u011funu&#8221; iddia etti. Ayr\u0131ca, &#8220;\u0130srail sivillerine ve IDF askerlerine y\u00f6nelik tehditlere kar\u015f\u0131 siyasi kademeden gelen direktifler do\u011frultusunda kararl\u0131 bir \u015fekilde hareket etmeye devam edece\u011fini&#8221; belirtti.<\/p>\n<p>\u0130\u015fgalci \u0130srail, g\u00fcney L\u00fcbnan&#8217;\u0131n b\u00fcy\u00fck bir k\u0131sm\u0131n\u0131 i\u015fgal etmeye devam etmekte ve burada geni\u015f \u00e7apl\u0131 y\u0131k\u0131mlar ger\u00e7ekle\u015ftirmektedir. Uluslararas\u0131 bir bas\u0131n \u00f6zg\u00fcrl\u00fc\u011f\u00fc grubu Cumartesi g\u00fcn\u00fc yapt\u0131\u011f\u0131 a\u00e7\u0131klamada, \u00c7ar\u015famba g\u00fcn\u00fc \u0130srail sald\u0131r\u0131lar\u0131nda bir gazetecinin de \u00f6ld\u00fcr\u00fclmesinin ard\u0131ndan L\u00fcbnan&#8217;daki gazetecilere y\u00f6nelik sald\u0131r\u0131lar\u0131n <strong>&#8220;kabul edilemez&#8221;<\/strong> oldu\u011funu belirtti.<\/p>\n<p>Birle\u015fik Krall\u0131k&#8217;\u0131n da aralar\u0131nda bulundu\u011fu \u00fclkelerin ortakl\u0131\u011f\u0131 olan Medya \u00d6zg\u00fcrl\u00fc\u011f\u00fc Koalisyonu (MFC), t\u00fcm taraflar\u0131 medya mensuplar\u0131n\u0131n \u00f6zg\u00fcrce ve g\u00fcvenli bir \u015fekilde \u00e7al\u0131\u015fmas\u0131na izin vermeye \u00e7a\u011f\u0131rd\u0131. E\u015f ba\u015fkanlardan yap\u0131lan a\u00e7\u0131klamada: <strong>&#8220;Birle\u015fik Krall\u0131k ve Finlandiya, gazetecilere ve medya \u00e7al\u0131\u015fanlar\u0131na y\u00f6nelik t\u00fcm \u015fiddeti \u015fiddetle k\u0131n\u0131yor.&#8221;<\/strong> denildi.<\/p>\n<p>\u0130\u015fgalci \u0130srail&#8217;in d\u00fczenledi\u011fi bir sald\u0131r\u0131da L\u00fcbnan gazetesinde \u00e7al\u0131\u015fan Amal Halil hayat\u0131n\u0131 kaybederken, serbest foto\u011fraf\u00e7\u0131 Zeyneb Ferac yaraland\u0131. L\u00fcbnanl\u0131 yetkililer, ilk hava sald\u0131r\u0131s\u0131n\u0131n \u00f6nlerindeki araca isabet etmesi ve iki ki\u015finin \u00f6l\u00fcm\u00fcne neden olmas\u0131n\u0131n ard\u0131ndan bir eve s\u0131\u011f\u0131nmaya \u00e7al\u0131\u015f\u0131rken kas\u0131tl\u0131 olarak hedef al\u0131nd\u0131klar\u0131n\u0131 belirtiyor. \u0130\u015fgalci \u0130srail ordusu ise gazetecileri hedef almad\u0131\u011f\u0131n\u0131 iddia etti.<\/p>\n<p>#Netanyahu #Hizbullah #L\u00fcbnan #\u0130srailSald\u0131r\u0131lar\u0131 #Ate\u015fkes\u0130hlali #SivilKatliam #GazetecilereSald\u0131r\u0131 #Ortado\u011fuGerilimi #Direni\u015fEksenineSald\u0131r\u0131 #SiyonistRejim<\/p>\n","protected":false},"excerpt":{"rendered":"<p>Netanyahu&#8217;dan L\u00fcbnan&#8217;a Y\u00f6nelik \u015eiddetli Sald\u0131r\u0131 Emri: Ate\u015fkes \u0130hlali ve Sivil Katliamlar Devam Ediyor Siyonist rejimin Ba\u015fbakan\u0131 Binyamin Netanyahu, \u00fc\u00e7 hafta uzat\u0131lan ate\u015fkesin \u00fczerinden sadece iki g\u00fcn ge\u00e7mesine ra\u011fmen, i\u015fgalci ordusuna L\u00fcbnan&#8217;daki Hizbullah hedeflerine &#8220;\u015fiddetle sald\u0131rma&#8221; emri verdi. Bu emir, b\u00f6lgedeki gerilimi t\u0131rmand\u0131rarak k\u0131r\u0131lgan ate\u015fkes anla\u015fmas\u0131n\u0131 bir kez daha hi\u00e7e sayd\u0131. \u0130\u015fgalci \u0130srail&#8217;den Sivil Katliamlar ve [&hellip;]<\/p>\n","protected":false},"author":2,"featured_media":9948,"comment_status":"open","ping_status":"open","sticky":false,"template":"","format":"standard","meta":{"footnotes":""},"categories":[37],"tags":[],"class_list":["post-9947","post","type-post","status-publish","format-standard","has-post-thumbnail","hentry","category-orta-dogu-haberleri"],"_links":{"self":[{"href":"https:\/\/fajr.news\/index.php?rest_route=\/wp\/v2\/posts\/9947","targetHints":{"allow":["GET"]}}],"collection":[{"href":"https:\/\/fajr.news\/index.php?rest_route=\/wp\/v2\/posts"}],"about":[{"href":"https:\/\/fajr.news\/index.php?rest_route=\/wp\/v2\/types\/post"}],"author":[{"embeddable":true,"href":"https:\/\/fajr.news\/index.php?rest_route=\/wp\/v2\/users\/2"}],"replies":[{"embeddable":true,"href":"https:\/\/fajr.news\/index.php?rest_route=%2Fwp%2Fv2%2Fcomments&post=9947"}],"version-history":[{"count":0,"href":"https:\/\/fajr.news\/index.php?rest_route=\/wp\/v2\/posts\/9947\/revisions"}],"wp:featuredmedia":[{"embeddable":true,"href":"https:\/\/fajr.news\/index.php?rest_route=\/wp\/v2\/media\/9948"}],"wp:attachment":[{"href":"https:\/\/fajr.news\/index.php?rest_route=%2Fwp%2Fv2%2Fmedia&parent=9947"}],"wp:term":[{"taxonomy":"category","embeddable":true,"href":"https:\/\/fajr.news\/index.php?rest_route=%2Fwp%2Fv2%2Fcategories&post=9947"},{"taxonomy":"post_tag","embeddable":true,"href":"https:\/\/fajr.news\/index.php?rest_route=%2Fwp%2Fv2%2Ftags&post=9947"}],"curies":[{"name":"wp","href":"https:\/\/api.w.org\/{rel}","templated":true}]}}