{"id":9931,"date":"2026-04-26T21:35:46","date_gmt":"2026-04-26T18:05:46","guid":{"rendered":"https:\/\/fajr.news\/?p=9931"},"modified":"2026-04-26T21:35:46","modified_gmt":"2026-04-26T18:05:46","slug":"iran-savasinin-petrol-soku-turkiyedeki-iklim-muzakerelerine-yeni-bir-bakis-acisi-getiriyor-enerji-bagimsizligi-vurgusu","status":"publish","type":"post","link":"https:\/\/fajr.news\/?p=9931&lang=tr","title":{"rendered":"\u0130ran Sava\u015f\u0131&#8217;n\u0131n Petrol \u015eoku, T\u00fcrkiye&#8217;deki \u0130klim M\u00fczakerelerine Yeni Bir Bak\u0131\u015f A\u00e7\u0131s\u0131 Getiriyor: Enerji Ba\u011f\u0131ms\u0131zl\u0131\u011f\u0131 Vurgusu"},"content":{"rendered":"<h1>\u0130ran Sava\u015f\u0131&#8217;n\u0131n Petrol \u015eoku, T\u00fcrkiye&#8217;deki \u0130klim M\u00fczakerelerine Yeni Bir Bak\u0131\u015f A\u00e7\u0131s\u0131 Getiriyor: Enerji Ba\u011f\u0131ms\u0131zl\u0131\u011f\u0131 Vurgusu<\/h1>\n<p>\u0130ran&#8217;da ya\u015fanan geli\u015fmelerin k\u00fcresel enerji piyasalar\u0131nda yaratt\u0131\u011f\u0131 \u015fok, \u00fclkeleri kendi i\u00e7 enerji kaynaklar\u0131na y\u00f6nelmeye ve <strong>enerji ba\u011f\u0131ms\u0131zl\u0131\u011f\u0131n\u0131<\/strong> g\u00fc\u00e7lendirmeye itiyor. Bu durum, Birle\u015fmi\u015f Milletler&#8217;in bir sonraki iklim zirvesi olan COP31&#8217;de temiz enerji \u00fcretimi konusunda ilerleme kaydedilmesi i\u00e7in \u00f6nemli bir f\u0131rsat sunuyor.<\/p>\n<h2>K\u00fcresel Fosil Yak\u0131t Krizi ve Ba\u011f\u0131ml\u0131l\u0131\u011f\u0131n Bedeli<\/h2>\n<p>Kas\u0131m ay\u0131nda T\u00fcrkiye&#8217;de d\u00fczenlenecek olan COP31 konferans\u0131n\u0131n yeni m\u00fczakere ba\u015fkan\u0131 ve Avustralya \u0130klim De\u011fi\u015fikli\u011fi Bakan\u0131 Chris Bowen, enerji piyasas\u0131ndaki bu bozulman\u0131n 2022&#8217;deki Rusya-Ukrayna \u00e7at\u0131\u015fmas\u0131n\u0131n ard\u0131ndan d\u00f6rt y\u0131l i\u00e7inde ya\u015fanan ikinci k\u00fcresel <strong>fosil yak\u0131t krizi<\/strong> olarak g\u00f6r\u00fclmesi gerekti\u011fini belirtti. Bowen, bu krizin \u00f6zellikle Asya&#8217;da ciddi etkiler yaratt\u0131\u011f\u0131n\u0131 vurgulad\u0131.<\/p>\n<p>Ancak Bowen, Asyal\u0131 liderlerin ve bakanlar\u0131n \u00f6zel toplant\u0131larda, s\u0131v\u0131 yak\u0131t tedarikindeki bu dalgalanman\u0131n k\u0131sa vadeli ihtiya\u00e7lar\u0131n kar\u015f\u0131lanmas\u0131 ve ithal petrole olan ba\u011f\u0131ml\u0131l\u0131\u011f\u0131n azalt\u0131lmas\u0131 i\u00e7in <strong>yenilenebilir enerjiye<\/strong> ve elektrifikasyona ge\u00e7i\u015fin gereklili\u011fini ortaya koydu\u011funu ifade etti. Bowen, bu krizin kimsenin &#8216;fosil yak\u0131tlara daha fazla ba\u011f\u0131ml\u0131 olmal\u0131y\u0131z&#8217; demesine neden olmad\u0131\u011f\u0131n\u0131, aksine <strong>g\u00fcvenilirlik ve enerji egemenli\u011fine<\/strong> vurgu yapma konusunda ger\u00e7ek bir istek oldu\u011funu belirtti. Bu durumun COP31 i\u00e7in daha fazla f\u0131rsat yaratabilece\u011fini ekledi.<\/p>\n<h2>Uluslararas\u0131 Enerji Ajans\u0131&#8217;ndan Destek ve \u0130kiy\u00fczl\u00fcl\u00fck Ele\u015ftirileri<\/h2>\n<p>Bowen&#8217;\u0131n yorumlar\u0131, Uluslararas\u0131 Enerji Ajans\u0131 (IEA) Ba\u015fkan\u0131 Fatih Birol&#8217;un a\u00e7\u0131klamalar\u0131yla da \u00f6rt\u00fc\u015f\u00fcyor. Birol, sava\u015f\u0131n \u00fclkeleri enerji tedariklerini g\u00fcvence alt\u0131na almak i\u00e7in petrolden uzakla\u015ft\u0131rd\u0131\u011f\u0131n\u0131 ve fosil yak\u0131t end\u00fcstrisini sonsuza dek de\u011fi\u015ftirece\u011fini savunmu\u015ftu.<\/p>\n<p>Bu geli\u015fmeler, iklim kriziyle m\u00fccadelede kolektif eylemi h\u0131zland\u0131rmak amac\u0131yla d\u00fczenlenen iki ayr\u0131 uluslararas\u0131 toplant\u0131yla e\u015f zamanl\u0131 olarak ya\u015fand\u0131: Almanya h\u00fck\u00fcmetinin ev sahipli\u011fi yapt\u0131\u011f\u0131 y\u0131ll\u0131k Petersberg iklim diyalo\u011fu ve Kolombiya&#8217;n\u0131n Santa Marta kentinde ba\u015flayan fosil yak\u0131tlardan uzakla\u015fmaya y\u00f6nelik ilk uluslararas\u0131 konferans. Kolombiya ve Hollanda&#8217;n\u0131n ev sahipli\u011fi yapt\u0131\u011f\u0131 Santa Marta etkinli\u011fi, Suudi Arabistan ve Rusya gibi baz\u0131 petrol devletlerinin Brezilya&#8217;daki COP30 zirvesinde fosil yak\u0131tlar\u0131n a\u015famal\u0131 olarak kald\u0131r\u0131lmas\u0131na y\u00f6nelik net bir a\u00e7\u0131klamaya kar\u015f\u0131 \u00e7\u0131kmas\u0131na bir yan\u0131t olarak duyuruldu. Bu durum, k\u00fcresel i\u015fbirli\u011finin \u00f6n\u00fcndeki engelleri ve \u00e7\u0131kar \u00e7at\u0131\u015fmalar\u0131n\u0131 bir kez daha g\u00f6zler \u00f6n\u00fcne serdi.<\/p>\n<p>Avustralya gibi \u00f6nde gelen k\u00f6m\u00fcr ve gaz ihracat\u00e7\u0131s\u0131 \u00fclkelerin, bir yandan rekor d\u00fczeyde g\u00fcne\u015f paneli ve batarya kurulumlar\u0131 yaparken, di\u011fer yandan yeni fosil yak\u0131t projelerini onaylamaya devam etmesi, Bat\u0131&#8217;n\u0131n iklim politikalar\u0131ndaki <strong>\u00e7eli\u015fkili tutumunu<\/strong> ortaya koyuyor. Avustralya, Kolombiya liderli\u011findeki fosil yak\u0131tlardan uzakla\u015fma deklarasyonunu desteklese de, bu ikiy\u00fczl\u00fc yakla\u015f\u0131m k\u00fcresel g\u00fcveni zedeliyor.<\/p>\n<h2>K\u00fcresel \u0130\u015fbirli\u011finin Zorluklar\u0131 ve T\u00fcrkiye&#8217;nin Rol\u00fc<\/h2>\n<p>En b\u00fcy\u00fck ulusal emisyon sal\u0131c\u0131lar\u0131 olan \u00c7in, ABD, Hindistan ve Rusya&#8217;n\u0131n bu toplant\u0131lara kat\u0131lmamas\u0131, k\u00fcresel iklim eylemindeki b\u00f6l\u00fcnm\u00fc\u015fl\u00fc\u011f\u00fc ve baz\u0131 b\u00fcy\u00fck g\u00fc\u00e7lerin sorumluluktan ka\u00e7\u0131nma e\u011filimini g\u00f6steriyor. Donald Trump y\u00f6netimindeki ABD&#8217;nin BM iklim zirvelerinden \u00e7ekilmesi de bu tabloyu peki\u015ftiriyor.<\/p>\n<p>Yirmi y\u0131l\u0131 a\u015fk\u0131n s\u00fcredir Bat\u0131 Sydney \u0130\u015f\u00e7i Partisi milletvekili olan Bowen, giderek kaotikle\u015fen ve sava\u015flarla y\u0131pranan bir d\u00fcnyada iklim m\u00fczakerelerinde uzla\u015f\u0131n\u0131n hala m\u00fcmk\u00fcn oldu\u011funa inand\u0131\u011f\u0131n\u0131 belirtti. Ancak Paris Anla\u015fmas\u0131&#8217;ndan bu yana kaydedilen ilerlemenin &#8216;art\u0131ml\u0131&#8217; oldu\u011funu ve b\u00fcy\u00fck ba\u015far\u0131lar yerine k\u00fc\u00e7\u00fck ad\u0131mlarla ilerlendi\u011fini ifade etmesi, mevcut uluslararas\u0131 sistemin etkinli\u011fini sorgulat\u0131yor.<\/p>\n<p>COP31, T\u00fcrkiye ve Avustralya&#8217;n\u0131n e\u015f ba\u015fkanl\u0131\u011f\u0131 alt\u0131nda y\u00fcr\u00fct\u00fclecek olmas\u0131yla ek bir zorlukla kar\u015f\u0131 kar\u015f\u0131ya. Uzun s\u00fcren bir anla\u015fmazl\u0131\u011f\u0131n ard\u0131ndan var\u0131lan uzla\u015fma ile T\u00fcrkiye, konferansa ve beraberindeki ye\u015fil ticaret fuar\u0131na ev sahipli\u011fi yaparken, Avustralya yakla\u015f\u0131k 200 \u00fclkeden delegeler aras\u0131ndaki resmi m\u00fczakerelere liderlik edecek. Bu durum, farkl\u0131 uluslararas\u0131 etki alanlar\u0131na sahip orta g\u00fc\u00e7ler aras\u0131nda &#8216;yenilik\u00e7i&#8217; bir ev sahipli\u011fi modeline yol a\u00e7sa da, potansiyel g\u00f6r\u00fc\u015f ayr\u0131l\u0131klar\u0131n\u0131n nas\u0131l y\u00f6netilece\u011fi merak konusu.<\/p>\n<p>T\u00fcrkiye h\u00fck\u00fcmetinin \u015eubat ay\u0131nda yay\u0131nlad\u0131\u011f\u0131 taslak eylem g\u00fcndeminde <strong>fosil yak\u0131tlardan<\/strong> bahsedilmemesi ele\u015ftirilere yol a\u00e7sa da, T\u00fcrkiye \u0130klim De\u011fi\u015fikli\u011fi Bakan\u0131 ve COP31 Ba\u015fkan\u0131 Murat Kurum, Petersberg diyalo\u011funda yapt\u0131\u011f\u0131 konu\u015fmada bu konuya de\u011finerek, mevcut krizin &#8216;yaln\u0131zca fosil yak\u0131tlara g\u00fcvenmenin istikrars\u0131zl\u0131\u011fa, g\u00fcvensizli\u011fe ve iklim \u00e7\u00f6k\u00fc\u015f\u00fcne do\u011fru y\u00fcr\u00fcmek anlam\u0131na geldi\u011fini&#8217; belirtmi\u015ftir. Bu a\u00e7\u0131klama, T\u00fcrkiye&#8217;nin konuya olan hassasiyetini g\u00f6stermektedir.<\/p>\n<p>Bowen, Pasifik \u00fclkeleri i\u00e7in finansmana eri\u015fim, 1.5\u00b0C&#8217;lik \u0131s\u0131nma hedefini canl\u0131 tutma ve okyanuslar\u0131n korunmas\u0131n\u0131n \u00f6nemini vurgularken, T\u00fcrkiye ve Avustralya aras\u0131ndaki i\u015fbirli\u011finin &#8216;ihtiya\u00e7 duyulan \u00e7\u0131\u011f\u0131r a\u00e7\u0131c\u0131 COP&#8217;a&#8217; yol a\u00e7abilece\u011fi umudunu dile getirdi. Bu i\u015fbirli\u011fi, k\u00fcresel sorunlara kar\u015f\u0131 ortak bir duru\u015f sergileme potansiyeli ta\u015f\u0131maktad\u0131r.<\/p>\n<p>#\u0130klimM\u00fczakereleri #EnerjiBa\u011f\u0131ms\u0131zl\u0131\u011f\u0131 #FosilYak\u0131tlar #YenilenebilirEnerji #\u0130ranSava\u015f\u0131 #COP31 #K\u00fcreselIs\u0131nma #T\u00fcrkiye #EnerjiG\u00fcvenli\u011fi #\u0130klimKrizi<\/p>\n","protected":false},"excerpt":{"rendered":"<p>\u0130ran Sava\u015f\u0131&#8217;n\u0131n Petrol \u015eoku, T\u00fcrkiye&#8217;deki \u0130klim M\u00fczakerelerine Yeni Bir Bak\u0131\u015f A\u00e7\u0131s\u0131 Getiriyor: Enerji Ba\u011f\u0131ms\u0131zl\u0131\u011f\u0131 Vurgusu \u0130ran&#8217;da ya\u015fanan geli\u015fmelerin k\u00fcresel enerji piyasalar\u0131nda yaratt\u0131\u011f\u0131 \u015fok, \u00fclkeleri kendi i\u00e7 enerji kaynaklar\u0131na y\u00f6nelmeye ve enerji ba\u011f\u0131ms\u0131zl\u0131\u011f\u0131n\u0131 g\u00fc\u00e7lendirmeye itiyor. Bu durum, Birle\u015fmi\u015f Milletler&#8217;in bir sonraki iklim zirvesi olan COP31&#8217;de temiz enerji \u00fcretimi konusunda ilerleme kaydedilmesi i\u00e7in \u00f6nemli bir f\u0131rsat sunuyor. [&hellip;]<\/p>\n","protected":false},"author":2,"featured_media":9932,"comment_status":"open","ping_status":"open","sticky":false,"template":"","format":"standard","meta":{"footnotes":""},"categories":[31],"tags":[],"class_list":["post-9931","post","type-post","status-publish","format-standard","has-post-thumbnail","hentry","category-iran-haberleri"],"_links":{"self":[{"href":"https:\/\/fajr.news\/index.php?rest_route=\/wp\/v2\/posts\/9931","targetHints":{"allow":["GET"]}}],"collection":[{"href":"https:\/\/fajr.news\/index.php?rest_route=\/wp\/v2\/posts"}],"about":[{"href":"https:\/\/fajr.news\/index.php?rest_route=\/wp\/v2\/types\/post"}],"author":[{"embeddable":true,"href":"https:\/\/fajr.news\/index.php?rest_route=\/wp\/v2\/users\/2"}],"replies":[{"embeddable":true,"href":"https:\/\/fajr.news\/index.php?rest_route=%2Fwp%2Fv2%2Fcomments&post=9931"}],"version-history":[{"count":0,"href":"https:\/\/fajr.news\/index.php?rest_route=\/wp\/v2\/posts\/9931\/revisions"}],"wp:featuredmedia":[{"embeddable":true,"href":"https:\/\/fajr.news\/index.php?rest_route=\/wp\/v2\/media\/9932"}],"wp:attachment":[{"href":"https:\/\/fajr.news\/index.php?rest_route=%2Fwp%2Fv2%2Fmedia&parent=9931"}],"wp:term":[{"taxonomy":"category","embeddable":true,"href":"https:\/\/fajr.news\/index.php?rest_route=%2Fwp%2Fv2%2Fcategories&post=9931"},{"taxonomy":"post_tag","embeddable":true,"href":"https:\/\/fajr.news\/index.php?rest_route=%2Fwp%2Fv2%2Ftags&post=9931"}],"curies":[{"name":"wp","href":"https:\/\/api.w.org\/{rel}","templated":true}]}}