{"id":9899,"date":"2026-04-26T20:59:08","date_gmt":"2026-04-26T17:29:08","guid":{"rendered":"https:\/\/fajr.news\/?p=9899"},"modified":"2026-04-26T20:59:08","modified_gmt":"2026-04-26T17:29:08","slug":"dmwden-orta-dogu-gerilimi-ortasinda-ofwlere-kesintisiz-destek-guvencesi-7-400den-fazla-filipinli-isci-ulkesine-dondu","status":"publish","type":"post","link":"https:\/\/fajr.news\/?p=9899&lang=tr","title":{"rendered":"DMW&#8217;den Orta Do\u011fu Gerilimi Ortas\u0131nda OFW&#8217;lere Kesintisiz Destek G\u00fcvencesi: 7.400&#8217;den Fazla Filipinli \u0130\u015f\u00e7i \u00dclkesine D\u00f6nd\u00fc"},"content":{"rendered":"<p>Filipinler G\u00f6\u00e7men \u0130\u015f\u00e7iler Departman\u0131 (DMW), Orta Do\u011fu&#8217;da t\u0131rmanan gerilimlerden etkilenen Yurt D\u0131\u015f\u0131 Filipinli \u0130\u015f\u00e7ilere (OFW) y\u00f6nelik yard\u0131m taahh\u00fcd\u00fcn\u00fc bir kez daha teyit etti. \u00dclkeye geri d\u00f6n\u00fc\u015f \u00e7abalar\u0131 aral\u0131ks\u0131z devam ediyor.<\/p>\n<p>DMW taraf\u0131ndan yap\u0131lan a\u00e7\u0131klamaya g\u00f6re, 23 Nisan 2026 tarihi itibar\u0131yla \u00e7at\u0131\u015fmalardan etkilenen b\u00f6lgelerden <strong>7.400&#8217;den fazla OFW ve aile \u00fcyesi g\u00fcvenli bir \u015fekilde \u00fclkelerine geri getirildi<\/strong>.<\/p>\n<p>DMW Sekreteri Hans Leo Cacdac, durumun k\u00f6t\u00fcle\u015fmesi halinde h\u00fck\u00fcmetin olas\u0131 b\u00fcy\u00fck \u00f6l\u00e7ekli geri d\u00f6n\u00fc\u015fler i\u00e7in haz\u0131rl\u0131kl\u0131 oldu\u011funu vurgulad\u0131 ve acil durum \u00f6nlemlerinin zaten y\u00fcr\u00fcrl\u00fckte oldu\u011funu belirtti.<\/p>\n<p>&#8220;\u00c7at\u0131\u015fman\u0131n her a\u015famas\u0131nda 1&#8217;den 4&#8217;e kadar uyar\u0131 seviyeleri bulunmaktad\u0131r ve biz her t\u00fcrl\u00fc olas\u0131l\u0131\u011fa kar\u015f\u0131 haz\u0131rl\u0131kl\u0131y\u0131z. \u015eu anda 7.000&#8217;den fazla geri d\u00f6nen i\u00e7in bulu\u015fma noktalar\u0131, \u00e7\u0131k\u0131\u015f noktalar\u0131 ve u\u00e7u\u015f d\u00fczenlemelerini zaten uyguluyoruz. Durumun t\u0131rmanmas\u0131 halinde haz\u0131r\u0131z, ancak t\u0131rmanmamas\u0131n\u0131 umuyoruz,&#8221; diyen Cacdac, etkilenen i\u015f\u00e7ilerin g\u00fcvenli ve d\u00fczenli hareketini sa\u011flamak i\u00e7in belirlenmi\u015f toplanma ve \u00e7\u0131k\u0131\u015f noktalar\u0131n\u0131n olu\u015fturuldu\u011funu ekledi.<\/p>\n<p>Cacdac ayr\u0131ca, departman\u0131n yak\u0131n zamanda B\u00fct\u00e7e ve Y\u00f6netim Departman\u0131&#8217;ndan ek finansman sa\u011flad\u0131\u011f\u0131n\u0131 ve bu fonlar\u0131n, geri d\u00f6nen OFW&#8217;ler i\u00e7in geri d\u00f6n\u00fc\u015f ve yeniden entegrasyon deste\u011fi de dahil olmak \u00fczere yard\u0131m programlar\u0131n\u0131 s\u00fcrd\u00fcrmek i\u00e7in kullan\u0131laca\u011f\u0131n\u0131 ifade etti.<\/p>\n<p>DMW, yurt d\u0131\u015f\u0131ndaki Filipinli i\u015f\u00e7ileri etkileyen krizler s\u0131ras\u0131nda h\u00fck\u00fcmetin m\u00fcdahalesini g\u00fc\u00e7lendirmeyi ama\u00e7layan acil durum finansman mekanizmalar\u0131 olu\u015fturmaya y\u00f6nelik \u00f6nerilen tedbirler konusunda Kongre ile de koordinasyon halindedir.<\/p>\n<p>#Filipinli\u0130\u015f\u00e7iler #OFW #OrtaDo\u011fuGerilimi #DMW #G\u00f6\u00e7menYard\u0131m\u0131 #\u00dclkeyeGeriD\u00f6n\u00fc\u015f #AcilDurumPlan\u0131 #HansLeoCacdac #FilipinlerH\u00fck\u00fcmeti #KrizY\u00f6netimi<\/p>\n","protected":false},"excerpt":{"rendered":"<p>Filipinler G\u00f6\u00e7men \u0130\u015f\u00e7iler Departman\u0131 (DMW), Orta Do\u011fu&#8217;da t\u0131rmanan gerilimlerden etkilenen Yurt D\u0131\u015f\u0131 Filipinli \u0130\u015f\u00e7ilere (OFW) y\u00f6nelik yard\u0131m taahh\u00fcd\u00fcn\u00fc bir kez daha teyit etti. \u00dclkeye geri d\u00f6n\u00fc\u015f \u00e7abalar\u0131 aral\u0131ks\u0131z devam ediyor. DMW taraf\u0131ndan yap\u0131lan a\u00e7\u0131klamaya g\u00f6re, 23 Nisan 2026 tarihi itibar\u0131yla \u00e7at\u0131\u015fmalardan etkilenen b\u00f6lgelerden 7.400&#8217;den fazla OFW ve aile \u00fcyesi g\u00fcvenli bir \u015fekilde \u00fclkelerine geri getirildi. [&hellip;]<\/p>\n","protected":false},"author":2,"featured_media":9900,"comment_status":"open","ping_status":"open","sticky":false,"template":"","format":"standard","meta":{"footnotes":""},"categories":[37],"tags":[],"class_list":["post-9899","post","type-post","status-publish","format-standard","has-post-thumbnail","hentry","category-orta-dogu-haberleri"],"_links":{"self":[{"href":"https:\/\/fajr.news\/index.php?rest_route=\/wp\/v2\/posts\/9899","targetHints":{"allow":["GET"]}}],"collection":[{"href":"https:\/\/fajr.news\/index.php?rest_route=\/wp\/v2\/posts"}],"about":[{"href":"https:\/\/fajr.news\/index.php?rest_route=\/wp\/v2\/types\/post"}],"author":[{"embeddable":true,"href":"https:\/\/fajr.news\/index.php?rest_route=\/wp\/v2\/users\/2"}],"replies":[{"embeddable":true,"href":"https:\/\/fajr.news\/index.php?rest_route=%2Fwp%2Fv2%2Fcomments&post=9899"}],"version-history":[{"count":0,"href":"https:\/\/fajr.news\/index.php?rest_route=\/wp\/v2\/posts\/9899\/revisions"}],"wp:featuredmedia":[{"embeddable":true,"href":"https:\/\/fajr.news\/index.php?rest_route=\/wp\/v2\/media\/9900"}],"wp:attachment":[{"href":"https:\/\/fajr.news\/index.php?rest_route=%2Fwp%2Fv2%2Fmedia&parent=9899"}],"wp:term":[{"taxonomy":"category","embeddable":true,"href":"https:\/\/fajr.news\/index.php?rest_route=%2Fwp%2Fv2%2Fcategories&post=9899"},{"taxonomy":"post_tag","embeddable":true,"href":"https:\/\/fajr.news\/index.php?rest_route=%2Fwp%2Fv2%2Ftags&post=9899"}],"curies":[{"name":"wp","href":"https:\/\/api.w.org\/{rel}","templated":true}]}}