{"id":9893,"date":"2026-04-26T20:50:16","date_gmt":"2026-04-26T17:20:16","guid":{"rendered":"https:\/\/fajr.news\/?p=9893"},"modified":"2026-04-26T20:50:16","modified_gmt":"2026-04-26T17:20:16","slug":"imam-humeyni-uluslararasi-havalimani-yeniden-faaliyete-gecti-bolgesel-baglantida-yeni-donem","status":"publish","type":"post","link":"https:\/\/fajr.news\/?p=9893&lang=tr","title":{"rendered":"\u0130mam Humeyni Uluslararas\u0131 Havaliman\u0131 Yeniden Faaliyete Ge\u00e7ti: B\u00f6lgesel Ba\u011flant\u0131da Yeni D\u00f6nem"},"content":{"rendered":"<p><strong>Tahran, 26 Nisan 2026<\/strong> \u2013 Orta Do\u011fu&#8217;da ya\u015fanan ve 28 \u015eubat 2026&#8217;da ba\u015flayan \u00e7at\u0131\u015fmalar\u0131n neden oldu\u011fu yakla\u015f\u0131k 55 g\u00fcnl\u00fck kesintinin ard\u0131ndan, b\u00f6lgesel havac\u0131l\u0131kta yeni bir d\u00f6nem ba\u015fl\u0131yor. \u0130slam Cumhuriyeti&#8217;nin stratejik \u00f6neme sahip kap\u0131s\u0131 <strong>\u0130mam Humeyni Uluslararas\u0131 Havaliman\u0131 (IKIA)<\/strong>, 25 Nisan&#8217;da kap\u0131lar\u0131n\u0131 yeniden a\u00e7arak Medine, Maskat ve \u0130stanbul&#8217;a ilk seferlerini ba\u015flatt\u0131. Bu \u00f6nemli ad\u0131m, sadece \u0130ran i\u00e7in de\u011fil, t\u00fcm b\u00f6lge ve k\u00fcresel havac\u0131l\u0131k i\u00e7in kritik bir d\u00f6n\u00fcm noktas\u0131 olarak de\u011ferlendiriliyor.<\/p>\n<h2><strong>\u0130ran&#8217;\u0131n Liderli\u011finde B\u00f6lgesel Hava Sahas\u0131 Yeniden Canlan\u0131yor<\/strong><\/h2>\n<p>Orta Do\u011fu hava sahas\u0131n\u0131n yeniden a\u00e7\u0131lmas\u0131, \u0130ran, Irak ve Kuveyt genelinde 8-24 Nisan tarihleri aras\u0131nda a\u015famal\u0131 olarak ilerledi. Bu s\u00fcre\u00e7te, \u0130ran Sivil Havac\u0131l\u0131k Te\u015fkilat\u0131&#8217;n\u0131n g\u00fcvenlik ve kontroll\u00fc operasyonlar\u0131 \u00f6nceliklendiren titiz planlamas\u0131 sayesinde, \u0130mam Humeyni Uluslararas\u0131 Havaliman\u0131&#8217;n\u0131n yeniden a\u00e7\u0131l\u0131\u015f\u0131, b\u00f6lgedeki havac\u0131l\u0131k toparlanmas\u0131n\u0131n en belirgin i\u015fareti oldu. Katar, BAE, Kuveyt, Bahreyn ve Suriye gibi di\u011fer \u00fclkeler de uluslararas\u0131 u\u00e7u\u015flara yeniden ba\u015flarken, \u0130ran&#8217;\u0131n bu s\u00fcre\u00e7teki \u00f6nc\u00fc rol\u00fc dikkat \u00e7ekiyor.<\/p>\n<h2><strong>\u0130mam Humeyni Havaliman\u0131, \u0130ran&#8217;\u0131n K\u00fcresel Ba\u011flant\u0131s\u0131n\u0131 Yeniden Kuruyor<\/strong><\/h2>\n<p>28 \u015eubat&#8217;taki \u00e7at\u0131\u015fman\u0131n tetikledi\u011fi yakla\u015f\u0131k iki ayl\u0131k kapan\u0131\u015f\u0131n ard\u0131ndan, \u0130mam Humeyni Uluslararas\u0131 Havaliman\u0131&#8217;n\u0131n 25 Nisan 2026&#8217;da uluslararas\u0131 u\u00e7u\u015f operasyonlar\u0131na yeniden ba\u015flamas\u0131, \u0130ran&#8217;\u0131n k\u00fcresel ba\u011flant\u0131s\u0131n\u0131 yeniden tesis etmede hayati bir ad\u0131m te\u015fkil ediyor. \u0130ran Sivil Havac\u0131l\u0131k Te\u015fkilat\u0131&#8217;na g\u00f6re, havaliman\u0131 ilk olarak hac, b\u00f6lgesel eri\u015fim ve uzun mesafeli transit ba\u011flant\u0131 a\u00e7\u0131s\u0131ndan stratejik \u00f6neme sahip olan Medine, Maskat ve \u0130stanbul rotalar\u0131yla hizmet vermeye ba\u015flad\u0131. Bu yeniden a\u00e7\u0131l\u0131\u015f, s\u0131n\u0131rl\u0131 kapasite ve g\u00fcncellenmi\u015f NOTAM tavsiyeleri alt\u0131nda s\u0131k\u0131 hava sahas\u0131 kontrolleriyle a\u015famal\u0131 bir havac\u0131l\u0131k kurtarma plan\u0131n\u0131 takip ediyor. \u0130ran&#8217;\u0131n birincil uluslararas\u0131 ge\u00e7idi olarak IKIA, kesintiye u\u011frayan Avrupa-Asya havac\u0131l\u0131k koridorlar\u0131n\u0131 yeniden ba\u011flamada, havayollar\u0131 \u00fczerindeki yeniden y\u00f6nlendirme bask\u0131lar\u0131n\u0131 azaltmada ve yolcu talebinin kademeli olarak geri d\u00f6nmesini desteklemede merkezi bir rol oynamaktad\u0131r. Yetkililer, operasyonel istikrar ve b\u00f6lgesel g\u00fcvenlik ko\u015fullar\u0131 iyile\u015fmeye devam ettik\u00e7e ek rotalar\u0131n ve frekanslar\u0131n a\u015famal\u0131 olarak tan\u0131t\u0131laca\u011f\u0131n\u0131 belirtiyor.<\/p>\n<h2><strong>\u0130ran&#8217;\u0131n D\u00f6rt A\u015famal\u0131 Yeniden A\u00e7\u0131l\u0131\u015f \u00c7er\u00e7evesi<\/strong><\/h2>\n<p>\u0130ran, \u0130ran Sivil Havac\u0131l\u0131k Te\u015fkilat\u0131 taraf\u0131ndan denetlenen d\u00f6rt a\u015famal\u0131 bir yeniden a\u00e7\u0131l\u0131\u015f \u00e7er\u00e7evesi arac\u0131l\u0131\u011f\u0131yla uluslararas\u0131 havac\u0131l\u0131\u011fa yeniden ba\u015flad\u0131. Bu plan, g\u00fcvenlik koridorlar\u0131n\u0131, b\u00f6lgesel rotalar\u0131 ve kademeli geni\u015flemeyi \u00f6nceliklendiriyor. Tahran&#8217;\u0131n ana havaliman\u0131n\u0131n yeniden a\u00e7\u0131lmas\u0131, b\u00f6lgesel ba\u011flant\u0131n\u0131n yeniden sa\u011flanmas\u0131nda en kritik ad\u0131m\u0131 i\u015faret ediyor. \u0130ran&#8217;\u0131n a\u015famal\u0131 plan\u0131 \u015funlar\u0131 i\u00e7eriyor:<\/p>\n<ul>\n<li>Do\u011fu koridorlar\u0131 \u00fczerinden transit u\u00e7u\u015flar<\/li>\n<li>S\u0131n\u0131rl\u0131 b\u00f6lgesel ba\u011flant\u0131<\/li>\n<li>Tahran uluslararas\u0131 operasyonlar\u0131<\/li>\n<li>A\u015famal\u0131 k\u00fcresel a\u011f restorasyonu<\/li>\n<\/ul>\n<p>Bu yeniden a\u00e7\u0131l\u0131\u015f stratejik olarak b\u00fcy\u00fck \u00f6nem ta\u015f\u0131yor. Avrupa-Asya havac\u0131l\u0131k koridorunun merkezi bir b\u00f6l\u00fcm\u00fcn\u00fc restore ederek, k\u00fcresel havayollar\u0131 i\u00e7in dolamba\u00e7l\u0131 yollar\u0131 azalt\u0131yor ve operasyonel verimlili\u011fi art\u0131r\u0131yor.<\/p>\n<h2><strong>K\u00fcresel Havac\u0131l\u0131k A\u011flar\u0131 Verimlili\u011fini Yeniden Kazan\u0131yor<\/strong><\/h2>\n<p>Orta Do\u011fu hava sahas\u0131n\u0131n yeniden a\u00e7\u0131lmas\u0131, \u00f6zellikle Avrupa-Asya rotalar\u0131nda k\u00fcresel havac\u0131l\u0131k a\u011flar\u0131n\u0131n verimlili\u011fini geri kazand\u0131r\u0131yor. Ana koridorlar yeniden a\u00e7\u0131ld\u0131k\u00e7a havayollar\u0131, dolamba\u00e7l\u0131 yollar\u0131 azalt\u0131yor, yak\u0131t t\u00fcketimini d\u00fc\u015f\u00fcr\u00fcyor ve sefer g\u00fcvenilirli\u011fini art\u0131r\u0131yor. Kapan\u0131\u015f s\u0131ras\u0131nda, havayollar\u0131 u\u00e7u\u015flar\u0131 k\u0131s\u0131tl\u0131 b\u00f6lgelerin etraf\u0131ndan y\u00f6nlendirmek zorunda kalm\u0131\u015f, bu da operasyonel maliyetleri \u00f6nemli \u00f6l\u00e7\u00fcde art\u0131rm\u0131\u015ft\u0131. \u0130ran ve Irak hava sahas\u0131n\u0131n yeniden a\u00e7\u0131lmas\u0131yla havayollar\u0131 art\u0131k daha do\u011frudan rotalarda faaliyet g\u00f6sterebiliyor. Bu de\u011fi\u015fim, bilet fiyatlar\u0131n\u0131 istikrara kavu\u015fturuyor ve genel a\u011f verimlili\u011fini art\u0131r\u0131yor.<\/p>\n<h2><strong>B\u00f6lgesel Turizm ve Seyahat Canlan\u0131yor<\/strong><\/h2>\n<p>Uluslararas\u0131 u\u00e7u\u015flar\u0131n yeniden ba\u015flamas\u0131, K\u00f6rfez genelinde turizm, dini seyahat ve i\u015f hareketlili\u011finde istikrarl\u0131 bir toparlanma sa\u011flamas\u0131 bekleniyor. Yeniden sa\u011flanan ba\u011flant\u0131, yolcu ak\u0131\u015flar\u0131nda ve b\u00f6lgesel ekonomilerde kademeli bir iyile\u015fmeyi m\u00fcmk\u00fcn k\u0131l\u0131yor. Medine&#8217;ye olan rotalar, hac talebi nedeniyle \u00f6zellikle \u00f6nemliyken, \u0130stanbul ve Maskat \u00fczerinden ba\u011flant\u0131lar k\u00fcresel seyahat eri\u015fimini yeniden tesis ediyor. Turizm otoriteleri, artan u\u00e7u\u015f s\u0131kl\u0131\u011f\u0131 ve geli\u015fmi\u015f ba\u011flant\u0131 ile a\u015famal\u0131 bir var\u0131\u015f b\u00fcy\u00fcmesi bekliyor. Ancak, talep toparlanmas\u0131 jeopolitik istikrara duyarl\u0131 olmaya devam ediyor. Havayollar\u0131, yolcu g\u00fcvenini s\u00fcrd\u00fcrmek i\u00e7in esnek seyahat politikalar\u0131 sunmaya devam ediyor.<\/p>\n<h2><strong>Devam Eden Riskler ve Gelecek Beklentileri<\/strong><\/h2>\n<p>\u0130lerleme kaydedilmesine ra\u011fmen, Orta Do\u011fu genelindeki havac\u0131l\u0131k operasyonlar\u0131, ulusal d\u00fczenleyiciler ve uluslararas\u0131 havac\u0131l\u0131k kurulu\u015flar\u0131 taraf\u0131ndan s\u00fcrekli izleme alt\u0131nda tutulmaktad\u0131r. U\u00e7u\u015flar, g\u00fcncellenmi\u015f NOTAM rehberli\u011fi ile kontroll\u00fc koridorlarda ger\u00e7ekle\u015ftirilmektedir. G\u00fcvenlik riskleri, sigorta k\u0131s\u0131tlamalar\u0131 ve jeopolitik belirsizlikler havayolu operasyonlar\u0131n\u0131 etkilemeye devam etmektedir. Yetkililer, yolcu g\u00fcvenli\u011fini ve operasyonel istikrar\u0131 sa\u011flamak i\u00e7in ger\u00e7ek zamanl\u0131 denetimi s\u00fcrd\u00fcrmektedir. Bu temkinli ortam, programlar\u0131n dinamik kalabilece\u011fi ve de\u011fi\u015fen ko\u015fullara g\u00f6re ayarlamalar yap\u0131labilece\u011fi anlam\u0131na gelmektedir.<\/p>\n<p>Sonu\u00e7 olarak, 28 \u015eubat 2026 Orta Do\u011fu \u00e7at\u0131\u015fmas\u0131n\u0131n ard\u0131ndan yakla\u015f\u0131k 55 g\u00fcnl\u00fck kapan\u0131\u015flar\u0131n ard\u0131ndan Katar, \u0130ran, BAE, Kuveyt, Bahreyn, Suriye ve di\u011ferleri uluslararas\u0131 u\u00e7u\u015f operasyonlar\u0131na yeniden ba\u015flad\u0131. <strong>\u0130mam Humeyni Uluslararas\u0131 Havaliman\u0131&#8217;n\u0131n 25 Nisan 2026&#8217;da yeniden a\u00e7\u0131lmas\u0131<\/strong> ve Medine, Maskat ve \u0130stanbul&#8217;a ilk rotalar\u0131n restore edilmesiyle, Orta Do\u011fu hava sahas\u0131n\u0131n yeniden a\u00e7\u0131lmas\u0131 \u0130ran, Irak ve Kuveyt genelinde 8-24 Nisan tarihleri aras\u0131nda a\u015famal\u0131 olarak ilerledi. K\u00fcresel turizm ve uluslararas\u0131 u\u00e7u\u015flar, hac talebi, transit trafi\u011fi ve Avrupa-Asya havac\u0131l\u0131k koridorlar\u0131 kontroll\u00fc operasyonlar alt\u0131nda yeniden ba\u015flad\u0131k\u00e7a K\u00f6rfez ba\u011flant\u0131s\u0131n\u0131 yeniden tesis ediyor. Bu etki, 2026 havac\u0131l\u0131k toparlanmas\u0131n\u0131n rotalar\u0131 istikrara kavu\u015fturdu\u011funu, dolamba\u00e7l\u0131 yollar\u0131 90 dakikaya kadar azaltt\u0131\u011f\u0131n\u0131, yak\u0131t maliyetlerini d\u00fc\u015f\u00fcrd\u00fc\u011f\u00fcn\u00fc ve operasyonel verimlili\u011fi geri kazand\u0131rd\u0131\u011f\u0131n\u0131 do\u011frulamaktad\u0131r. B\u00f6lgesel havac\u0131l\u0131k toparlanmas\u0131nda \u0130ran&#8217;\u0131n oynad\u0131\u011f\u0131 kilit rol, k\u00fcresel ba\u011flant\u0131n\u0131n yeniden in\u015fas\u0131nda \u00f6nemli bir ba\u015far\u0131 olarak \u00f6ne \u00e7\u0131kmaktad\u0131r.<\/p>\n<p>#\u0130mamHumeyniHavaliman\u0131 #\u0130ranHavac\u0131l\u0131k #OrtaDo\u011fuHavaSahas\u0131 #K\u00fcreselBa\u011flant\u0131 #Havac\u0131l\u0131kKurtarma #Tahran #Medine #\u0130stanbul #B\u00f6lgeselSeyahat #EkonomiCanlan\u0131yor<\/p>\n","protected":false},"excerpt":{"rendered":"<p>Tahran, 26 Nisan 2026 \u2013 Orta Do\u011fu&#8217;da ya\u015fanan ve 28 \u015eubat 2026&#8217;da ba\u015flayan \u00e7at\u0131\u015fmalar\u0131n neden oldu\u011fu yakla\u015f\u0131k 55 g\u00fcnl\u00fck kesintinin ard\u0131ndan, b\u00f6lgesel havac\u0131l\u0131kta yeni bir d\u00f6nem ba\u015fl\u0131yor. \u0130slam Cumhuriyeti&#8217;nin stratejik \u00f6neme sahip kap\u0131s\u0131 \u0130mam Humeyni Uluslararas\u0131 Havaliman\u0131 (IKIA), 25 Nisan&#8217;da kap\u0131lar\u0131n\u0131 yeniden a\u00e7arak Medine, Maskat ve \u0130stanbul&#8217;a ilk seferlerini ba\u015flatt\u0131. Bu \u00f6nemli ad\u0131m, sadece \u0130ran [&hellip;]<\/p>\n","protected":false},"author":2,"featured_media":0,"comment_status":"open","ping_status":"open","sticky":false,"template":"","format":"standard","meta":{"footnotes":""},"categories":[37],"tags":[],"class_list":["post-9893","post","type-post","status-publish","format-standard","hentry","category-orta-dogu-haberleri"],"_links":{"self":[{"href":"https:\/\/fajr.news\/index.php?rest_route=\/wp\/v2\/posts\/9893","targetHints":{"allow":["GET"]}}],"collection":[{"href":"https:\/\/fajr.news\/index.php?rest_route=\/wp\/v2\/posts"}],"about":[{"href":"https:\/\/fajr.news\/index.php?rest_route=\/wp\/v2\/types\/post"}],"author":[{"embeddable":true,"href":"https:\/\/fajr.news\/index.php?rest_route=\/wp\/v2\/users\/2"}],"replies":[{"embeddable":true,"href":"https:\/\/fajr.news\/index.php?rest_route=%2Fwp%2Fv2%2Fcomments&post=9893"}],"version-history":[{"count":0,"href":"https:\/\/fajr.news\/index.php?rest_route=\/wp\/v2\/posts\/9893\/revisions"}],"wp:attachment":[{"href":"https:\/\/fajr.news\/index.php?rest_route=%2Fwp%2Fv2%2Fmedia&parent=9893"}],"wp:term":[{"taxonomy":"category","embeddable":true,"href":"https:\/\/fajr.news\/index.php?rest_route=%2Fwp%2Fv2%2Fcategories&post=9893"},{"taxonomy":"post_tag","embeddable":true,"href":"https:\/\/fajr.news\/index.php?rest_route=%2Fwp%2Fv2%2Ftags&post=9893"}],"curies":[{"name":"wp","href":"https:\/\/api.w.org\/{rel}","templated":true}]}}