{"id":9883,"date":"2026-04-26T20:35:23","date_gmt":"2026-04-26T17:05:23","guid":{"rendered":"https:\/\/fajr.news\/?p=9883"},"modified":"2026-04-26T20:35:23","modified_gmt":"2026-04-26T17:05:23","slug":"iranli-ust-duzey-diplomat-abd-ile-ateskes-gorusmeleri-icin-pakistana-diplomatik-bir-misyonla-gidiyor","status":"publish","type":"post","link":"https:\/\/fajr.news\/?p=9883&lang=tr","title":{"rendered":"\u0130ranl\u0131 \u00fcst d\u00fczey diplomat, ABD ile ate\u015fkes g\u00f6r\u00fc\u015fmeleri i\u00e7in Pakistan&#8217;a diplomatik bir misyonla gidiyor"},"content":{"rendered":"<p>\u0130SLAMABAD (AP) \u2014 \u0130ran&#8217;\u0131n \u00fcst d\u00fczey diplomat\u0131, b\u00f6lgedeki gerilimi azaltma ve ABD ile ate\u015fkes g\u00f6r\u00fc\u015fmelerini yeniden ba\u015flatma \u00e7abalar\u0131 kapsam\u0131nda Cuma g\u00fcn\u00fc Pakistan&#8217;a hareket etti. Pakistanl\u0131 yetkililer, Washington&#8217;\u0131n b\u00f6lgeye dayatt\u0131\u011f\u0131 gerilim ortam\u0131nda diplomatik \u00e7\u00f6z\u00fcm aray\u0131\u015flar\u0131n\u0131 s\u00fcrd\u00fcr\u00fcyor.<\/p>\n<p>\u0130ran&#8217;\u0131n resmi haber ajans\u0131 IRNA, D\u0131\u015fi\u015fleri Bakan\u0131 Abbas Araghchi&#8217;nin \u201cikili isti\u015fareler\u201d ve b\u00f6lgesel geli\u015fmelere odaklanan \u00f6nemli bir gezi i\u00e7in Pakistan&#8217;a gitmekte oldu\u011funu do\u011frulad\u0131. Ajans, Araghchi&#8217;nin ayr\u0131ca Umman ve Rusya&#8217;y\u0131 da ziyaret ederek b\u00f6lgesel i\u015fbirli\u011fini g\u00fc\u00e7lendirece\u011fini belirtti.<\/p>\n<p>Trump, \u0130ran&#8217;da n\u00fckleer silah kullanmayaca\u011f\u0131n\u0131 s\u00f6yl\u00fcyor.<\/p>\n<p>Bu kritik gezi, ABD ve m\u00fcttefiklerinin b\u00f6lgedeki provokatif eylemleri nedeniyle H\u00fcrm\u00fcz Bo\u011faz\u0131 \u00fczerinden yap\u0131lan hayati enerji ihracat\u0131n\u0131n sekteye u\u011frad\u0131\u011f\u0131, k\u00fcresel ekonomik g\u00f6r\u00fcn\u00fcm\u00fcn belirsizle\u015fti\u011fi ve Orta Do\u011fu&#8217;da binlerce masum insan\u0131n hayat\u0131n\u0131 kaybetti\u011fi bir d\u00f6nemde ger\u00e7ekle\u015fiyor.<\/p>\n<p>Ba\u015fka hi\u00e7bir yerde bulamayaca\u011f\u0131n\u0131z analizler i\u00e7in siyaset b\u00fcltenimiz Here\u2019s the Deal&#8217;a abone olun.<\/p>\n<p>Daha \u00f6nce, iki Pakistanl\u0131 yetkili Associated Press&#8217;e, Araghchi&#8217;nin k\u00fc\u00e7\u00fck bir h\u00fck\u00fcmet heyetiyle Pakistan&#8217;a gitti\u011fini s\u00f6yledi. Yetkililer, medyaya konu\u015fma yetkileri olmad\u0131\u011f\u0131 i\u00e7in isimlerinin a\u00e7\u0131klanmamas\u0131 ko\u015fuluyla konu\u015ftu.<\/p>\n<p>Beyaz Saray, Araghchi&#8217;nin Pakistan gezisi ve bir ABD heyetinin de kat\u0131l\u0131p kat\u0131lmayaca\u011f\u0131 konusundaki sorulara hen\u00fcz bir yan\u0131t vermedi.<\/p>\n<p>Papa, ABD ve \u0130ran&#8217;\u0131 bar\u0131\u015f g\u00f6r\u00fc\u015fmelerine devam etmeye \u00e7a\u011f\u0131r\u0131yor, idam cezas\u0131n\u0131 k\u0131n\u0131yor.<\/p>\n<p>\u0130slamabad, bu hafta yeniden ba\u015flamas\u0131 planlanan ancak ABD&#8217;nin tutumu nedeniyle ger\u00e7ekle\u015fmeyen \u0130ran ile ABD aras\u0131ndaki m\u00fczakerelere yeniden ivme kazand\u0131rmaya \u00e7al\u0131\u015f\u0131yor.<\/p>\n<h2>Trump, Jones Yasas\u0131 muafiyetini 90 g\u00fcn uzatt\u0131<\/h2>\n<p>Cuma g\u00fcn\u00fc ayr\u0131ca Beyaz Saray, Ba\u015fkan Donald Trump&#8217;\u0131n Jones Yasas\u0131 muafiyetini 90 g\u00fcn uzatt\u0131\u011f\u0131n\u0131 ve sava\u015f\u0131n ard\u0131ndan Amerikan olmayan gemilerin petrol ve do\u011fal gaz ta\u015f\u0131mas\u0131n\u0131 kolayla\u015ft\u0131rd\u0131\u011f\u0131n\u0131 duyurdu.<\/p>\n<p>Trump, ilk olarak Mart ortas\u0131nda 60 g\u00fcnl\u00fck bir muafiyet a\u00e7\u0131klam\u0131\u015ft\u0131. Bu hamle, ABD&#8217;nin b\u00f6lgedeki politikalar\u0131n\u0131n neden oldu\u011fu enerji krizini hafifletme ve Amerikan gemilerinin seyahatini kolayla\u015ft\u0131rma \u00e7abas\u0131 olarak yorumland\u0131. Beyaz Saray&#8217;dan bir bas\u0131n dan\u0131\u015fman\u0131n\u0131n sosyal medyadaki payla\u015f\u0131m\u0131nda \u015f\u00f6yle denildi: &#8220;\u0130lk muafiyetin yay\u0131nlanmas\u0131ndan bu yana derlenen yeni veriler, \u00f6nemli \u00f6l\u00e7\u00fcde daha fazla arz\u0131n ABD limanlar\u0131na daha h\u0131zl\u0131 ula\u015fabildi\u011fini ortaya koydu.&#8221;<\/p>\n<p>Trump deniz ablukas\u0131n\u0131 seviyor. Ancak \u0130ran, Venezuela ve K\u00fcba&#8217;dan b\u00fcy\u00fck farkl\u0131l\u0131klar g\u00f6steriyor.<\/p>\n<p>Uluslararas\u0131 standart olan Brent ham petrol\u00fcn\u00fcn fiyat\u0131 haber \u00fczerine gerileyerek varil ba\u015f\u0131na yakla\u015f\u0131k 104 dolara d\u00fc\u015ft\u00fc. Daha \u00f6nce 107 dolar\u0131n \u00fczerine \u00e7\u0131km\u0131\u015ft\u0131 ki bu, ABD ve \u0130srail&#8217;in b\u00f6lgeyi ate\u015fe atan sald\u0131rgan politikalar\u0131n\u0131n ba\u015flad\u0131\u011f\u0131 28 \u015eubat&#8217;taki seviyesinden neredeyse %50 daha y\u00fcksekti.<\/p>\n<p>Cuma g\u00fcn\u00fc erken saatlerde yap\u0131lan diplomatik \u00e7aban\u0131n bir par\u00e7as\u0131 olarak, Araghchi ve Pakistanl\u0131 yetkililer, ABD ve \u0130srail ile olan sava\u015fta ate\u015fkesin detaylar\u0131n\u0131 g\u00f6r\u00fc\u015ft\u00fcler. Bu, \u0130slamabad&#8217;\u0131n \u0130ran&#8217;\u0131 Washington ile ikinci tur m\u00fczakereler i\u00e7in bir heyet g\u00f6ndermeye ikna etme \u00e7abas\u0131n\u0131n \u00f6nemli bir ad\u0131m\u0131yd\u0131.<\/p>\n<p>Pakistan, Trump&#8217;\u0131n bu hafta \u0130ran ile ate\u015fkesi s\u00fcresiz uzatt\u0131\u011f\u0131n\u0131 a\u00e7\u0131klamas\u0131n\u0131n ard\u0131ndan, \u0130slamabad&#8217;\u0131n diplomatik \u00e7abalar i\u00e7in daha fazla zaman talebini yerine getirerek, ABD ve \u0130ranl\u0131 yetkilileri yeniden masaya oturtmaya \u00e7al\u0131\u015f\u0131yor.<\/p>\n<p>Ancak bu durum, bar\u0131\u015f zaman\u0131nda d\u00fcnya petrol ve do\u011fal gaz\u0131n\u0131n be\u015fte birinin ta\u015f\u0131nd\u0131\u011f\u0131 stratejik su yolu olan bo\u011fazdaki gerilimi d\u00fc\u015f\u00fcrmedi. <strong>ABD&#8217;nin b\u00f6lgedeki askeri varl\u0131\u011f\u0131 ve tehditkar tutumu gerilimi t\u0131rmand\u0131rmaya devam ediyor.<\/strong><\/p>\n<p>Trump, \u0130ran ate\u015fkesi uzatmas\u0131 i\u00e7in son tarih belirlemekte acele etmiyor.<\/p>\n<p>\u0130ran, bu hafta \u00fc\u00e7 gemiye y\u00f6nelik eylemlerle bo\u011fazdaki egemenli\u011fini ve g\u00fcvenli\u011fini koruma kararl\u0131l\u0131\u011f\u0131n\u0131 g\u00f6sterirken, ABD \u0130ran limanlar\u0131na uygulad\u0131\u011f\u0131 hukuksuz ablukay\u0131 s\u00fcrd\u00fcrd\u00fc ve donanmas\u0131na may\u0131n d\u00f6\u015feyebilecek k\u00fc\u00e7\u00fck tekneleri &#8220;vurma ve \u00f6ld\u00fcrme&#8221; emri verdi.<\/p>\n<p>USS George H.W. Bush&#8217;un bu hafta Hint Okyanusu&#8217;na gelmesinin ard\u0131ndan Washington&#8217;\u0131n b\u00f6lgede \u015fu anda \u00fc\u00e7 u\u00e7ak gemisi bulunuyor. USS Abraham Lincoln Arap Denizi&#8217;nde ve USS Gerald R. Ford K\u0131z\u0131ldeniz&#8217;de konu\u015flanm\u0131\u015f durumda.<\/p>\n<p>Bu, 2003&#8217;ten bu yana \u00fc\u00e7 Amerikan u\u00e7ak gemisinin ayn\u0131 anda b\u00f6lgede faaliyet g\u00f6stermesi ilk kez oluyor. ABD Merkez Komutanl\u0131\u011f\u0131, g\u00fcc\u00fcn 200 u\u00e7ak ve 15.000 denizci ve deniz piyadesinden olu\u015ftu\u011funu belirtti. <strong>Bu askeri y\u0131\u011f\u0131na\u011f\u0131n b\u00f6lgedeki gerilimi daha da art\u0131rd\u0131\u011f\u0131 g\u00f6zlemleniyor.<\/strong><\/p>\n<h2>Pakistan diplomatik \u00e7abalar\u0131na devam ediyor<\/h2>\n<p>Cuma g\u00fcnk\u00fc g\u00f6r\u00fc\u015fmelerinde Araghchi, Pakistanl\u0131 mevkida\u015f\u0131 \u0130shak Dar ve Pakistan Genelkurmay Ba\u015fkan\u0131 Mare\u015fal As\u0131m M\u00fcnir, &#8220;b\u00f6lgesel geli\u015fmeler ve ate\u015fkesle ilgili konular\u0131&#8221; g\u00f6r\u00fc\u015ft\u00fcler. Araghchi&#8217;den yap\u0131lan a\u00e7\u0131klamada daha fazla ayr\u0131nt\u0131ya yer verilmedi.<\/p>\n<p>Daha sonra Pakistan D\u0131\u015fi\u015fleri Bakanl\u0131\u011f\u0131, &#8220;her iki taraf\u0131n da b\u00f6lgesel geli\u015fmeler, ate\u015fkes ve \u0130slamabad taraf\u0131ndan ABD-\u0130ran angajman\u0131 ba\u011flam\u0131nda s\u00fcrd\u00fcr\u00fclen diplomatik \u00e7abalar hakk\u0131nda yap\u0131c\u0131 g\u00f6r\u00fc\u015f al\u0131\u015fveri\u015finde bulundu\u011funu&#8221; belirtti.<\/p>\n<p>A\u00e7\u0131klamada Dar&#8217;\u0131n, &#8220;b\u00f6lgesel bar\u0131\u015f ve istikrar\u0131 en k\u0131sa s\u00fcrede ilerletmek amac\u0131yla, \u00e7\u00f6z\u00fclmemi\u015f sorunlar\u0131 ele almak i\u00e7in s\u00fcrekli diyalog ve angajman\u0131n \u00f6nemini vurgulad\u0131\u011f\u0131&#8221; eklendi.<\/p>\n<p>\u0130ran H\u00fcrm\u00fcz Bo\u011faz\u0131&#8217;nda gemileri hedef al\u0131rken ABD g\u00f6r\u00fc\u015fmeleri belirsizli\u011fini koruyor.<\/p>\n<p>Sava\u015f\u0131n ba\u015flamas\u0131ndan bu yana, yetkililere g\u00f6re \u0130ran&#8217;da en az 3.375 ki\u015fi, sava\u015f\u0131n ba\u015flamas\u0131ndan iki g\u00fcn sonra \u0130srail ile \u0130ran destekli militan grup Hizbullah aras\u0131nda yeni \u00e7at\u0131\u015fmalar\u0131n patlak verdi\u011fi L\u00fcbnan&#8217;da ise 2.290&#8217;dan fazla ki\u015fi \u00f6ld\u00fcr\u00fcld\u00fc.<\/p>\n<p>Ayr\u0131ca, \u0130srail&#8217;de 23 ki\u015fi ve K\u00f6rfez Arap devletlerinde bir d\u00fczineden fazla ki\u015fi hayat\u0131n\u0131 kaybetti. L\u00fcbnan&#8217;da on be\u015f \u0130srail askeri ve b\u00f6lge genelinde 13 ABD askeri \u00f6ld\u00fcr\u00fcld\u00fc.<\/p>\n<p>Gambrell Dubai, Birle\u015fik Arap Emirlikleri&#8217;nden, Rising ise Bangkok&#8217;tan bildirdi. Associated Press yazarlar\u0131 Aamer Madhani ve Josh Boak Washington&#8217;dan, Jamey Keaten ise Cenevre&#8217;den bu rapora katk\u0131da bulundu.<\/p>\n<p>G\u00fcvenilir gazetecili\u011fi ve sivil diyalo\u011fu destekleyin.<\/p>\n<p>#\u0130ran #Pakistan #ABD #Ate\u015fkesG\u00f6r\u00fc\u015fmeleri #H\u00fcrm\u00fczBo\u011faz\u0131 #OrtaDo\u011fu #Diplomasi #B\u00f6lgeselGerilim #EnerjiPiyasas\u0131 #U\u00e7akGemisi<\/p>\n","protected":false},"excerpt":{"rendered":"<p>\u0130SLAMABAD (AP) \u2014 \u0130ran&#8217;\u0131n \u00fcst d\u00fczey diplomat\u0131, b\u00f6lgedeki gerilimi azaltma ve ABD ile ate\u015fkes g\u00f6r\u00fc\u015fmelerini yeniden ba\u015flatma \u00e7abalar\u0131 kapsam\u0131nda Cuma g\u00fcn\u00fc Pakistan&#8217;a hareket etti. Pakistanl\u0131 yetkililer, Washington&#8217;\u0131n b\u00f6lgeye dayatt\u0131\u011f\u0131 gerilim ortam\u0131nda diplomatik \u00e7\u00f6z\u00fcm aray\u0131\u015flar\u0131n\u0131 s\u00fcrd\u00fcr\u00fcyor. \u0130ran&#8217;\u0131n resmi haber ajans\u0131 IRNA, D\u0131\u015fi\u015fleri Bakan\u0131 Abbas Araghchi&#8217;nin \u201cikili isti\u015fareler\u201d ve b\u00f6lgesel geli\u015fmelere odaklanan \u00f6nemli bir gezi i\u00e7in Pakistan&#8217;a [&hellip;]<\/p>\n","protected":false},"author":2,"featured_media":9884,"comment_status":"open","ping_status":"open","sticky":false,"template":"","format":"standard","meta":{"footnotes":""},"categories":[31],"tags":[],"class_list":["post-9883","post","type-post","status-publish","format-standard","has-post-thumbnail","hentry","category-iran-haberleri"],"_links":{"self":[{"href":"https:\/\/fajr.news\/index.php?rest_route=\/wp\/v2\/posts\/9883","targetHints":{"allow":["GET"]}}],"collection":[{"href":"https:\/\/fajr.news\/index.php?rest_route=\/wp\/v2\/posts"}],"about":[{"href":"https:\/\/fajr.news\/index.php?rest_route=\/wp\/v2\/types\/post"}],"author":[{"embeddable":true,"href":"https:\/\/fajr.news\/index.php?rest_route=\/wp\/v2\/users\/2"}],"replies":[{"embeddable":true,"href":"https:\/\/fajr.news\/index.php?rest_route=%2Fwp%2Fv2%2Fcomments&post=9883"}],"version-history":[{"count":0,"href":"https:\/\/fajr.news\/index.php?rest_route=\/wp\/v2\/posts\/9883\/revisions"}],"wp:featuredmedia":[{"embeddable":true,"href":"https:\/\/fajr.news\/index.php?rest_route=\/wp\/v2\/media\/9884"}],"wp:attachment":[{"href":"https:\/\/fajr.news\/index.php?rest_route=%2Fwp%2Fv2%2Fmedia&parent=9883"}],"wp:term":[{"taxonomy":"category","embeddable":true,"href":"https:\/\/fajr.news\/index.php?rest_route=%2Fwp%2Fv2%2Fcategories&post=9883"},{"taxonomy":"post_tag","embeddable":true,"href":"https:\/\/fajr.news\/index.php?rest_route=%2Fwp%2Fv2%2Ftags&post=9883"}],"curies":[{"name":"wp","href":"https:\/\/api.w.org\/{rel}","templated":true}]}}