{"id":9867,"date":"2026-04-26T20:21:17","date_gmt":"2026-04-26T16:51:17","guid":{"rendered":"https:\/\/fajr.news\/?p=9867"},"modified":"2026-04-26T20:21:17","modified_gmt":"2026-04-26T16:51:17","slug":"donald-trump-ortadogu-baris-umutlari-solarken-abd-elcilerinin-pakistan-gezisini-iptal-etti","status":"publish","type":"post","link":"https:\/\/fajr.news\/?p=9867&lang=tr","title":{"rendered":"Donald Trump, Ortado\u011fu Bar\u0131\u015f Umutlar\u0131 Solarken ABD El\u00e7ilerinin Pakistan Gezisini \u0130ptal Etti"},"content":{"rendered":"<p>ABD Ba\u015fkan\u0131 Donald Trump, el\u00e7iler Jared Kushner ve Steve Witkoff&#8217;un \u0130ran ile bar\u0131\u015f g\u00f6r\u00fc\u015fmeleri i\u00e7in planlanan Pakistan gezisini iptal etti\u011fini duyurdu.<br \/>\nTrump, Truth Social hesab\u0131ndan yapt\u0131\u011f\u0131 payla\u015f\u0131mda, ABD&#8217;nin &#8220;t\u00fcm kartlara sahip oldu\u011funu&#8221; ve \u0130ran&#8217;\u0131n konu\u015fmak istemesi halinde &#8220;tek yapmalar\u0131 gerekenin aramak oldu\u011funu&#8221; belirtti.<br \/>\nBa\u015fkan ayr\u0131ca, s\u00f6z konusu gezinin seyahat i\u00e7in &#8220;\u00e7ok fazla zaman kayb\u0131&#8221; olaca\u011f\u0131n\u0131 ifade etti.<br \/>\nPakistanl\u0131 yetkililer, \u0130ran D\u0131\u015fi\u015fleri Bakan\u0131 Abbas Araghchi&#8217;nin ABD el\u00e7ileriyle g\u00f6r\u00fc\u015fmeden \u0130slamabad&#8217;dan ayr\u0131ld\u0131\u011f\u0131n\u0131 bildirdi.<br \/>\nAraghchi, Pakistan ziyaretini &#8220;\u00e7ok verimli&#8221; olarak nitelendirerek, bir sosyal medya g\u00f6nderisinde &#8220;\u0130ran&#8217;a y\u00f6nelik sava\u015f\u0131 kal\u0131c\u0131 olarak sona erdirmek i\u00e7in uygulanabilir bir \u00e7er\u00e7eveye ili\u015fkin \u0130ran&#8217;\u0131n konumunu payla\u015ft\u0131\u011f\u0131n\u0131&#8221; ekledi. &#8220;ABD&#8217;nin diplomasi konusunda ger\u00e7ekten ciddi olup olmad\u0131\u011f\u0131n\u0131 hen\u00fcz g\u00f6rmeliyiz&#8221; dedi.<br \/>\nABD ba\u015fkan\u0131n\u0131n zihinsel durumu konusu, son zamanlarda sadece gece ge\u00e7 saatlerdeki talk show sunucular\u0131n\u0131n \u015fakalar\u0131na konu olmaktan \u00e7\u0131karak, yava\u015f yava\u015f ciddi bir tart\u0131\u015fma konusu haline geliyor.<br \/>\n\u0130ran medyas\u0131, Araghchi&#8217;nin \u015fu anda Umman&#8217;\u0131n ba\u015fkenti Maskat&#8217;a u\u00e7tu\u011funu ve burada &#8220;ikili ili\u015fkiler ile b\u00f6lgesel geli\u015fmeleri g\u00f6r\u00fc\u015fmek ve fikir al\u0131\u015fveri\u015finde bulunmak&#8221; \u00fczere \u00fcst d\u00fczey yetkililerle bir araya gelece\u011fini aktard\u0131.<br \/>\nTahran, ABD ile yeni bir do\u011frudan g\u00f6r\u00fc\u015fme turunu reddederken, \u0130ranl\u0131 diplomatik bir kaynak Tahran&#8217;\u0131n Washington&#8217;\u0131n &#8220;maksimalist taleplerini&#8221; kabul etmeyece\u011fini belirtti.<br \/>\nBu \u00e7\u0131kmaz, d\u00fcnyan\u0131n en b\u00fcy\u00fck ekonomisi ile \u00f6nemli bir petrol g\u00fcc\u00fcn\u00fc, enerji fiyatlar\u0131n\u0131 \u00e7ok y\u0131ll\u0131k zirvelere ta\u015f\u0131yan, enflasyonu k\u00f6r\u00fckleyen ve k\u00fcresel b\u00fcy\u00fcme beklentilerini karartan bir \u00e7at\u0131\u015fmaya s\u00fcr\u00fckl\u00fcyor.<br \/>\nTruth Social&#8217;da Trump, \u0130ran liderli\u011fi i\u00e7inde &#8220;muazzam bir i\u00e7 \u00e7eki\u015fme ve kafa kar\u0131\u015f\u0131kl\u0131\u011f\u0131&#8221; oldu\u011funu yazd\u0131.<br \/>\n&#8220;Kimsenin kimin sorumlu oldu\u011funu bilmedi\u011fini, kendileri de dahil,&#8221; diye payla\u015fan Trump, &#8220;Ayr\u0131ca, t\u00fcm kartlar bizde, onlarda hi\u00e7 yok! Konu\u015fmak isterlerse, tek yapmalar\u0131 gereken aramak!!!&#8221; ifadelerini kulland\u0131.<br \/>\nB\u00f6lgesel gerilimleri art\u0131ran bir di\u011fer geli\u015fme olarak, \u0130srail Ba\u015fbakan\u0131 Binyamin Netanyahu&#8217;nun ofisi, L\u00fcbnan&#8217;daki Hizbullah hedeflerine sald\u0131rmalar\u0131 i\u00e7in birliklerine emir verdi\u011fini duyurdu. Bu durum, \u00fc\u00e7 haftal\u0131k ate\u015fkese yeni bir s\u0131nama getirdi.<br \/>\nTahran, normalde k\u00fcresel petrol ve s\u0131v\u0131la\u015ft\u0131r\u0131lm\u0131\u015f do\u011fal gaz sevkiyat\u0131n\u0131n be\u015fte birini ta\u015f\u0131yan H\u00fcrm\u00fcz Bo\u011faz\u0131&#8217;n\u0131 b\u00fcy\u00fck \u00f6l\u00e7\u00fcde kapat\u0131rken, Washington \u0130ran&#8217;\u0131n petrol ihracat\u0131n\u0131 engelliyor.<br \/>\nBeyaz Saray bas\u0131n sekreteri Karoline Leavitt daha \u00f6nce, ABD&#8217;nin \u0130ran taraf\u0131ndan baz\u0131 ilerlemeler g\u00f6rd\u00fc\u011f\u00fcn\u00fc ve Ba\u015fkan Yard\u0131mc\u0131s\u0131 JD Vance&#8217;in Pakistan&#8217;a gitmeye haz\u0131r oldu\u011funu s\u00f6ylemi\u015fti. Vance, bu ay \u0130slamabad&#8217;da ba\u015far\u0131s\u0131z bir ilk tur g\u00f6r\u00fc\u015fmeye liderlik etmi\u015fti.<br \/>\nAte\u015fkesin y\u00fcr\u00fcrl\u00fckte oldu\u011fu ABD-\u0130ran \u00e7at\u0131\u015fmas\u0131, 28 \u015eubat&#8217;ta ABD-\u0130srail&#8217;in \u0130ran&#8217;a y\u00f6nelik hava sald\u0131r\u0131lar\u0131yla ba\u015flam\u0131\u015ft\u0131.<br \/>\n\u0130ran o zamandan beri \u0130srail&#8217;i, ABD \u00fcslerini ve K\u00f6rfez \u00fclkelerini vurdu.<br \/>\nReuters<br \/>\n#DonaldTrump #ABD\u0130ranGerilimi #Ortado\u011fuBar\u0131\u015f\u0131 #PakistanG\u00f6r\u00fc\u015fmeleri #H\u00fcrm\u00fczBo\u011faz\u0131 #Diplomasi #EnerjiPiyasalar\u0131 #\u0130ranD\u0131\u015fPolitikas\u0131 #K\u00fcresel\u00c7at\u0131\u015fma #JaredKushner<\/p>\n","protected":false},"excerpt":{"rendered":"<p>ABD Ba\u015fkan\u0131 Donald Trump, el\u00e7iler Jared Kushner ve Steve Witkoff&#8217;un \u0130ran ile bar\u0131\u015f g\u00f6r\u00fc\u015fmeleri i\u00e7in planlanan Pakistan gezisini iptal etti\u011fini duyurdu. Trump, Truth Social hesab\u0131ndan yapt\u0131\u011f\u0131 payla\u015f\u0131mda, ABD&#8217;nin &#8220;t\u00fcm kartlara sahip oldu\u011funu&#8221; ve \u0130ran&#8217;\u0131n konu\u015fmak istemesi halinde &#8220;tek yapmalar\u0131 gerekenin aramak oldu\u011funu&#8221; belirtti. Ba\u015fkan ayr\u0131ca, s\u00f6z konusu gezinin seyahat i\u00e7in &#8220;\u00e7ok fazla zaman kayb\u0131&#8221; olaca\u011f\u0131n\u0131 [&hellip;]<\/p>\n","protected":false},"author":2,"featured_media":9868,"comment_status":"open","ping_status":"open","sticky":false,"template":"","format":"standard","meta":{"footnotes":""},"categories":[37],"tags":[],"class_list":["post-9867","post","type-post","status-publish","format-standard","has-post-thumbnail","hentry","category-orta-dogu-haberleri"],"_links":{"self":[{"href":"https:\/\/fajr.news\/index.php?rest_route=\/wp\/v2\/posts\/9867","targetHints":{"allow":["GET"]}}],"collection":[{"href":"https:\/\/fajr.news\/index.php?rest_route=\/wp\/v2\/posts"}],"about":[{"href":"https:\/\/fajr.news\/index.php?rest_route=\/wp\/v2\/types\/post"}],"author":[{"embeddable":true,"href":"https:\/\/fajr.news\/index.php?rest_route=\/wp\/v2\/users\/2"}],"replies":[{"embeddable":true,"href":"https:\/\/fajr.news\/index.php?rest_route=%2Fwp%2Fv2%2Fcomments&post=9867"}],"version-history":[{"count":0,"href":"https:\/\/fajr.news\/index.php?rest_route=\/wp\/v2\/posts\/9867\/revisions"}],"wp:featuredmedia":[{"embeddable":true,"href":"https:\/\/fajr.news\/index.php?rest_route=\/wp\/v2\/media\/9868"}],"wp:attachment":[{"href":"https:\/\/fajr.news\/index.php?rest_route=%2Fwp%2Fv2%2Fmedia&parent=9867"}],"wp:term":[{"taxonomy":"category","embeddable":true,"href":"https:\/\/fajr.news\/index.php?rest_route=%2Fwp%2Fv2%2Fcategories&post=9867"},{"taxonomy":"post_tag","embeddable":true,"href":"https:\/\/fajr.news\/index.php?rest_route=%2Fwp%2Fv2%2Ftags&post=9867"}],"curies":[{"name":"wp","href":"https:\/\/api.w.org\/{rel}","templated":true}]}}