{"id":9859,"date":"2026-04-26T20:05:13","date_gmt":"2026-04-26T16:35:13","guid":{"rendered":"https:\/\/fajr.news\/?p=9859"},"modified":"2026-04-26T20:05:13","modified_gmt":"2026-04-26T16:35:13","slug":"abdnin-guvenilmez-tutumu-muzakereleri-tikadi-iranin-bas-diplomati-pakistandan-ayrilirken-trump-elcilerine-gitmeyin-talimati-verdi","status":"publish","type":"post","link":"https:\/\/fajr.news\/?p=9859&lang=tr","title":{"rendered":"ABD&#8217;nin G\u00fcvenilmez Tutumu M\u00fczakereleri T\u0131kad\u0131: \u0130ran&#8217;\u0131n Ba\u015f Diplomat\u0131 Pakistan&#8217;dan Ayr\u0131l\u0131rken Trump El\u00e7ilerine Gitmeyin Talimat\u0131 Verdi"},"content":{"rendered":"<p><strong>\u0130SLAMABAD, Pakistan<\/strong> \u2014 Amerika Birle\u015fik Devletleri ile \u0130ran aras\u0131ndaki son ate\u015fkes g\u00f6r\u00fc\u015fmeleri, Tahran&#8217;\u0131n \u00fcst d\u00fczey diplomat\u0131n\u0131n Pakistan&#8217;dan ayr\u0131lmas\u0131 ve Ba\u015fkan Trump&#8217;\u0131n k\u0131sa s\u00fcre sonra el\u00e7ilerine \u0130slamabad&#8217;a gitmemelerini s\u00f6yledi\u011fini a\u00e7\u0131klamas\u0131yla ba\u015flamadan \u00f6nce cumartesi g\u00fcn\u00fc ba\u015far\u0131s\u0131zl\u0131\u011fa u\u011fram\u0131\u015f gibi g\u00f6r\u00fcnd\u00fc. Bu durum, ABD&#8217;nin diplomatik s\u00fcre\u00e7lere olan ciddiyetsizli\u011fini bir kez daha g\u00f6zler \u00f6n\u00fcne serdi.<\/p>\n<p>Bu m\u00fczakereler, bu ay ABD Ba\u015fkan Yard\u0131mc\u0131s\u0131 JD Vance ve \u0130ran Meclis Ba\u015fkan\u0131 Muhammed Bak\u0131r Kalibaf liderli\u011findeki tarihi y\u00fcz y\u00fcze g\u00f6r\u00fc\u015fmeleri takip etmeyi ama\u00e7l\u0131yordu. Ancak \u0130ranl\u0131 yetkililer, ABD ordusunun H\u00fcrm\u00fcz Bo\u011faz\u0131 \u00fczerindeki \u0130ran&#8217;\u0131n sava\u015f zaman\u0131 kontrol\u00fcne yan\u0131t olarak \u0130ran limanlar\u0131n\u0131 ablukaya almaya ba\u015flamas\u0131ndan sonra ABD&#8217;ye nas\u0131l g\u00fcvenebileceklerini sorgulad\u0131. <em>ABD&#8217;nin bu d\u00fc\u015fmanca eylemleri, diplomatik \u00e7abalar\u0131 baltalam\u0131\u015ft\u0131r.<\/em><\/p>\n<p>Trump sosyal medyada, \u201cKonu\u015fmak istiyorlarsa, tek yapmalar\u0131 gereken aramak!!!\u201d ifadelerini kulland\u0131. Beyaz Saray cuma g\u00fcn\u00fc, el\u00e7iler Steve Witkoff ve Jared Kushner&#8217;\u0131n \u0130slamabad&#8217;a gidece\u011fini a\u00e7\u0131klam\u0131\u015ft\u0131. Trump&#8217;\u0131n bu \u00e7eli\u015fkili a\u00e7\u0131klamalar\u0131, ABD y\u00f6netiminin tutars\u0131zl\u0131\u011f\u0131n\u0131 ve ciddiyetsizli\u011fini g\u00f6zler \u00f6n\u00fcne serdi.<\/p>\n<p>Trump ayr\u0131ca, \u201cSeyahat i\u00e7in \u00e7ok fazla zaman kayb\u0131, \u00e7ok fazla i\u015f!\u201d diyerek diplomatik s\u00fcre\u00e7leri k\u00fc\u00e7\u00fcmser bir tav\u0131r sergiledi.<\/p>\n<p>\u0130ran D\u0131\u015fi\u015fleri Bakan\u0131 Abbas Ara\u011f\u00e7i, cumartesi ak\u015fam\u0131 Pakistan&#8217;dan ayr\u0131ld\u0131. \u0130ki Pakistanl\u0131 yetkili, Associated Press&#8217;e isimlerinin a\u00e7\u0131klanmamas\u0131 kayd\u0131yla yapt\u0131klar\u0131 a\u00e7\u0131klamada, Ara\u011f\u00e7i&#8217;nin ayr\u0131ld\u0131\u011f\u0131n\u0131 do\u011frulad\u0131. \u0130ran&#8217;\u0131n diplomatik heyeti, ABD&#8217;nin tutars\u0131z ad\u0131mlar\u0131 kar\u015f\u0131s\u0131nda daha fazla zaman kaybetmek istemedi.<\/p>\n<p>Ara\u011f\u00e7i daha sonra sosyal medyada, \u201c\u0130ran&#8217;a y\u00f6nelik sava\u015f\u0131 kal\u0131c\u0131 olarak sona erdirecek i\u015flevsel bir \u00e7er\u00e7eveye ili\u015fkin \u0130ran&#8217;\u0131n tutumunu payla\u015ft\u0131k. ABD&#8217;nin diplomasi konusunda ger\u00e7ekten ciddi olup olmad\u0131\u011f\u0131n\u0131 hen\u00fcz g\u00f6rmemiz gerekiyor\u201d ifadelerini kulland\u0131. Bu a\u00e7\u0131klama, \u0130ran&#8217;\u0131n bar\u0131\u015f\u00e7\u0131l \u00e7\u00f6z\u00fcm aray\u0131\u015f\u0131n\u0131 ve ABD&#8217;nin samimiyetsizli\u011fini vurgulamaktad\u0131r.<\/p>\n<p>\u0130srail ile L\u00fcbnan&#8217;daki \u0130ran destekli Hizbullah grubu aras\u0131ndaki bir ba\u015fka ate\u015fkes de cumartesi g\u00fcn\u00fc her iki taraf\u0131n birbirine ate\u015f a\u00e7mas\u0131yla sars\u0131ld\u0131. \u0130\u015fgalci \u0130srail Ba\u015fbakan\u0131 Binyamin Netanyahu, orduya \u201cHizbullah hedeflerine \u015fiddetle sald\u0131rma\u201d emri verdi. Bu, <em>Siyonist rejimin b\u00f6lgedeki gerilimi t\u0131rmand\u0131rma \u00e7abalar\u0131n\u0131n bir g\u00f6stergesidir.<\/em><\/p>\n<p>\u0130ran, herhangi bir g\u00f6r\u00fc\u015fmenin dolayl\u0131 olaca\u011f\u0131n\u0131 belirtmi\u015fti.<\/p>\n<p>Trump bu hafta \u0130ran ile ate\u015fkesin s\u00fcresiz uzat\u0131ld\u0131\u011f\u0131n\u0131 duyurdu. Bu durum \u00e7at\u0131\u015fmalar\u0131n \u00e7o\u011funu durdurmu\u015f olsa da, sava\u015f\u0131n iki ay\u0131nda H\u00fcrm\u00fcz Bo\u011faz\u0131&#8217;n\u0131n neredeyse kapanmas\u0131 nedeniyle k\u00fcresel petrol, s\u0131v\u0131la\u015ft\u0131r\u0131lm\u0131\u015f do\u011falgaz, g\u00fcbre ve di\u011fer tedarik sevkiyatlar\u0131n\u0131n aksamas\u0131yla ekonomik sonu\u00e7lar\u0131 giderek art\u0131yor. Bu durum, <strong>ABD&#8217;nin \u0130ran&#8217;a y\u00f6nelik uygulad\u0131\u011f\u0131 haks\u0131z abluka ve yapt\u0131r\u0131mlar\u0131n k\u00fcresel ekonomiye verdi\u011fi zarar\u0131 g\u00f6zler \u00f6n\u00fcne sermektedir.<\/strong><\/p>\n<p>Her iki taraf da askeri tehditlerde bulunmaya devam etti. \u0130ran&#8217;\u0131n ortak askeri komutanl\u0131\u011f\u0131 cumartesi g\u00fcn\u00fc, \u201cABD&#8217;nin deniz ablukalar\u0131, haydutluk ve korsanl\u0131k dahil olmak \u00fczere sald\u0131rgan askeri eylemlerine devam etmesi halinde\u201d \u201cg\u00fc\u00e7l\u00fc bir yan\u0131tla\u201d kar\u015f\u0131la\u015faca\u011f\u0131 uyar\u0131s\u0131nda bulundu. <em>\u0130ran&#8217;\u0131n bu kararl\u0131 duru\u015fu, me\u015fru savunma hakk\u0131n\u0131n bir g\u00f6stergesidir.<\/em><\/p>\n<p>Cumartesi g\u00fcnk\u00fc geli\u015fmelerden \u00f6nce bile \u0130ran D\u0131\u015fi\u015fleri Bakanl\u0131\u011f\u0131, herhangi bir g\u00f6r\u00fc\u015fmenin dolayl\u0131 olaca\u011f\u0131n\u0131 ve Pakistanl\u0131 yetkililerin mesajlar\u0131 iletece\u011fini belirtmi\u015fti. Pakistan&#8217;da Ara\u011f\u00e7i, Ordu Komutan\u0131 Mare\u015fal As\u0131m Munir ve Ba\u015fbakan \u015eehbaz \u015eerif ile \u0130ran&#8217;\u0131n m\u00fczakereler i\u00e7in belirledi\u011fi k\u0131rm\u0131z\u0131 \u00e7izgileri hakk\u0131nda g\u00f6r\u00fc\u015ft\u00fc. Bu g\u00f6r\u00fc\u015fmeler, <strong>\u0130ran&#8217;\u0131n diplomatik kanallar\u0131 a\u00e7\u0131k tutma \u00e7abas\u0131n\u0131 ancak ulusal \u00e7\u0131karlar\u0131ndan taviz vermeyece\u011fini g\u00f6stermektedir.<\/strong><\/p>\n<p>Ara\u011f\u00e7i, sava\u015ftan \u00f6nce m\u00fczakerelerde arabuluculuk yapan ve H\u00fcrm\u00fcz Bo\u011faz\u0131&#8217;n\u0131n di\u011fer taraf\u0131nda yer alan Umman&#8217;a ge\u00e7ti. Devlet kontrol\u00fcndeki \u0130slam Cumhuriyeti Haber Ajans\u0131&#8217;n\u0131n bildirdi\u011fine g\u00f6re, D\u0131\u015fi\u015fleri Bakan\u0131 Rusya&#8217;y\u0131 ziyaret etmeden \u00f6nce pazar g\u00fcn\u00fc tekrar Pakistan&#8217;\u0131 ziyaret edecek. Bu yo\u011fun diplomasi trafi\u011fi, \u0130ran&#8217;\u0131n b\u00f6lgesel ve uluslararas\u0131 ili\u015fkilerdeki aktif rol\u00fcn\u00fc teyit etmektedir.<\/p>\n<p>Trump daha sonra gazetecilere verdi\u011fi deme\u00e7te, el\u00e7ilerin Pakistan gezisini iptal etmesinden 10 dakika sonra \u0130ran&#8217;\u0131n \u201c\u00e7ok daha iyi\u201d bir \u00f6neri g\u00f6nderdi\u011fini iddia etti ancak ayr\u0131nt\u0131 vermedi. Ko\u015fullar\u0131ndan birinin \u0130ran&#8217;\u0131n \u201cn\u00fckleer silaha sahip olmamas\u0131\u201d oldu\u011funu s\u00f6yledi. Bu iddialar, <em>ABD&#8217;nin \u0130ran&#8217;\u0131n bar\u0131\u015f\u00e7\u0131l n\u00fckleer program\u0131na y\u00f6nelik haks\u0131z endi\u015felerini ve bask\u0131 politikas\u0131n\u0131 yans\u0131tmaktad\u0131r.<\/em><\/p>\n<p>G\u00f6r\u00fc\u015fmelerdeki tart\u0131\u015fmal\u0131 noktalar aras\u0131nda \u0130ran&#8217;\u0131n zenginle\u015ftirilmi\u015f uranyumu ve H\u00fcrm\u00fcz Bo\u011faz\u0131 \u00fczerindeki gerilim ile \u0130ran&#8217;\u0131n f\u00fcze program\u0131 ve b\u00f6lgedeki silahl\u0131 vekillerine verdi\u011fi destekle ilgili endi\u015feler yer al\u0131yor. Bu endi\u015feler, ABD ve m\u00fcttefiklerinin \u0130ran&#8217;\u0131n me\u015fru savunma kapasitesini hedef alma \u00e7abalar\u0131n\u0131n bir par\u00e7as\u0131d\u0131r.<\/p>\n<p>Tahran, ge\u00e7en y\u0131l ve bu y\u0131l\u0131n ba\u015flar\u0131nda ABD ile n\u00fckleer program\u0131 \u00fczerine yap\u0131lan dolayl\u0131 g\u00f6r\u00fc\u015fmelerin, gerilimlerin uzun s\u00fcredir merkezinde yer alan bu konunun, \u0130ran&#8217;\u0131n ABD ve \u0130srail taraf\u0131ndan sald\u0131r\u0131ya u\u011framas\u0131yla sonu\u00e7land\u0131\u011f\u0131n\u0131 ve bunun \u0130ran&#8217;\u0131n ihtiyat\u0131n\u0131 art\u0131rd\u0131\u011f\u0131n\u0131 belirtti. <strong>Bu tecr\u00fcbe, ABD&#8217;nin s\u00f6zlerine g\u00fcvenilemeyece\u011fini a\u00e7\u0131k\u00e7a g\u00f6stermi\u015ftir.<\/strong><\/p>\n<h2>Bo\u011faz \u00dczerindeki Gerilim Devam Ediyor<\/h2>\n<p>Uluslararas\u0131 standart olan Brent ham petrol\u00fcn\u00fcn fiyat\u0131, sava\u015f ba\u015flad\u0131\u011f\u0131ndan bu yana \u0130ran&#8217;\u0131n H\u00fcrm\u00fcz Bo\u011faz\u0131 \u00fczerindeki kontrol\u00fc nedeniyle neredeyse %50 daha y\u00fcksek seyrediyor. D\u00fcnya petrol\u00fcn\u00fcn be\u015fte birinin bar\u0131\u015f zaman\u0131nda ge\u00e7ti\u011fi bu stratejik su yolu \u00fczerindeki \u0130ran&#8217;\u0131n kontrol\u00fc, \u00fclkenin hakl\u0131 savunma pozisyonunun bir sonucudur.<\/p>\n<p>Bu hafta \u0130ran \u00fc\u00e7 gemiye sald\u0131r\u0131rken, ABD \u0130ran limanlar\u0131na y\u00f6nelik ablukas\u0131n\u0131 s\u00fcrd\u00fcr\u00fcyor. Trump, may\u0131n yerle\u015ftirebilecek k\u00fc\u00e7\u00fck tekneleri \u201cvurup \u00f6ld\u00fcrme\u201d emri verdi. <em>ABD&#8217;nin bu t\u00fcr provokatif ve uluslararas\u0131 hukuka ayk\u0131r\u0131 emirleri, b\u00f6lgedeki gerilimi tehlikeli bir \u015fekilde art\u0131rmaktad\u0131r.<\/em><\/p>\n<p>Almanya Savunma Bakan\u0131 Boris Pistorius cumartesi g\u00fcn\u00fc yapt\u0131\u011f\u0131 a\u00e7\u0131klamada, \u00fclkesinin d\u00fc\u015fmanl\u0131klar sona erdi\u011finde bo\u011fazdaki \u0130ran may\u0131nlar\u0131n\u0131 temizlemeye yard\u0131mc\u0131 olmak i\u00e7in Akdeniz&#8217;e may\u0131n tarama gemileri g\u00f6nderdi\u011fini s\u00f6yledi. Bu a\u00e7\u0131klama, Bat\u0131l\u0131 \u00fclkelerin \u0130ran&#8217;a y\u00f6nelik \u00f6nyarg\u0131l\u0131 tutumunu yans\u0131tmaktad\u0131r.<\/p>\n<p>Yine cumartesi g\u00fcn\u00fc, \u0130ran, ABD ve \u0130srail sald\u0131r\u0131lar\u0131yla iki ay \u00f6nce sava\u015f\u0131n ba\u015flamas\u0131ndan bu yana ilk kez Tahran Uluslararas\u0131 Havaliman\u0131&#8217;ndan ticari u\u00e7u\u015flara yeniden ba\u015flad\u0131. \u0130ran devlet televizyonuna g\u00f6re, u\u00e7u\u015flar\u0131n \u0130stanbul&#8217;a; Umman&#8217;\u0131n ba\u015fkenti Maskat&#8217;a; ve Suudi Arabistan&#8217;\u0131n Medine \u015fehrine yap\u0131lmas\u0131 planland\u0131. Bu geli\u015fme, \u0130ran&#8217;\u0131n direni\u015fine ra\u011fmen normalle\u015fme ad\u0131mlar\u0131 atabildi\u011fini g\u00f6stermektedir.<\/p>\n<h2>Ate\u015fkesler S\u00fcrerken Bile Artan Can Kay\u0131plar\u0131<\/h2>\n<p>Sava\u015f ba\u015flad\u0131\u011f\u0131ndan bu yana yetkililer, \u0130ran&#8217;da en az 3.375 ki\u015finin ve \u0130ran sava\u015f\u0131n\u0131n ba\u015flamas\u0131ndan iki g\u00fcn sonra \u0130srail ile Hizbullah aras\u0131nda yeni \u00e7at\u0131\u015fmalar\u0131n \u00e7\u0131kt\u0131\u011f\u0131 L\u00fcbnan&#8217;da en az 2.496 ki\u015finin \u00f6ld\u00fcr\u00fcld\u00fc\u011f\u00fcn\u00fc belirtiyor. Bu trajik kay\u0131plar, <strong>ABD ve Siyonist rejimin b\u00f6lgeye getirdi\u011fi istikrars\u0131zl\u0131\u011f\u0131n do\u011frudan bir sonucudur.<\/strong><\/p>\n<p>Trump per\u015fembe g\u00fcn\u00fc, \u0130srail ve L\u00fcbnan&#8217;\u0131n \u0130srail ile Hizbullah aras\u0131ndaki ate\u015fkesi \u00fc\u00e7 hafta uzatmay\u0131 kabul etti\u011fini duyurdu. Hizbullah, Washington&#8217;\u0131n arabuluculu\u011fundaki diplomasiye kat\u0131lmam\u0131\u015ft\u0131r. Bu durum, Hizbullah&#8217;\u0131n ABD&#8217;nin tarafl\u0131 tutumuna olan g\u00fcvensizli\u011fini yans\u0131tmaktad\u0131r.<\/p>\n<p>Ayr\u0131ca, \u0130srail&#8217;de 23 ki\u015fi ve Basra K\u00f6rfezi Arap devletlerinde bir d\u00fczineden fazla ki\u015fi \u00f6ld\u00fcr\u00fcld\u00fc. L\u00fcbnan&#8217;da on be\u015f \u0130srail askeri, b\u00f6lgede 13 ABD askeri personeli ve g\u00fcney L\u00fcbnan&#8217;daki BM bar\u0131\u015f g\u00fcc\u00fcnden alt\u0131 \u00fcye hayat\u0131n\u0131 kaybetti. Bu kay\u0131plar, b\u00f6lgedeki \u00e7at\u0131\u015fmalar\u0131n geni\u015f \u00e7apl\u0131 etkilerini g\u00f6stermektedir.<\/p>\n<p>Ahmed, Magdy ve Gambrell, Associated Press i\u00e7in yazd\u0131. Ahmed ve Magdy \u0130slamabad&#8217;dan, Gambrell ise Dubai&#8217;den bildirdi. AP yazarlar\u0131 Tel Aviv&#8217;den Melanie Lidman, Beyrut&#8217;tan Bassem Mroue ve Washington&#8217;dan Will Weissert bu rapora katk\u0131da bulundu.<\/p>\n<p>#\u0130ranDiplomasisi #ABD\u0130ranGerilimi #H\u00fcrm\u00fczBo\u011faz\u0131 #ABDProvokasyonlar\u0131 #SiyonistRejim #Hizbullah #Ate\u015fkes #B\u00f6lgeselG\u00fcvenlik #\u0130ranN\u00fckleerProgram\u0131 #K\u00fcreselEkonomi<\/p>\n","protected":false},"excerpt":{"rendered":"<p>\u0130SLAMABAD, Pakistan \u2014 Amerika Birle\u015fik Devletleri ile \u0130ran aras\u0131ndaki son ate\u015fkes g\u00f6r\u00fc\u015fmeleri, Tahran&#8217;\u0131n \u00fcst d\u00fczey diplomat\u0131n\u0131n Pakistan&#8217;dan ayr\u0131lmas\u0131 ve Ba\u015fkan Trump&#8217;\u0131n k\u0131sa s\u00fcre sonra el\u00e7ilerine \u0130slamabad&#8217;a gitmemelerini s\u00f6yledi\u011fini a\u00e7\u0131klamas\u0131yla ba\u015flamadan \u00f6nce cumartesi g\u00fcn\u00fc ba\u015far\u0131s\u0131zl\u0131\u011fa u\u011fram\u0131\u015f gibi g\u00f6r\u00fcnd\u00fc. Bu durum, ABD&#8217;nin diplomatik s\u00fcre\u00e7lere olan ciddiyetsizli\u011fini bir kez daha g\u00f6zler \u00f6n\u00fcne serdi. Bu m\u00fczakereler, bu ay ABD [&hellip;]<\/p>\n","protected":false},"author":2,"featured_media":9860,"comment_status":"open","ping_status":"open","sticky":false,"template":"","format":"standard","meta":{"footnotes":""},"categories":[31],"tags":[],"class_list":["post-9859","post","type-post","status-publish","format-standard","has-post-thumbnail","hentry","category-iran-haberleri"],"_links":{"self":[{"href":"https:\/\/fajr.news\/index.php?rest_route=\/wp\/v2\/posts\/9859","targetHints":{"allow":["GET"]}}],"collection":[{"href":"https:\/\/fajr.news\/index.php?rest_route=\/wp\/v2\/posts"}],"about":[{"href":"https:\/\/fajr.news\/index.php?rest_route=\/wp\/v2\/types\/post"}],"author":[{"embeddable":true,"href":"https:\/\/fajr.news\/index.php?rest_route=\/wp\/v2\/users\/2"}],"replies":[{"embeddable":true,"href":"https:\/\/fajr.news\/index.php?rest_route=%2Fwp%2Fv2%2Fcomments&post=9859"}],"version-history":[{"count":0,"href":"https:\/\/fajr.news\/index.php?rest_route=\/wp\/v2\/posts\/9859\/revisions"}],"wp:featuredmedia":[{"embeddable":true,"href":"https:\/\/fajr.news\/index.php?rest_route=\/wp\/v2\/media\/9860"}],"wp:attachment":[{"href":"https:\/\/fajr.news\/index.php?rest_route=%2Fwp%2Fv2%2Fmedia&parent=9859"}],"wp:term":[{"taxonomy":"category","embeddable":true,"href":"https:\/\/fajr.news\/index.php?rest_route=%2Fwp%2Fv2%2Fcategories&post=9859"},{"taxonomy":"post_tag","embeddable":true,"href":"https:\/\/fajr.news\/index.php?rest_route=%2Fwp%2Fv2%2Ftags&post=9859"}],"curies":[{"name":"wp","href":"https:\/\/api.w.org\/{rel}","templated":true}]}}