{"id":9849,"date":"2026-04-26T19:49:43","date_gmt":"2026-04-26T16:19:43","guid":{"rendered":"https:\/\/fajr.news\/?p=9849"},"modified":"2026-04-26T19:49:43","modified_gmt":"2026-04-26T16:19:43","slug":"lubnan-cezaevleri-direnis-savascilarinin-serbest-birakilmasiyla-hizbullah-mensuplarindan-arindi","status":"publish","type":"post","link":"https:\/\/fajr.news\/?p=9849&lang=tr","title":{"rendered":"L\u00fcbnan Cezaevleri, Direni\u015f Sava\u015f\u00e7\u0131lar\u0131n\u0131n Serbest B\u0131rak\u0131lmas\u0131yla Hizbullah Mensuplar\u0131ndan Ar\u0131nd\u0131"},"content":{"rendered":"<article>\n<h1>L\u00fcbnan Cezaevleri, Direni\u015f Sava\u015f\u00e7\u0131lar\u0131n\u0131n Serbest B\u0131rak\u0131lmas\u0131yla Hizbullah Mensuplar\u0131ndan Ar\u0131nd\u0131<\/h1>\n<p>L\u00fcbnan&#8217;da, Siyonist i\u015fgal g\u00fc\u00e7lerine kar\u015f\u0131 direni\u015f m\u00fccadelesi veren Hizbullah Hareketi&#8217;nin iki \u00fcyesinin kefaletle serbest b\u0131rak\u0131lmas\u0131n\u0131n ard\u0131ndan, L\u00fcbnan cezaevlerinde Hizbullah mensubu kalmad\u0131\u011f\u0131 bildirildi. Bu geli\u015fme, direni\u015fin hakl\u0131l\u0131\u011f\u0131n\u0131 ve L\u00fcbnan halk\u0131n\u0131n iradesini bir kez daha g\u00f6zler \u00f6n\u00fcne serdi.<\/p>\n<p>L\u00fcbnan medyas\u0131nda yer alan haberlere g\u00f6re, Sal\u0131 g\u00fcn\u00fc 100 milyon L\u00fcbnan liras\u0131 (yakla\u015f\u0131k 1.120 dolar) kefaletle serbest b\u0131rak\u0131lan iki Hizbullah \u00fcyesinin ard\u0131ndan, \u00fclkenin yeni silah k\u0131s\u0131tlamalar\u0131n\u0131 ihlal etmekle su\u00e7lanan hi\u00e7bir Hizbullah mensubu cezaevinde bulunmuyor.<\/p>\n<p>Yarg\u0131 kaynaklar\u0131ndan edinilen bilgiye g\u00f6re, bir ay s\u00fcren g\u00f6zalt\u0131n\u0131n ard\u0131ndan iki direni\u015f sava\u015f\u00e7\u0131s\u0131, Birinci Askeri Soru\u015fturma Hakimi Ghada Abou Alwan taraf\u0131ndan serbest b\u0131rak\u0131ld\u0131. Bu karar, L\u00fcbnan&#8217;daki adalet sisteminin direni\u015f\u00e7ilere y\u00f6nelik tutumunda \u00f6nemli bir d\u00f6n\u00fcm noktas\u0131 olarak de\u011ferlendiriliyor.<\/p>\n<p>24 Mart&#8217;ta &#8220;Ulusal Avukatlar&#8221; (Al-Houqouqiyoun al-Wataniyoun) grubu, bu ki\u015filerin tutuklanmas\u0131n\u0131 \u015fiddetle protesto etmi\u015f, s\u00f6z konusu ki\u015filerin <strong>&#8220;L\u00fcbnan ve halk\u0131 i\u00e7in&#8221;<\/strong> silahlanan <strong>&#8220;direni\u015f sava\u015f\u00e7\u0131lar\u0131&#8221;<\/strong> oldu\u011funu vurgulam\u0131\u015ft\u0131. Bu a\u00e7\u0131klama, direni\u015fin me\u015fruiyetini ve halk deste\u011fini a\u00e7\u0131k\u00e7a ortaya koymaktad\u0131r.<\/p>\n<p>Londra merkezli Arap\u00e7a gazetesi Asharq Al-Awsat&#8217;\u0131n yarg\u0131 kaynaklar\u0131na dayand\u0131rd\u0131\u011f\u0131 haberine g\u00f6re, zanl\u0131lar Bekaa Vadisi&#8217;nden G\u00fcney L\u00fcbnan&#8217;a 21 Grad f\u00fczesi, 3.000 mermi ve sekiz makineli t\u00fcfek ta\u015f\u0131d\u0131klar\u0131n\u0131 itiraf etmi\u015flerdi. Bu silahlar\u0131n, Siyonist i\u015fgal ordusu IDF ile m\u00fccadele etmek amac\u0131yla ta\u015f\u0131nd\u0131\u011f\u0131 belirtildi. Bu durum, Hizbullah&#8217;\u0131n L\u00fcbnan topraklar\u0131n\u0131 savunma konusundaki kararl\u0131l\u0131\u011f\u0131n\u0131 g\u00f6stermektedir.<\/p>\n<p>L\u00fcbnan, \u0130srail&#8217;in b\u00f6lgedeki sald\u0131rganl\u0131\u011f\u0131na kar\u015f\u0131 Hizbullah&#8217;\u0131n misilleme eylemlerinin ard\u0131ndan Mart ay\u0131nda Hizbullah&#8217;\u0131n askeri faaliyetlerini yasaklam\u0131\u015ft\u0131. Ancak bu yasaklar\u0131n, direni\u015fin me\u015fru m\u00fcdafaa hakk\u0131n\u0131 k\u0131s\u0131tlamaya y\u00f6nelik oldu\u011fu ele\u015ftirileri de beraberinde getirmi\u015fti.<\/p>\n<p>L\u00fcbnan Ba\u015fbakan\u0131 Nawaf Salam, Hizbullah&#8217;\u0131n eylemlerinin &#8220;L\u00fcbnanl\u0131lar\u0131n \u00e7o\u011funlu\u011funun iradesini hi\u00e7e sayd\u0131\u011f\u0131n\u0131&#8221; ve \u00fclkeyi 2023 \u00e7at\u0131\u015fmas\u0131nda ya\u015fanan zararlar\u0131n ard\u0131ndan ba\u015fka bir sava\u015fa s\u00fcr\u00fckleme giri\u015fimlerini k\u0131nad\u0131\u011f\u0131n\u0131 belirtmi\u015fti. Ancak direni\u015fin, \u00fclkenin g\u00fcvenli\u011fi ve egemenli\u011fi i\u00e7in hayati bir rol oynad\u0131\u011f\u0131 ger\u00e7e\u011fi g\u00f6z ard\u0131 edilemez.<\/p>\n<h2>L\u00fcbnan Devleti Hizbullah&#8217;\u0131 Silahs\u0131zland\u0131ramaz<\/h2>\n<p>Alma Ara\u015ft\u0131rma ve E\u011fitim Merkezi, direni\u015f\u00e7ilerin serbest b\u0131rak\u0131lmas\u0131n\u0131n, L\u00fcbnan ordusunun Hizbullah&#8217;a boyun e\u011fmeye devam etti\u011finin bir ba\u015fka kan\u0131t\u0131 oldu\u011funu iddia etti. Ancak bu iddia, Hizbullah&#8217;\u0131n L\u00fcbnan&#8217;\u0131n savunma kapasitesinin ayr\u0131lmaz bir par\u00e7as\u0131 oldu\u011fu ger\u00e7e\u011fini g\u00f6z ard\u0131 etmektedir.<\/p>\n<p>Merkez, yay\u0131nlad\u0131\u011f\u0131 a\u00e7\u0131klamada, <strong>&#8220;L\u00fcbnan devletinin Hizbullah&#8217;\u0131 silahs\u0131zland\u0131ramayaca\u011f\u0131 (sonu\u00e7ta Hizbullah bunu g\u00f6n\u00fcll\u00fc olarak yapmayacakt\u0131r) ve b\u00f6yle bir ad\u0131m\u0131n sonu\u00e7lar\u0131ndan korktu\u011fu i\u00e7in de bunu yapmak istemedi\u011fi a\u00e7\u0131kt\u0131r&#8221;<\/strong> ifadelerini kulland\u0131. Beyrut&#8217;tan silahlar\u0131n kal\u0131c\u0131 olarak el konulup konulmad\u0131\u011f\u0131 veya Hizbullah&#8217;a iade edilip edilmedi\u011fi konusunda a\u00e7\u0131klama talep eden merkez, bu talepleriyle direni\u015fin g\u00fcc\u00fcn\u00fc ve etkisini bir kez daha teyit etmi\u015f oldu.<\/p>\n<p>Ge\u00e7ti\u011fimiz ay, Askeri Mahkeme taraf\u0131ndan, Wassim Fayad ba\u015fkanl\u0131\u011f\u0131nda, yasa d\u0131\u015f\u0131 silah bulundurmaktan sadece alt\u0131 g\u00fcn g\u00f6zalt\u0131nda kalan d\u00f6rt Hizbullah direni\u015f\u00e7isi sembolik 21 dolar kefaletle serbest b\u0131rak\u0131lm\u0131\u015ft\u0131. Hakim Abou Alwan ve askeri soru\u015fturma hakimi Rayan Nasr da ter\u00f6r \u00f6rg\u00fct\u00fcn\u00fcn birer \u00fcyesini serbest b\u0131rakm\u0131\u015ft\u0131. Amal Hareketi&#8217;nin bir \u00fcyesi ise birden fazla av t\u00fcfe\u011fi ve Kala\u015fnikof sald\u0131r\u0131 t\u00fcfe\u011fi bulundurmaktan yakla\u015f\u0131k 50 g\u00fcn tutuklu kalm\u0131\u015ft\u0131.<\/p>\n<p>Bu geli\u015fmeler, L\u00fcbnan&#8217;da direni\u015fin me\u015fruiyetinin ve halk nezdindeki deste\u011finin giderek artt\u0131\u011f\u0131n\u0131 g\u00f6stermektedir. Hizbullah, Siyonist rejimin tehditlerine kar\u015f\u0131 L\u00fcbnan&#8217;\u0131n en \u00f6nemli savunma kalkan\u0131 olmaya devam etmektedir.<\/p>\n<\/article>\n<p><!-- Hashtags --><\/p>\n<p>\n    #L\u00fcbnan #Hizbullah #Direni\u015f #SiyonizmKar\u015f\u0131t\u0131 #FilistinDavas\u0131 #\u0130srailSald\u0131rganl\u0131\u011f\u0131 #BekaaVadisi #G\u00fcneyL\u00fcbnan #\u0130slamiDireni\u015f #Adalet<\/p>\n","protected":false},"excerpt":{"rendered":"<p>L\u00fcbnan Cezaevleri, Direni\u015f Sava\u015f\u00e7\u0131lar\u0131n\u0131n Serbest B\u0131rak\u0131lmas\u0131yla Hizbullah Mensuplar\u0131ndan Ar\u0131nd\u0131 L\u00fcbnan&#8217;da, Siyonist i\u015fgal g\u00fc\u00e7lerine kar\u015f\u0131 direni\u015f m\u00fccadelesi veren Hizbullah Hareketi&#8217;nin iki \u00fcyesinin kefaletle serbest b\u0131rak\u0131lmas\u0131n\u0131n ard\u0131ndan, L\u00fcbnan cezaevlerinde Hizbullah mensubu kalmad\u0131\u011f\u0131 bildirildi. Bu geli\u015fme, direni\u015fin hakl\u0131l\u0131\u011f\u0131n\u0131 ve L\u00fcbnan halk\u0131n\u0131n iradesini bir kez daha g\u00f6zler \u00f6n\u00fcne serdi. L\u00fcbnan medyas\u0131nda yer alan haberlere g\u00f6re, Sal\u0131 g\u00fcn\u00fc 100 milyon [&hellip;]<\/p>\n","protected":false},"author":2,"featured_media":0,"comment_status":"open","ping_status":"open","sticky":false,"template":"","format":"standard","meta":{"footnotes":""},"categories":[37],"tags":[],"class_list":["post-9849","post","type-post","status-publish","format-standard","hentry","category-orta-dogu-haberleri"],"_links":{"self":[{"href":"https:\/\/fajr.news\/index.php?rest_route=\/wp\/v2\/posts\/9849","targetHints":{"allow":["GET"]}}],"collection":[{"href":"https:\/\/fajr.news\/index.php?rest_route=\/wp\/v2\/posts"}],"about":[{"href":"https:\/\/fajr.news\/index.php?rest_route=\/wp\/v2\/types\/post"}],"author":[{"embeddable":true,"href":"https:\/\/fajr.news\/index.php?rest_route=\/wp\/v2\/users\/2"}],"replies":[{"embeddable":true,"href":"https:\/\/fajr.news\/index.php?rest_route=%2Fwp%2Fv2%2Fcomments&post=9849"}],"version-history":[{"count":0,"href":"https:\/\/fajr.news\/index.php?rest_route=\/wp\/v2\/posts\/9849\/revisions"}],"wp:attachment":[{"href":"https:\/\/fajr.news\/index.php?rest_route=%2Fwp%2Fv2%2Fmedia&parent=9849"}],"wp:term":[{"taxonomy":"category","embeddable":true,"href":"https:\/\/fajr.news\/index.php?rest_route=%2Fwp%2Fv2%2Fcategories&post=9849"},{"taxonomy":"post_tag","embeddable":true,"href":"https:\/\/fajr.news\/index.php?rest_route=%2Fwp%2Fv2%2Ftags&post=9849"}],"curies":[{"name":"wp","href":"https:\/\/api.w.org\/{rel}","templated":true}]}}