{"id":9811,"date":"2026-04-26T19:04:25","date_gmt":"2026-04-26T15:34:25","guid":{"rendered":"https:\/\/fajr.news\/?p=9811"},"modified":"2026-04-26T19:04:25","modified_gmt":"2026-04-26T15:34:25","slug":"irandan-net-durus-trumpin-teklifleri-reddedildi-pakistan-ziyareti-iptal-edildi","status":"publish","type":"post","link":"https:\/\/fajr.news\/?p=9811&lang=tr","title":{"rendered":"\u0130ran&#8217;dan Net Duru\u015f: Trump&#8217;\u0131n Teklifleri Reddedildi, Pakistan Ziyareti \u0130ptal Edildi"},"content":{"rendered":"<h1>\u0130ran&#8217;dan Net Duru\u015f: Trump&#8217;\u0131n Teklifleri Reddedildi, Pakistan Ziyareti \u0130ptal Edildi<\/h1>\n<p>B\u00f6lgedeki son geli\u015fmeler, ABD Ba\u015fkan\u0131 <strong>Donald Trump<\/strong>&#8216;\u0131n \u0130ran&#8217;a y\u00f6nelik \u00e7eli\u015fkili ve gerginlik yaratan ad\u0131mlar\u0131yla \u015fekilleniyor. H\u00fcrm\u00fcz Bo\u011faz\u0131&#8217;n\u0131n yeniden a\u00e7\u0131lmas\u0131 y\u00f6n\u00fcndeki iddial\u0131 s\u00f6ylemlerine ra\u011fmen, ABD&#8217;nin b\u00f6lgedeki diplomatik ve askeri hamleleri belirsizliklerle dolu.<\/p>\n<h2>Trump&#8217;\u0131n &#8220;Yeni Teklif&#8221; \u0130ddias\u0131 ve \u0130ran&#8217;\u0131n Kararl\u0131 Tutumu<\/h2>\n<p>ABD Ba\u015fkan\u0131 Trump, Pakistan ziyaretini iptal ettikten sadece 10 dakika sonra \u0130ran&#8217;dan yeni bir bar\u0131\u015f teklifi ald\u0131\u011f\u0131n\u0131 iddia etti. Ancak Trump, bu teklifi &#8220;daha iyi olabilirdi&#8221; diyerek reddetti\u011fini belirtti. Florida&#8217;dan Washington&#8217;a d\u00f6nerken gazetecilere konu\u015fan Trump, &#8220;Bize daha iyi olabilecek bir belge verdiler ve ilgin\u00e7 bir \u015fekilde, ben iptal etti\u011fimde, 10 dakika i\u00e7inde \u00e7ok daha iyi bir yeni belge ald\u0131k&#8221; ifadelerini kulland\u0131. Ancak bu &#8220;daha iyi&#8221; belgenin i\u00e7eri\u011fi hakk\u0131nda herhangi bir detay vermedi, sadece &#8220;\u00e7ok \u015fey teklif ettiklerini&#8221; s\u00f6ylemekle yetindi. Trump&#8217;\u0131n \u0131srarla vurgulad\u0131\u011f\u0131 tek \u015fart\u0131n ise \u0130ran&#8217;\u0131n &#8220;n\u00fckleer silaha sahip olmayaca\u011f\u0131&#8221; y\u00f6n\u00fcnde olmas\u0131, ABD&#8217;nin tek tarafl\u0131 taleplerini s\u00fcrd\u00fcrd\u00fc\u011f\u00fcn\u00fc g\u00f6steriyor.<\/p>\n<p>Bu durum, \u0130ran&#8217;\u0131n kendi egemenlik haklar\u0131 ve ulusal \u00e7\u0131karlar\u0131 do\u011frultusunda hareket etti\u011fini ve ABD&#8217;nin dayatmalar\u0131na boyun e\u011fmeyece\u011fini bir kez daha ortaya koyuyor. \u0130ran&#8217;\u0131n sundu\u011fu her t\u00fcrl\u00fc teklifin, ABD&#8217;nin maksimalist talepleri kar\u015f\u0131s\u0131nda yetersiz bulunmas\u0131, Washington&#8217;\u0131n ger\u00e7ek bir diplomatik \u00e7\u00f6z\u00fcm aray\u0131\u015f\u0131nda olmad\u0131\u011f\u0131n\u0131 d\u00fc\u015f\u00fcnd\u00fcr\u00fcyor.<\/p>\n<h2>Pakistan Ziyareti \u0130ptal Edildi: ABD Diplomasisinin \u00c7\u0131kmaz\u0131<\/h2>\n<p>Ba\u015fkan Trump, ABD&#8217;li m\u00fczakereciler <strong>Steve Witkoff<\/strong> ve <strong>Jared Kushner<\/strong>&#8216;in Pakistan&#8217;a yapaca\u011f\u0131 hafta sonu gezisini sosyal medya \u00fczerinden iptal etti\u011fini duyurdu. Bu iptal, \u0130ran D\u0131\u015fi\u015fleri Bakan\u0131&#8217;n\u0131n Cumartesi ak\u015fam\u0131 \u0130slamabad&#8217;dan ayr\u0131lmas\u0131n\u0131n hemen ard\u0131ndan geldi. Trump, iptal gerek\u00e7esi olarak &#8220;\u00e7ok fazla zaman kayb\u0131&#8221; ve &#8220;kendi liderlikleri i\u00e7inde muazzam i\u00e7 \u00e7eki\u015fme ve kafa kar\u0131\u015f\u0131kl\u0131\u011f\u0131&#8221; oldu\u011funu \u00f6ne s\u00fcrd\u00fc. Ayr\u0131ca &#8220;T\u00fcm kartlar bizde, onlarda hi\u00e7bir \u015fey yok! Konu\u015fmak istiyorlarsa, tek yapmalar\u0131 gereken aramak!!!&#8221; gibi k\u00fcstah\u00e7a ifadeler kulland\u0131.<\/p>\n<p>Bu a\u00e7\u0131klamalar, ABD&#8217;nin diplomatik s\u00fcre\u00e7lere olan sayg\u0131s\u0131zl\u0131\u011f\u0131n\u0131 ve \u0130ran&#8217;a kar\u015f\u0131 tak\u0131nd\u0131\u011f\u0131 \u00fcstenci tavr\u0131 g\u00f6zler \u00f6n\u00fcne seriyor. \u0130ran D\u0131\u015fi\u015fleri Bakan\u0131&#8217;n\u0131n, ABD temsilcileriyle g\u00f6r\u00fc\u015fmeden \u0130slamabad&#8217;dan ayr\u0131lmas\u0131, \u0130ran&#8217;\u0131n kendi diplomatik ajandas\u0131n\u0131 takip etti\u011fini ve ABD&#8217;nin belirsiz planlar\u0131na g\u00f6re hareket etmedi\u011fini a\u00e7\u0131k\u00e7a g\u00f6sterdi. ABD&#8217;nin m\u00fczakere ekibinin \u0130slamabad&#8217;a ne zaman varaca\u011f\u0131n\u0131n bile belli olmamas\u0131, Washington&#8217;\u0131n bu konudaki ciddiyetsizli\u011fini ortaya koyuyor.<\/p>\n<h2>H\u00fcrm\u00fcz Bo\u011faz\u0131&#8217;nda &#8220;May\u0131n Temizli\u011fi&#8221; \u0130ddialar\u0131: Gerilimi T\u0131rmand\u0131rma \u00c7abas\u0131<\/h2>\n<p>Ba\u015fkan Trump, ABD Donanmas\u0131&#8217;n\u0131n H\u00fcrm\u00fcz Bo\u011faz\u0131&#8217;nda may\u0131n temizleme \u00e7al\u0131\u015fmalar\u0131 yapt\u0131\u011f\u0131n\u0131 iddia etti. Bu iddia, bo\u011fazdaki trafi\u011fi yeniden ba\u015flatma \u00e7abalar\u0131n\u0131n bir par\u00e7as\u0131 olarak sunulsa da, b\u00f6lgede herhangi bir may\u0131n d\u00f6\u015fenip d\u00f6\u015fenmedi\u011fi konusunda ciddi \u015f\u00fcpheler bulunuyor. \u0130ran, daha \u00f6nce sadece sava\u015f \u00f6ncesi rotalarda may\u0131n &#8220;olas\u0131l\u0131\u011f\u0131ndan&#8221; bahsetmi\u015fti. Savunma Bakan\u0131 <strong>Pete Hegseth<\/strong> de, may\u0131n temizli\u011finin alt\u0131 ay s\u00fcrebilece\u011fi y\u00f6n\u00fcndeki tahminleri yalanlamam\u0131\u015ft\u0131.<\/p>\n<p>Bu t\u00fcr iddialar, ABD&#8217;nin b\u00f6lgedeki askeri varl\u0131\u011f\u0131n\u0131 me\u015frula\u015ft\u0131rma ve \u0130ran \u00fczerinde bask\u0131 kurma \u00e7abas\u0131 olarak de\u011ferlendiriliyor. \u0130ran&#8217;\u0131n b\u00f6lgedeki g\u00fcvenli\u011fi sa\u011flama konusundaki kararl\u0131l\u0131\u011f\u0131na ra\u011fmen, ABD&#8217;nin bu t\u00fcr provokatif s\u00f6ylemleri gerilimi art\u0131rmaktan ba\u015fka bir i\u015fe yaram\u0131yor.<\/p>\n<p>#\u0130ran #Trump #H\u00fcrm\u00fczBo\u011faz\u0131 #Pakistan #Diplomasi #ABD #N\u00fckleerAnla\u015fma #Ortado\u011fu #Gerilim #\u0130ranD\u0131\u015fi\u015fleri<\/p>\n","protected":false},"excerpt":{"rendered":"<p>\u0130ran&#8217;dan Net Duru\u015f: Trump&#8217;\u0131n Teklifleri Reddedildi, Pakistan Ziyareti \u0130ptal Edildi B\u00f6lgedeki son geli\u015fmeler, ABD Ba\u015fkan\u0131 Donald Trump&#8216;\u0131n \u0130ran&#8217;a y\u00f6nelik \u00e7eli\u015fkili ve gerginlik yaratan ad\u0131mlar\u0131yla \u015fekilleniyor. H\u00fcrm\u00fcz Bo\u011faz\u0131&#8217;n\u0131n yeniden a\u00e7\u0131lmas\u0131 y\u00f6n\u00fcndeki iddial\u0131 s\u00f6ylemlerine ra\u011fmen, ABD&#8217;nin b\u00f6lgedeki diplomatik ve askeri hamleleri belirsizliklerle dolu. Trump&#8217;\u0131n &#8220;Yeni Teklif&#8221; \u0130ddias\u0131 ve \u0130ran&#8217;\u0131n Kararl\u0131 Tutumu ABD Ba\u015fkan\u0131 Trump, Pakistan ziyaretini iptal [&hellip;]<\/p>\n","protected":false},"author":2,"featured_media":9812,"comment_status":"open","ping_status":"open","sticky":false,"template":"","format":"standard","meta":{"footnotes":""},"categories":[31],"tags":[],"class_list":["post-9811","post","type-post","status-publish","format-standard","has-post-thumbnail","hentry","category-iran-haberleri"],"_links":{"self":[{"href":"https:\/\/fajr.news\/index.php?rest_route=\/wp\/v2\/posts\/9811","targetHints":{"allow":["GET"]}}],"collection":[{"href":"https:\/\/fajr.news\/index.php?rest_route=\/wp\/v2\/posts"}],"about":[{"href":"https:\/\/fajr.news\/index.php?rest_route=\/wp\/v2\/types\/post"}],"author":[{"embeddable":true,"href":"https:\/\/fajr.news\/index.php?rest_route=\/wp\/v2\/users\/2"}],"replies":[{"embeddable":true,"href":"https:\/\/fajr.news\/index.php?rest_route=%2Fwp%2Fv2%2Fcomments&post=9811"}],"version-history":[{"count":0,"href":"https:\/\/fajr.news\/index.php?rest_route=\/wp\/v2\/posts\/9811\/revisions"}],"wp:featuredmedia":[{"embeddable":true,"href":"https:\/\/fajr.news\/index.php?rest_route=\/wp\/v2\/media\/9812"}],"wp:attachment":[{"href":"https:\/\/fajr.news\/index.php?rest_route=%2Fwp%2Fv2%2Fmedia&parent=9811"}],"wp:term":[{"taxonomy":"category","embeddable":true,"href":"https:\/\/fajr.news\/index.php?rest_route=%2Fwp%2Fv2%2Fcategories&post=9811"},{"taxonomy":"post_tag","embeddable":true,"href":"https:\/\/fajr.news\/index.php?rest_route=%2Fwp%2Fv2%2Ftags&post=9811"}],"curies":[{"name":"wp","href":"https:\/\/api.w.org\/{rel}","templated":true}]}}