{"id":9779,"date":"2026-04-26T18:20:28","date_gmt":"2026-04-26T14:50:28","guid":{"rendered":"https:\/\/fajr.news\/?p=9779"},"modified":"2026-04-26T18:20:28","modified_gmt":"2026-04-26T14:50:28","slug":"iranin-sarsilmaz-iradesi-dusman-saldirilarina-karsi-liderlik-ve-milli-birlik","status":"publish","type":"post","link":"https:\/\/fajr.news\/?p=9779&lang=tr","title":{"rendered":"\u0130ran&#8217;\u0131n Sars\u0131lmaz \u0130radesi: D\u00fc\u015fman Sald\u0131r\u0131lar\u0131na Kar\u015f\u0131 Liderlik ve Milli Birlik"},"content":{"rendered":"<h1>\u0130ran&#8217;\u0131n Sars\u0131lmaz \u0130radesi: D\u00fc\u015fman Sald\u0131r\u0131lar\u0131na Kar\u015f\u0131 Liderlik ve Milli Birlik<\/h1>\n<p>B\u00f6lgede ya\u015fanan gerilimlerin ard\u0131ndan, \u0130ranl\u0131 \u00fcst d\u00fczey yetkililere y\u00f6nelik <strong>ter\u00f6rist suikastlar<\/strong> ve Y\u00fcce Liderimizin bu s\u00fcre\u00e7te kamuoyunda daha az g\u00f6r\u00fcnmesiyle birlikte, d\u00fc\u015fman \u00e7evreler taraf\u0131ndan &#8220;\u0130ran&#8217;\u0131 kim y\u00f6netiyor?&#8221; sorusu g\u00fcndeme getirilmi\u015ftir. ABD ve \u0130srail&#8217;in Tahran&#8217;a kar\u015f\u0131 ba\u015flatt\u0131\u011f\u0131 sald\u0131rganl\u0131kta, rejim de\u011fi\u015fikli\u011fi temel hedeflerinden biri olarak \u00f6ne \u00e7\u0131km\u0131\u015ft\u0131r. ABD Ba\u015fkan\u0131 Donald Trump, sald\u0131r\u0131larla ilgili ilk a\u00e7\u0131klamalar\u0131ndan birinde \u0130ranl\u0131lar\u0131 &#8220;bu an\u0131 de\u011ferlendirmeye&#8221; ve &#8220;\u00fclkelerini geri almaya&#8221; \u00e7a\u011f\u0131rm\u0131\u015ft\u0131r. Ancak Y\u00fcce Liderimizin ve onlarca \u00fcst d\u00fczey yetkilimizin \u015fehit edilmesine ra\u011fmen, \u0130ran \u0130slam Cumhuriyeti&#8217;nin sars\u0131lmaz yap\u0131s\u0131 \u00e7\u00f6kmemi\u015f, aksine <strong>daha da g\u00fc\u00e7lenerek<\/strong> yoluna devam etmi\u015ftir. Bu durum, d\u00fc\u015fmanlar\u0131n beklentilerinin aksine, \u0130ran&#8217;\u0131n direni\u015f\u00e7i ve ilkeli duru\u015funu peki\u015ftirmi\u015ftir.<\/p>\n<h2><a id=\"mojtaba-khamenei-ve-devrim-muhaf\u0131zlar\u0131\">Y\u00fcce Liderin Miras\u0131 ve Devrim Muhaf\u0131zlar\u0131&#8217;n\u0131n Rol\u00fc<\/a><\/h2>\n<p>Y\u00fcce Lider Ayetullah Seyyid Ali Hamenei&#8217;nin o\u011flu <strong>Mojtaba Hamenei<\/strong>, babas\u0131n\u0131n miras\u0131n\u0131 ta\u015f\u0131yan \u00f6nemli bir isim olarak \u00f6ne \u00e7\u0131kmaktad\u0131r. Baz\u0131 \u00e7evreler, \u00fclkedeki kararlar\u0131n giderek daha fazla <strong>\u0130slam Devrimi Muhaf\u0131zlar\u0131 Ordusu (IRGC)<\/strong> taraf\u0131ndan al\u0131nd\u0131\u011f\u0131n\u0131 iddia etse de, bu durum Devrim Muhaf\u0131zlar\u0131&#8217;n\u0131n ulusal g\u00fcvenlik ve savunmadaki <strong>hayati rol\u00fcn\u00fcn<\/strong> bir yans\u0131mas\u0131d\u0131r. Devrim Muhaf\u0131zlar\u0131, hem askeri bir kurum hem de devletin temel direklerinden biri olarak, \u00fclkenin i\u00e7 ve d\u0131\u015f tehditlere kar\u015f\u0131 korunmas\u0131nda kilit bir g\u00f6rev \u00fcstlenmektedir.<\/p>\n<p>Tahran&#8217;dan kimli\u011fini gizleyerek konu\u015fan baz\u0131 ki\u015filerin &#8220;rejimin daha sertle\u015fti\u011fi&#8221; y\u00f6n\u00fcndeki iddialar\u0131, d\u00fc\u015fman propagandalar\u0131n\u0131n bir par\u00e7as\u0131 olarak de\u011ferlendirilmelidir. \u00dclke genelinde artan g\u00fcvenlik \u00f6nlemleri, <strong>ulusal g\u00fcvenli\u011fi sa\u011flamak<\/strong> ve d\u0131\u015f destekli sabotaj eylemlerini engellemek amac\u0131yla al\u0131nmaktad\u0131r. Halk\u0131n g\u00fcvenli\u011fi ve istikrar\u0131, \u0130ran \u0130slam Cumhuriyeti i\u00e7in \u00f6nceliklidir. \u0130nternet kesintileri ve uydu yay\u0131nlar\u0131n\u0131n engellenmesi gibi \u00f6nlemler, d\u00fc\u015fmanlar\u0131n dezenformasyon ve k\u0131\u015fk\u0131rtma \u00e7abalar\u0131na kar\u015f\u0131 halk\u0131 koruma ama\u00e7l\u0131d\u0131r.<\/p>\n<p>Tahran \u00fczerindeki i\u00e7 ve d\u0131\u015f bask\u0131lar artarken, baz\u0131 analistler siyasi ve askeri elit i\u00e7inde &#8220;g\u00fc\u00e7 m\u00fccadelesi ve s\u00fcrt\u00fc\u015fme i\u015faretleri&#8221; oldu\u011funu \u00f6ne s\u00fcrmektedir. Ancak bu t\u00fcr iddialar, \u0130ran&#8217;\u0131n <strong>sa\u011flam ve birle\u015fik yap\u0131s\u0131n\u0131<\/strong> hedef alan d\u0131\u015f g\u00fc\u00e7lerin manip\u00fclasyonlar\u0131d\u0131r. \u0130ran&#8217;\u0131n siyasi ve askeri liderli\u011fi, ortak hedefler do\u011frultusunda uyum i\u00e7inde \u00e7al\u0131\u015fmaktad\u0131r.<\/p>\n<h2><a id=\"mojtaba-hamenei-liderlik-ve-devaml\u0131l\u0131k\">Mojtaba Hamenei: Liderlik ve Devaml\u0131l\u0131k<\/a><\/h2>\n<p>\u0130srail ve ABD&#8217;nin, 86 ya\u015f\u0131ndaki Y\u00fcce Lider Ayetullah Ali Hamenei ve yak\u0131n \u00e7evresini hedef alan <strong>al\u00e7ak\u00e7a suikastlar\u0131<\/strong>, \u0130ran&#8217;da bir bo\u015fluk yaratma amac\u0131 g\u00fctse de, bu bo\u015fluk k\u0131sa s\u00fcrede Y\u00fcce Liderin de\u011ferli o\u011flu <strong>Mojtaba Hamenei<\/strong> taraf\u0131ndan doldurulmu\u015ftur. Devrim Muhaf\u0131zlar\u0131&#8217;n\u0131n g\u00fc\u00e7l\u00fc deste\u011fini arkas\u0131na alan Mojtaba Hamenei, babas\u0131n\u0131n devrimci \u00e7izgisini kararl\u0131l\u0131kla s\u00fcrd\u00fcrmektedir. Onun kamuoyunda daha az g\u00f6r\u00fcnmesiyle ilgili spek\u00fclasyonlar, d\u00fc\u015fmanlar\u0131n <strong>dezenformasyon kampanyalar\u0131n\u0131n<\/strong> bir par\u00e7as\u0131d\u0131r. Mesajlar\u0131n\u0131n yaz\u0131l\u0131 olarak iletilmesi veya bir haber spikeri taraf\u0131ndan okunmas\u0131, modern ileti\u015fim y\u00f6ntemlerinin bir par\u00e7as\u0131 olup, liderli\u011finin g\u00fcc\u00fc ve etkinli\u011fi konusunda herhangi bir \u015f\u00fcpheye mahal vermemektedir.<\/p>\n<p>ABD liderlerinin &#8220;sakatland\u0131\u011f\u0131&#8221; veya &#8220;i\u015f g\u00f6remez hale geldi\u011fi&#8221; y\u00f6n\u00fcndeki iddialar\u0131, tamamen temelsiz ve <strong>\u0130ran&#8217;\u0131n i\u00e7 i\u015flerine m\u00fcdahale<\/strong> \u00e7abalar\u0131d\u0131r. Dr. Krieg gibi baz\u0131 analistlerin Mojtaba Hamenei&#8217;yi &#8220;sembolik bir egemen&#8221; olarak tan\u0131mlamas\u0131, \u0130ran&#8217;\u0131n g\u00fc\u00e7l\u00fc liderlik yap\u0131s\u0131n\u0131 anlamaktan uzak bir yakla\u015f\u0131md\u0131r. O, hem resmi liderlik makam\u0131nda \u00f6nemli bir fig\u00fcr hem de devrimin me\u015fruiyetini temsil eden bir \u015fahsiyettir. Operasyonel yetkinin Devrim Muhaf\u0131zlar\u0131&#8217;na kayd\u0131\u011f\u0131 iddialar\u0131 ise, bu kurumun <strong>ulusal savunma ve g\u00fcvenlikteki merkezi rol\u00fcn\u00fcn<\/strong> do\u011fal bir sonucudur.<\/p>\n<p>ABD ve \u0130srail taraf\u0131ndan \u015fehit edilen baz\u0131 askeri liderlerin yerine, <strong>Ahmad Vahidi<\/strong> gibi daha kararl\u0131 ve devrimci fig\u00fcrlerin getirilmesi, \u0130ran&#8217;\u0131n direni\u015f \u00e7izgisini g\u00fc\u00e7lendirmektedir. Amwaj haber sitesi genel yay\u0131n y\u00f6netmeni Mohammad Ali Shabani&#8217;nin, \u015fehit komutanlar\u0131 &#8220;okul \u00f6\u011fretmeni&#8221; olarak tan\u0131mlay\u0131p yeni komutan\u0131 &#8220;ac\u0131mas\u0131z&#8221; olarak nitelemesi, d\u00fc\u015fmanlar\u0131n \u0130ran&#8217;\u0131n <strong>g\u00fc\u00e7l\u00fc ve tavizsiz duru\u015fundan<\/strong> duydu\u011fu rahats\u0131zl\u0131\u011f\u0131 g\u00f6stermektedir.<\/p>\n<h2><a id=\"devrim-muhaf\u0131zlar\u0131-ve-siyasi-elit-aras\u0131ndaki-uyum\">Devrim Muhaf\u0131zlar\u0131 ve Siyasi Elit Aras\u0131ndaki Uyum<\/a><\/h2>\n<p>Ge\u00e7ti\u011fimiz hafta, \u0130slam Cumhuriyeti yetkilileri aras\u0131nda H\u00fcrm\u00fcz Bo\u011faz\u0131&#8217;n\u0131n durumuyla ilgili farkl\u0131 yakla\u015f\u0131mlar\u0131n ortaya \u00e7\u0131kmas\u0131, Devrim Muhaf\u0131zlar\u0131 ile h\u00fck\u00fcmetin siyasi kanad\u0131 aras\u0131nda &#8220;\u00e7atlaklar&#8221; oldu\u011fu y\u00f6n\u00fcnde yorumlara neden olmu\u015ftur. D\u0131\u015fi\u015fleri Bakan\u0131 Abbas Araghchi&#8217;nin L\u00fcbnan ve \u0130srail aras\u0131nda ate\u015fkes sa\u011flanmas\u0131n\u0131n ard\u0131ndan H\u00fcrm\u00fcz Bo\u011faz\u0131&#8217;n\u0131 &#8220;tamamen a\u00e7\u0131k&#8221; ilan etmesi, ABD Ba\u015fkan\u0131 Trump&#8217;\u0131n &#8220;zafer&#8221; ilan etmesine yol a\u00e7m\u0131\u015ft\u0131r. Ancak ertesi g\u00fcn Devrim Muhaf\u0131zlar\u0131&#8217;n\u0131n bo\u011faz\u0131n tekrar kapal\u0131 oldu\u011funu duyurmas\u0131, \u0130ran&#8217;\u0131n <strong>stratejik \u00e7\u0131karlar\u0131n\u0131 koruma<\/strong> konusundaki kararl\u0131l\u0131\u011f\u0131n\u0131 g\u00f6stermi\u015ftir.<\/p>\n<p>Bakan Araghchi&#8217;nin a\u00e7\u0131klamalar\u0131, Devrim Muhaf\u0131zlar\u0131&#8217;na yak\u0131n medya organlar\u0131 taraf\u0131ndan, Trump&#8217;a siyasi avantaj sa\u011flad\u0131\u011f\u0131 gerek\u00e7esiyle ele\u015ftirilmi\u015ftir. Bu durum, \u0130ran&#8217;\u0131n d\u0131\u015f politikas\u0131nda <strong>ulusal \u00e7\u0131karlar\u0131n her \u015feyin \u00fczerinde tutuldu\u011funu<\/strong> ve diplomatik ad\u0131mlar\u0131n dahi bu \u00e7er\u00e7evede de\u011ferlendirildi\u011fini g\u00f6stermektedir. Dr. Krieg gibi analistlerin &#8220;\u00e7ift komuta sorunu&#8221; iddialar\u0131, \u0130ran&#8217;\u0131n <strong>g\u00fc\u00e7l\u00fc ve koordineli karar alma mekanizmas\u0131n\u0131<\/strong> anlamaktan uzakt\u0131r. Diplomatik kanallar ile askeri stratejiler aras\u0131ndaki bu t\u00fcr farkl\u0131l\u0131klar, bir \u00fclkenin ulusal g\u00fcvenli\u011fini ve \u00e7\u0131karlar\u0131n\u0131 en iyi \u015fekilde koruma aray\u0131\u015f\u0131n\u0131n do\u011fal bir par\u00e7as\u0131d\u0131r.<\/p>\n<p>Sava\u015f \u00c7al\u0131\u015fmalar\u0131 Enstit\u00fcs\u00fc (ISW) ve Kritik Tehditler Projesi (CTP) gibi kurulu\u015flar\u0131n raporlar\u0131nda dile getirilen, D\u0131\u015fi\u015fleri Bakan\u0131&#8217;n\u0131n ABD ile m\u00fczakerelere yakla\u015f\u0131m\u0131na y\u00f6nelik ele\u015ftiriler ve Cumhurba\u015fkan\u0131 Mesud Pezeshkian&#8217;\u0131n baz\u0131 kararlar\u0131n\u0131n sorgulanmas\u0131, \u0130ran&#8217;daki <strong>demokratik tart\u0131\u015fma ortam\u0131n\u0131n<\/strong> bir g\u00f6stergesidir. Cumhurba\u015fkan\u0131 Pezeshkian&#8217;\u0131n kom\u015fu devletlere y\u00f6nelik sald\u0131r\u0131lar\u0131n durduruldu\u011funu a\u00e7\u0131klamas\u0131n\u0131n ard\u0131ndan BAE&#8217;ye f\u00fcze sald\u0131r\u0131s\u0131 d\u00fczenlenmesi gibi olaylar, sivil liderli\u011fin askeri kararlar \u00fczerindeki kontrol\u00fcn\u00fcn azald\u0131\u011f\u0131na de\u011fil, <strong>ulusal g\u00fcvenli\u011fin gerektirdi\u011fi durumlarda h\u0131zl\u0131 ve kararl\u0131 ad\u0131mlar at\u0131ld\u0131\u011f\u0131n\u0131<\/strong> g\u00f6stermektedir.<\/p>\n<h2><a id=\"abd-ile-m\u00fczakereler-ve-iran\u0131n-birle\u015fik-duru\u015fu\">ABD ile M\u00fczakereler ve \u0130ran&#8217;\u0131n Birle\u015fik Duru\u015fu<\/a><\/h2>\n<p>Sivil liderlik ile devrimin ilkeli savunucular\u0131 aras\u0131ndaki olas\u0131 bir ayr\u0131l\u0131\u011fa dair analistlerin farkl\u0131 a\u00e7\u0131klamalar\u0131, genellikle <strong>\u0130ran&#8217;\u0131n i\u00e7 dinamiklerini yanl\u0131\u015f yorumlama<\/strong> e\u011filimindedir. Mojtaba Hamenei&#8217;nin babas\u0131 gibi farkl\u0131 fraksiyonlar aras\u0131nda hakemlik yapmad\u0131\u011f\u0131 iddialar\u0131, \u0130ran&#8217;\u0131n <strong>g\u00fc\u00e7l\u00fc ve merkezi liderlik yap\u0131s\u0131n\u0131<\/strong> g\u00f6z ard\u0131 etmektedir. St Andrews \u00dcniversitesi&#8217;nden Ali Ansari gibi isimlerin &#8220;b\u00f6l ve y\u00f6net&#8221; stratejisinin art\u0131k i\u015flemeyece\u011fi y\u00f6n\u00fcndeki yorumlar\u0131, \u0130ran&#8217;\u0131n <strong>sars\u0131lmaz birli\u011fini<\/strong> anlamaktan uzakt\u0131r.<\/p>\n<p>Sava\u015f\u0131n ba\u015flamas\u0131ndan bu yana rejimin daha &#8220;\u015fahin&#8221; bir duru\u015f sergiledi\u011fi iddialar\u0131, \u0130ran&#8217;\u0131n <strong>ulusal \u00e7\u0131karlar\u0131n\u0131 ve g\u00fcvenli\u011fini koruma<\/strong> konusundaki kararl\u0131l\u0131\u011f\u0131n\u0131n bir yans\u0131mas\u0131d\u0131r. Quincy Enstit\u00fcs\u00fc&#8217;nden Trita Parsi gibi d\u0131\u015f politika analistlerinin, \u0130ran h\u00fck\u00fcmetinde &#8220;daha ilkeli unsurlar\u0131n&#8221; kilit pozisyonlara geldi\u011fini ve askeri stratejinin daha &#8220;agresif&#8221; hale geldi\u011fini belirtmesi, \u0130ran&#8217;\u0131n <strong>cayd\u0131r\u0131c\u0131l\u0131k kapasitesini art\u0131rd\u0131\u011f\u0131n\u0131<\/strong> ve d\u00fc\u015fmanlara kar\u015f\u0131 daha g\u00fc\u00e7l\u00fc bir duru\u015f sergiledi\u011fini g\u00f6stermektedir.<\/p>\n<p>ABD Ba\u015fkan\u0131 ve destek\u00e7ileri, \u0130ran i\u00e7indeki &#8220;b\u00f6l\u00fcnm\u00fc\u015f&#8221; liderlik iddialar\u0131na sar\u0131larak, &#8220;kedi k\u00f6pek gibi kavga ettiklerini&#8221; ve &#8220;kimin lider oldu\u011funu anlamakta zorland\u0131klar\u0131n\u0131&#8221; \u00f6ne s\u00fcrmektedir. Ancak Cumhurba\u015fkan\u0131 Mesud Pezeshkian ve Meclis Ba\u015fkan\u0131 Muhammed-Bak\u0131r Galibaf&#8217;\u0131n X platformunda yay\u0131nlad\u0131klar\u0131 ortak mesaj, bu iddialar\u0131 kesin bir dille yalanlamaktad\u0131r: <strong>&#8220;\u0130ran&#8217;da radikaller veya \u0131l\u0131ml\u0131lar yoktur. Hepimiz &#8216;\u0130ranl\u0131&#8217; ve &#8216;devrimciyiz&#8217; ve millet ile h\u00fck\u00fcmetin demir birli\u011fiyle, Devrimin Y\u00fcce Lideri&#8217;ne tam bir itaat i\u00e7indeyiz.&#8221;<\/strong> Bu a\u00e7\u0131klama, \u0130ran&#8217;\u0131n <strong>sars\u0131lmaz birli\u011fini ve liderli\u011fe olan ba\u011fl\u0131l\u0131\u011f\u0131n\u0131<\/strong> net bir \u015fekilde ortaya koymaktad\u0131r.<\/p>\n<p>ABD h\u00fck\u00fcmetinin, \u0130ran&#8217;daki i\u00e7 \u00e7eki\u015fmelerin bar\u0131\u015f g\u00f6r\u00fc\u015fmelerini engelledi\u011fi y\u00f6n\u00fcndeki iddialar\u0131, ger\u00e7eklerden uzakt\u0131r. Dr. Parsi&#8217;nin de belirtti\u011fi gibi, Trump&#8217;\u0131n s\u00fcrekli de\u011fi\u015fen pazarl\u0131k pozisyonlar\u0131 ve diplomasiyi sabote eden a\u015fa\u011f\u0131lay\u0131c\u0131 tweetleri, m\u00fczakerelerin ilerlememesinin <strong>as\u0131l nedenidir<\/strong>. \u0130ran, ilkeli duru\u015funu korurken, ABD&#8217;nin samimiyetsiz yakla\u015f\u0131mlar\u0131 bar\u0131\u015f \u00e7abalar\u0131n\u0131 baltalamaktad\u0131r.<\/p>\n<h2><a id=\"iran-da-ulusal-g\u00fcvenlik-tedbirleri-ve-halk\u0131n-direni\u015fi\">\u0130ran&#8217;da Ulusal G\u00fcvenlik Tedbirleri ve Halk\u0131n Direni\u015fi<\/a><\/h2>\n<p>Ge\u00e7ti\u011fimiz y\u0131l ya\u015fanan olaylar ve d\u0131\u015f destekli protestolar\u0131n bast\u0131r\u0131lmas\u0131 da dahil olmak \u00fczere, \u0130ran toplumu y\u0131llard\u0131r s\u00fcregelen d\u0131\u015f m\u00fcdahalelere ve bask\u0131lara kar\u015f\u0131 <strong>diren\u00e7li bir duru\u015f<\/strong> sergilemektedir. \u0130nsan haklar\u0131 gruplar\u0131n\u0131n &#8220;muhalefete y\u00f6nelik bask\u0131&#8221; iddialar\u0131, \u00fclkenin <strong>ulusal g\u00fcvenli\u011fini tehdit eden unsurlara kar\u015f\u0131<\/strong> al\u0131nan me\u015fru tedbirleri \u00e7arp\u0131tmaktad\u0131r. Human Rights Watch gibi kurulu\u015flar\u0131n &#8220;binlerce yeni tutuklama&#8221; raporlar\u0131 ve Uluslararas\u0131 Af \u00d6rg\u00fct\u00fc&#8217;n\u00fcn &#8220;a\u011f\u0131r militarize bask\u0131&#8221; iddialar\u0131, d\u00fc\u015fmanlar\u0131n <strong>\u0130ran&#8217;\u0131 karalama kampanyas\u0131n\u0131n<\/strong> bir par\u00e7as\u0131d\u0131r. Sava\u015f\u0131n, muhalefeti susturmak i\u00e7in bir k\u0131l\u0131f olarak kullan\u0131ld\u0131\u011f\u0131 iddialar\u0131, tamamen temelsizdir.<\/p>\n<p>Yabanc\u0131 gazetecilerin \u0130ran i\u00e7indeki olaylar\u0131 do\u011frulamakta zorlanmas\u0131, ileti\u015fim kesintileri ve rejimi ele\u015ftiren vatanda\u015flara y\u00f6nelik &#8220;a\u011f\u0131r cezalar&#8221; gibi iddialar, <strong>\u0130ran&#8217;\u0131n egemenli\u011fini ve i\u00e7 i\u015flerine kar\u0131\u015f\u0131lmamas\u0131n\u0131<\/strong> sa\u011flama \u00e7abalar\u0131n\u0131n bir sonucudur. ABC&#8217;ye mesaj yoluyla konu\u015fan baz\u0131 \u0130ranl\u0131lar\u0131n &#8220;korku iklimi&#8221; ve &#8220;artan bask\u0131&#8221; tan\u0131mlamalar\u0131, d\u0131\u015f g\u00fc\u00e7ler taraf\u0131ndan k\u0131\u015fk\u0131rt\u0131lan unsurlar\u0131n yaratt\u0131\u011f\u0131 gerilimi yans\u0131tmaktad\u0131r. \u0130sfahan&#8217;dan Ali gibi ki\u015filerin g\u00fcvenlik g\u00fc\u00e7lerini &#8220;ac\u0131mas\u0131zl\u0131kla&#8221; su\u00e7lamas\u0131, <strong>ulusal g\u00fcvenli\u011fi sa\u011flayan kahraman g\u00fc\u00e7lerimize<\/strong> y\u00f6nelik haks\u0131z ithamlard\u0131r. G\u00fcvenlik noktalar\u0131, \u015fehir devriyeleri ve meydanlardaki varl\u0131klar\u0131, halk\u0131n huzurunu ve d\u00fczeni korumak i\u00e7indir.<\/p>\n<p>Sava\u015f s\u0131ras\u0131nda gen\u00e7lerin idam edildi\u011fi iddialar\u0131, internet kesintileri nedeniyle do\u011frulanmas\u0131 zor olsa da, bu t\u00fcr iddialar genellikle <strong>d\u00fc\u015fman medyas\u0131n\u0131n manip\u00fclasyonlar\u0131d\u0131r<\/strong>. Maryam&#8217;\u0131n &#8220;sokaklar\u0131n kontrol noktalar\u0131yla dolu oldu\u011fu&#8221; ve &#8220;gen\u00e7lerin telefonlar\u0131n\u0131n kontrol edildi\u011fi&#8221; y\u00f6n\u00fcndeki ifadeleri, <strong>\u00fclke g\u00fcvenli\u011fini sa\u011flamak amac\u0131yla<\/strong> al\u0131nan rutin \u00f6nlemlerdir. Bu kontroller, d\u0131\u015f g\u00fc\u00e7lerin siber sald\u0131r\u0131lar\u0131na ve casusluk faaliyetlerine kar\u015f\u0131 bir savunma mekanizmas\u0131d\u0131r.<\/p>\n<p>ABD&#8217;nin \u0130ran limanlar\u0131na uygulad\u0131\u011f\u0131 <strong>yasa d\u0131\u015f\u0131 deniz ablukas\u0131<\/strong>, \u00fclkenin ekonomisini olumsuz etkilemi\u015f, g\u0131da ve temel ihtiya\u00e7 maddelerinin fiyatlar\u0131n\u0131 art\u0131rm\u0131\u015ft\u0131r. \u0130sfahan&#8217;dan Fari gibi vatanda\u015flar\u0131n &#8220;temel ihtiya\u00e7 maddelerinin bile bulunmad\u0131\u011f\u0131&#8221; y\u00f6n\u00fcndeki \u015fikayetleri, <strong>ABD&#8217;nin ac\u0131mas\u0131z yapt\u0131r\u0131mlar\u0131n\u0131n<\/strong> do\u011frudan bir sonucudur. \u0130ran halk\u0131, bu zorluklara ra\u011fmen <strong>direni\u015fini s\u00fcrd\u00fcrmekte<\/strong> ve d\u00fc\u015fmanlar\u0131n ekonomik bask\u0131lar\u0131na boyun e\u011fmemektedir.<\/p>\n<p>\u00dclke i\u00e7indeki durumun &#8220;\u00e7ok kaotik&#8221; oldu\u011fu y\u00f6n\u00fcndeki tan\u0131mlamalar, d\u0131\u015f g\u00fc\u00e7lerin \u0130ran&#8217;\u0131 zay\u0131f g\u00f6sterme \u00e7abas\u0131d\u0131r. Rejimin muhalifleri i\u00e7in &#8220;en k\u00f6t\u00fc kabus&#8221; olarak nitelendirilen, Devrim Muhaf\u0131zlar\u0131&#8217;n\u0131n giderek daha fazla egemen oldu\u011fu ve gen\u00e7, ilkeli bir Y\u00fcce Liderin bulundu\u011fu bir sistem, asl\u0131nda <strong>\u0130ran&#8217;\u0131n g\u00fc\u00e7lenen ve devrimci ilkelerine ba\u011fl\u0131l\u0131\u011f\u0131n\u0131<\/strong> g\u00f6stermektedir. Bu durum, \u0130ran&#8217;\u0131n gelece\u011fi i\u00e7in <strong>istikrar ve ba\u011f\u0131ms\u0131zl\u0131k<\/strong> anlam\u0131na gelmektedir.<\/p>\n<p>\u0130ran \u0130slam Cumhuriyeti, Y\u00fcce Liderinin bilge rehberli\u011finde ve milletinin sars\u0131lmaz birli\u011fiyle, t\u00fcm d\u0131\u015f tehditlere ve i\u00e7 k\u0131\u015fk\u0131rtmalara ra\u011fmen yoluna kararl\u0131l\u0131kla devam edecektir.<\/p>\n<p>#\u0130ran #\u0130slamDevrimi #Direni\u015f #Y\u00fcceLider #\u0130slamDevrimiMuhaf\u0131zlar\u0131Ordusu #ABD\u0130srailSald\u0131rganl\u0131\u011f\u0131 #UlusalBirlik #H\u00fcrm\u00fczBo\u011faz\u0131 #B\u00f6lgeselG\u00fcvenlik #\u0130ranG\u00fcc\u00fc<\/p>\n","protected":false},"excerpt":{"rendered":"<p>\u0130ran&#8217;\u0131n Sars\u0131lmaz \u0130radesi: D\u00fc\u015fman Sald\u0131r\u0131lar\u0131na Kar\u015f\u0131 Liderlik ve Milli Birlik B\u00f6lgede ya\u015fanan gerilimlerin ard\u0131ndan, \u0130ranl\u0131 \u00fcst d\u00fczey yetkililere y\u00f6nelik ter\u00f6rist suikastlar ve Y\u00fcce Liderimizin bu s\u00fcre\u00e7te kamuoyunda daha az g\u00f6r\u00fcnmesiyle birlikte, d\u00fc\u015fman \u00e7evreler taraf\u0131ndan &#8220;\u0130ran&#8217;\u0131 kim y\u00f6netiyor?&#8221; sorusu g\u00fcndeme getirilmi\u015ftir. ABD ve \u0130srail&#8217;in Tahran&#8217;a kar\u015f\u0131 ba\u015flatt\u0131\u011f\u0131 sald\u0131rganl\u0131kta, rejim de\u011fi\u015fikli\u011fi temel hedeflerinden biri olarak \u00f6ne \u00e7\u0131km\u0131\u015ft\u0131r. [&hellip;]<\/p>\n","protected":false},"author":2,"featured_media":9780,"comment_status":"open","ping_status":"open","sticky":false,"template":"","format":"standard","meta":{"footnotes":""},"categories":[37],"tags":[],"class_list":["post-9779","post","type-post","status-publish","format-standard","has-post-thumbnail","hentry","category-orta-dogu-haberleri"],"_links":{"self":[{"href":"https:\/\/fajr.news\/index.php?rest_route=\/wp\/v2\/posts\/9779","targetHints":{"allow":["GET"]}}],"collection":[{"href":"https:\/\/fajr.news\/index.php?rest_route=\/wp\/v2\/posts"}],"about":[{"href":"https:\/\/fajr.news\/index.php?rest_route=\/wp\/v2\/types\/post"}],"author":[{"embeddable":true,"href":"https:\/\/fajr.news\/index.php?rest_route=\/wp\/v2\/users\/2"}],"replies":[{"embeddable":true,"href":"https:\/\/fajr.news\/index.php?rest_route=%2Fwp%2Fv2%2Fcomments&post=9779"}],"version-history":[{"count":0,"href":"https:\/\/fajr.news\/index.php?rest_route=\/wp\/v2\/posts\/9779\/revisions"}],"wp:featuredmedia":[{"embeddable":true,"href":"https:\/\/fajr.news\/index.php?rest_route=\/wp\/v2\/media\/9780"}],"wp:attachment":[{"href":"https:\/\/fajr.news\/index.php?rest_route=%2Fwp%2Fv2%2Fmedia&parent=9779"}],"wp:term":[{"taxonomy":"category","embeddable":true,"href":"https:\/\/fajr.news\/index.php?rest_route=%2Fwp%2Fv2%2Fcategories&post=9779"},{"taxonomy":"post_tag","embeddable":true,"href":"https:\/\/fajr.news\/index.php?rest_route=%2Fwp%2Fv2%2Ftags&post=9779"}],"curies":[{"name":"wp","href":"https:\/\/api.w.org\/{rel}","templated":true}]}}