{"id":9767,"date":"2026-04-26T18:09:20","date_gmt":"2026-04-26T14:39:20","guid":{"rendered":"https:\/\/fajr.news\/?p=9767"},"modified":"2026-04-26T18:09:20","modified_gmt":"2026-04-26T14:39:20","slug":"iranli-diplomat-pakistandan-ayrilirken-gorusmeler-tikandi-trump-elcilere-gitmeyin-dedi","status":"publish","type":"post","link":"https:\/\/fajr.news\/?p=9767&lang=tr","title":{"rendered":"\u0130ranl\u0131 Diplomat Pakistan&#8217;dan Ayr\u0131l\u0131rken G\u00f6r\u00fc\u015fmeler T\u0131kand\u0131, Trump El\u00e7ilere Gitmeyin Dedi"},"content":{"rendered":"<p>\u0130SLAMABAD (AP) \u2014 ABD ile \u0130ran aras\u0131ndaki son ate\u015fkes g\u00f6r\u00fc\u015fmeleri, Tahran&#8217;\u0131n \u00fcst d\u00fczey diplomat\u0131n\u0131n Pakistan&#8217;dan ayr\u0131lmas\u0131 ve Ba\u015fkan Donald Trump&#8217;\u0131n k\u0131sa s\u00fcre sonra el\u00e7ilere \u0130slamabad&#8217;a gitmemelerini s\u00f6yledi\u011fini belirtmesiyle, ba\u015flamadan Cumartesi g\u00fcn\u00fc ba\u015far\u0131s\u0131zl\u0131\u011fa u\u011fram\u0131\u015f gibi g\u00f6r\u00fcnd\u00fc.<br \/>\nM\u00fczakereler, bu ay\u0131n ba\u015flar\u0131nda ABD Ba\u015fkan Yard\u0131mc\u0131s\u0131 JD Vance liderli\u011findeki ABD ile Meclis Ba\u015fkan\u0131 Muhammed Bak\u0131r Kalibaf liderli\u011findeki \u0130ran aras\u0131nda yap\u0131lan tarihi y\u00fcz y\u00fcze g\u00f6r\u00fc\u015fmelerin devam\u0131 niteli\u011findeydi. Ancak \u0130ranl\u0131 yetkililer, ABD g\u00fc\u00e7lerinin \u0130ran&#8217;\u0131n H\u00fcrm\u00fcz Bo\u011faz\u0131 \u00fczerindeki kontrol\u00fcne yan\u0131t olarak \u0130ran limanlar\u0131n\u0131 abluka alt\u0131na almas\u0131ndan sonra ABD&#8217;ye nas\u0131l g\u00fcvenebileceklerini sorgulad\u0131lar.<br \/>\nTrump, Cumartesi g\u00fcn\u00fc karar\u0131n\u0131 a\u00e7\u0131klarken sosyal medyada, &#8220;Konu\u015fmak istiyorlarsa, tek yapmalar\u0131 gereken aramak!!!&#8221; ifadelerini kulland\u0131. Beyaz Saray Cuma g\u00fcn\u00fc Steve Witkoff ve Jared Kushner&#8217;\u0131n \u0130slamabad&#8217;a gidece\u011fini belirtmi\u015fti. Trump, &#8220;Seyahat i\u00e7in \u00e7ok fazla zaman, \u00e7ok fazla i\u015f kayb\u0131!&#8221; diye ekledi.<br \/>\n\u0130ki Pakistanl\u0131 yetkili, The Associated Press&#8217;e isminin a\u00e7\u0131klanmamas\u0131 ko\u015fuluyla yapt\u0131\u011f\u0131 a\u00e7\u0131klamada, \u0130ran D\u0131\u015fi\u015fleri Bakan\u0131 Abbas Ara\u011f\u00e7i&#8217;nin Cumartesi ak\u015fam\u0131 Pakistan&#8217;dan ayr\u0131ld\u0131\u011f\u0131n\u0131 bildirdi. Ara\u011f\u00e7i daha sonra sosyal medyada, &#8220;\u0130ran&#8217;a y\u00f6nelik sava\u015f\u0131 kal\u0131c\u0131 olarak sona erdirmek i\u00e7in uygulanabilir bir \u00e7er\u00e7eveye ili\u015fkin \u0130ran&#8217;\u0131n pozisyonunu payla\u015ft\u0131k. ABD&#8217;nin diplomasi konusunda ger\u00e7ekten ciddi olup olmad\u0131\u011f\u0131n\u0131 hen\u00fcz g\u00f6rmedik,&#8221; dedi.<br \/>\n\u0130srail ile \u0130ran destekli Hizbullah aras\u0131ndaki bir ba\u015fka ate\u015fkes de Cumartesi g\u00fcn\u00fc sars\u0131ld\u0131; taraflar birbirlerine ate\u015f a\u00e7arken \u0130srail Ba\u015fbakan\u0131 Binyamin Netanyahu orduya &#8220;L\u00fcbnan&#8217;daki Hizbullah hedeflerine \u015fiddetle sald\u0131rma&#8221; emri verdi.<br \/>\n\u0130ran, herhangi bir g\u00f6r\u00fc\u015fmenin dolayl\u0131 olaca\u011f\u0131n\u0131 belirtmi\u015fti. Ara\u011f\u00e7i, Ordu Komutan\u0131 Mare\u015fal As\u0131m Munir ve Ba\u015fbakan \u015eahbaz \u015eerif ile \u0130ran&#8217;\u0131n m\u00fczakerelerdeki k\u0131rm\u0131z\u0131 \u00e7izgileri hakk\u0131nda bir araya geldi. Tahran&#8217;\u0131n Pakistan&#8217;\u0131n arabuluculuk \u00e7abalar\u0131na &#8220;bir sonu\u00e7 elde edilene kadar&#8221; kat\u0131laca\u011f\u0131n\u0131 s\u00f6yledi.<br \/>\nS\u00fcresiz ate\u015fkes \u00e7at\u0131\u015fmalar\u0131n \u00e7o\u011funu durdurmu\u015f olsa da, H\u00fcrm\u00fcz Bo\u011faz\u0131&#8217;n\u0131n neredeyse kapanmas\u0131yla petrol, s\u0131v\u0131la\u015ft\u0131r\u0131lm\u0131\u015f do\u011fal gaz, g\u00fcbre ve di\u011fer malzemelerin k\u00fcresel sevkiyat\u0131n\u0131n aksamas\u0131yla ekonomik sonu\u00e7lar b\u00fcy\u00fcyor.<br \/>\nHer iki taraf da askeri tehditlerde bulunmaya devam etti. \u0130ran&#8217;\u0131n Ortak Askeri Komutanl\u0131\u011f\u0131 Cumartesi g\u00fcn\u00fc, &#8220;ABD&#8217;nin deniz ablukalar\u0131, haydutluk ve korsanl\u0131k dahil olmak \u00fczere sald\u0131rgan askeri eylemlerine devam etmesi halinde&#8221; &#8220;g\u00fc\u00e7l\u00fc bir yan\u0131tla&#8221; kar\u015f\u0131la\u015faca\u011f\u0131 uyar\u0131s\u0131nda bulundu.<br \/>\nPakistan, Trump&#8217;\u0131n bu hafta ate\u015fkesin s\u00fcresiz uzat\u0131ld\u0131\u011f\u0131n\u0131 a\u00e7\u0131klamas\u0131ndan bu yana ABD ve \u0130ran&#8217;\u0131 m\u00fczakere masas\u0131na geri d\u00f6nd\u00fcrmeye \u00e7al\u0131\u015f\u0131yordu. Bu, \u0130slamabad&#8217;\u0131n daha fazla diplomatik temas talebini onurland\u0131r\u0131yordu. Cumartesi g\u00fcnk\u00fc geli\u015fmelerden \u00f6nce bile, \u0130ran D\u0131\u015fi\u015fleri Bakanl\u0131\u011f\u0131 herhangi bir g\u00f6r\u00fc\u015fmenin dolayl\u0131 olaca\u011f\u0131n\u0131 ve Pakistanl\u0131 yetkililerin mesajlar\u0131 iletece\u011fini belirtmi\u015fti. Tahran, ge\u00e7en y\u0131l ve bu y\u0131l\u0131n ba\u015flar\u0131nda ABD ile Tahran&#8217;\u0131n n\u00fckleer program\u0131 \u00fczerindeki dolayl\u0131 g\u00f6r\u00fc\u015fmelerin, gerilimlerin uzun s\u00fcredir merkezinde yer alan konunun, ABD ve \u0130srail taraf\u0131ndan sald\u0131r\u0131ya u\u011framas\u0131yla sonu\u00e7land\u0131\u011f\u0131n\u0131 ve bu durumun tedirginli\u011fini art\u0131rd\u0131\u011f\u0131n\u0131 kaydetti.<br \/>\nPakistan&#8217;daki ilk tur g\u00f6r\u00fc\u015fmeler, 1979 \u0130slam Devrimi&#8217;nden bu yana uzun s\u00fcredir d\u00fc\u015fman olan taraflar aras\u0131ndaki en \u00fcst d\u00fczey do\u011frudan g\u00f6r\u00fc\u015fmeler olup 20 saatin \u00fczerinde s\u00fcrm\u00fc\u015ft\u00fc.<br \/>\nTart\u0131\u015fmal\u0131 konular aras\u0131nda \u0130ran&#8217;\u0131n zenginle\u015ftirilmi\u015f uranyumu, H\u00fcrm\u00fcz Bo\u011faz\u0131&#8217;ndaki gerilim, \u0130ran&#8217;\u0131n f\u00fcze program\u0131 ve b\u00f6lgedeki silahl\u0131 vekil gruplara verdi\u011fi destek yer al\u0131yor.<br \/>\nBo\u011faz \u00e7evresindeki gerilim devam ediyor. Uluslararas\u0131 standart olan Brent ham petrol\u00fcn\u00fcn fiyat\u0131, \u0130ran&#8217;\u0131n bo\u011faz \u00fczerindeki kontrol\u00fc nedeniyle sava\u015f ba\u015flad\u0131\u011f\u0131ndan bu yana neredeyse %50 daha y\u00fcksek seyrediyor; bu stratejik su yolu, bar\u0131\u015f zaman\u0131nda d\u00fcnya petrol\u00fcn\u00fcn be\u015fte birinin ge\u00e7ti\u011fi bir yer.<br \/>\n\u0130ran bu hafta \u00fc\u00e7 gemiye sald\u0131rd\u0131, ABD ise \u0130ran limanlar\u0131na y\u00f6nelik ablukay\u0131 s\u00fcrd\u00fcr\u00fcyor. Trump, may\u0131n d\u00f6\u015feyebilecek k\u00fc\u00e7\u00fck tekneleri &#8220;vurma ve yok etme&#8221; emri verdi. Almanya Savunma Bakan\u0131 Boris Pistorius Cumartesi g\u00fcn\u00fc yapt\u0131\u011f\u0131 a\u00e7\u0131klamada, \u00fclkesinin d\u00fc\u015fmanl\u0131klar sona erdi\u011finde bo\u011fazdaki \u0130ran may\u0131nlar\u0131n\u0131 temizlemeye yard\u0131mc\u0131 olmak i\u00e7in Akdeniz&#8217;e may\u0131n tarama gemileri g\u00f6nderdi\u011fini s\u00f6yledi.<br \/>\nAyr\u0131ca Cumartesi g\u00fcn\u00fc, \u0130ran, ABD ve \u0130srail sald\u0131r\u0131lar\u0131yla iki ay \u00f6nce sava\u015f\u0131n ba\u015flamas\u0131ndan bu yana ilk kez Tahran Uluslararas\u0131 Havaliman\u0131&#8217;ndan ticari u\u00e7u\u015flara yeniden ba\u015flad\u0131. \u0130ran devlet televizyonuna g\u00f6re, u\u00e7u\u015flar\u0131n \u0130stanbul, Umman&#8217;\u0131n ba\u015fkenti Maskat ve Suudi Arabistan&#8217;\u0131n Medine kentine yap\u0131lmas\u0131 planland\u0131.<br \/>\nAte\u015fkesler devam etse de can kayb\u0131 art\u0131yor. Sava\u015f ba\u015flad\u0131\u011f\u0131ndan bu yana yetkililer, \u0130ran&#8217;da en az 3.375 ki\u015finin ve \u0130ran sava\u015f\u0131n\u0131n ba\u015flamas\u0131ndan iki g\u00fcn sonra \u0130srail ile \u0130ran destekli militan grup Hizbullah aras\u0131nda yeni \u00e7at\u0131\u015fmalar\u0131n \u00e7\u0131kt\u0131\u011f\u0131 L\u00fcbnan&#8217;da en az 2.496 ki\u015finin \u00f6ld\u00fcr\u00fcld\u00fc\u011f\u00fcn\u00fc belirtiyor. Trump Per\u015fembe g\u00fcn\u00fc, \u0130srail ve L\u00fcbnan&#8217;\u0131n \u0130srail ile Hizbullah aras\u0131ndaki ate\u015fkesi \u00fc\u00e7 hafta uzatma konusunda anla\u015ft\u0131\u011f\u0131n\u0131 duyurdu. Hizbullah, Washington arabuluculu\u011fundaki diplomasiye kat\u0131lmad\u0131.<br \/>\nAncak \u0130srail Cumartesi g\u00fcn\u00fc g\u00fcney L\u00fcbnan&#8217;\u0131 vurdu, Hizbullah militan\u0131 oldu\u011funu iddia etti\u011fi en az alt\u0131 ki\u015fiyi \u00f6ld\u00fcrd\u00fc ve L\u00fcbnan&#8217;dan \u0130srail&#8217;e birka\u00e7 roket ve insans\u0131z hava arac\u0131 f\u0131rlat\u0131ld\u0131. Ayr\u0131ca \u0130srail&#8217;de 23 ki\u015fi ve K\u00f6rfez Arap \u00fclkelerinde bir d\u00fczineden fazla ki\u015fi \u00f6ld\u00fcr\u00fcld\u00fc. L\u00fcbnan&#8217;da on be\u015f \u0130srail askeri, b\u00f6lgede 13 ABD askeri personeli ve g\u00fcney L\u00fcbnan&#8217;daki BM bar\u0131\u015f g\u00fcc\u00fcnden alt\u0131 \u00fcye hayat\u0131n\u0131 kaybetti.<br \/>\nAhmed \u0130slamabad&#8217;dan, Gambrell ise Birle\u015fik Arap Emirlikleri, Dubai&#8217;den bildirdi. Associated Press yazarlar\u0131 Melanie Lidman (Tel Aviv, \u0130srail), Bassem Mroue (Beyrut) ve Will Weissert (Washington) habere katk\u0131da bulundu.<br \/>\n#\u0130ranABDGerilimi #Ate\u015fkesG\u00f6r\u00fc\u015fmeleri #H\u00fcrm\u00fczBo\u011faz\u0131 #Diplomasi\u00c7\u0131kmaz\u0131 #PakistanArabuluculu\u011fu #Ortado\u011fu #Hizbullah\u0130srail #PetrolFiyatlar\u0131 #K\u00fcreselG\u00fcvenlik #Trump\u0130ran<\/p>\n","protected":false},"excerpt":{"rendered":"<p>\u0130SLAMABAD (AP) \u2014 ABD ile \u0130ran aras\u0131ndaki son ate\u015fkes g\u00f6r\u00fc\u015fmeleri, Tahran&#8217;\u0131n \u00fcst d\u00fczey diplomat\u0131n\u0131n Pakistan&#8217;dan ayr\u0131lmas\u0131 ve Ba\u015fkan Donald Trump&#8217;\u0131n k\u0131sa s\u00fcre sonra el\u00e7ilere \u0130slamabad&#8217;a gitmemelerini s\u00f6yledi\u011fini belirtmesiyle, ba\u015flamadan Cumartesi g\u00fcn\u00fc ba\u015far\u0131s\u0131zl\u0131\u011fa u\u011fram\u0131\u015f gibi g\u00f6r\u00fcnd\u00fc. M\u00fczakereler, bu ay\u0131n ba\u015flar\u0131nda ABD Ba\u015fkan Yard\u0131mc\u0131s\u0131 JD Vance liderli\u011findeki ABD ile Meclis Ba\u015fkan\u0131 Muhammed Bak\u0131r Kalibaf liderli\u011findeki \u0130ran aras\u0131nda [&hellip;]<\/p>\n","protected":false},"author":2,"featured_media":9768,"comment_status":"open","ping_status":"open","sticky":false,"template":"","format":"standard","meta":{"footnotes":""},"categories":[31],"tags":[],"class_list":["post-9767","post","type-post","status-publish","format-standard","has-post-thumbnail","hentry","category-iran-haberleri"],"_links":{"self":[{"href":"https:\/\/fajr.news\/index.php?rest_route=\/wp\/v2\/posts\/9767","targetHints":{"allow":["GET"]}}],"collection":[{"href":"https:\/\/fajr.news\/index.php?rest_route=\/wp\/v2\/posts"}],"about":[{"href":"https:\/\/fajr.news\/index.php?rest_route=\/wp\/v2\/types\/post"}],"author":[{"embeddable":true,"href":"https:\/\/fajr.news\/index.php?rest_route=\/wp\/v2\/users\/2"}],"replies":[{"embeddable":true,"href":"https:\/\/fajr.news\/index.php?rest_route=%2Fwp%2Fv2%2Fcomments&post=9767"}],"version-history":[{"count":0,"href":"https:\/\/fajr.news\/index.php?rest_route=\/wp\/v2\/posts\/9767\/revisions"}],"wp:featuredmedia":[{"embeddable":true,"href":"https:\/\/fajr.news\/index.php?rest_route=\/wp\/v2\/media\/9768"}],"wp:attachment":[{"href":"https:\/\/fajr.news\/index.php?rest_route=%2Fwp%2Fv2%2Fmedia&parent=9767"}],"wp:term":[{"taxonomy":"category","embeddable":true,"href":"https:\/\/fajr.news\/index.php?rest_route=%2Fwp%2Fv2%2Fcategories&post=9767"},{"taxonomy":"post_tag","embeddable":true,"href":"https:\/\/fajr.news\/index.php?rest_route=%2Fwp%2Fv2%2Ftags&post=9767"}],"curies":[{"name":"wp","href":"https:\/\/api.w.org\/{rel}","templated":true}]}}