{"id":9759,"date":"2026-04-26T18:01:05","date_gmt":"2026-04-26T14:31:05","guid":{"rendered":"https:\/\/fajr.news\/?p=9759"},"modified":"2026-04-26T18:01:05","modified_gmt":"2026-04-26T14:31:05","slug":"trumpin-elcileri-witkoff-ve-kushner-iran-gorusmeleri-icin-pakistana-ucuyor","status":"publish","type":"post","link":"https:\/\/fajr.news\/?p=9759&lang=tr","title":{"rendered":"Trump&#8217;\u0131n El\u00e7ileri Witkoff ve Kushner, \u0130ran G\u00f6r\u00fc\u015fmeleri \u0130\u00e7in Pakistan&#8217;a U\u00e7uyor"},"content":{"rendered":"<p>Beyaz Saray&#8217;dan yap\u0131lan a\u00e7\u0131klamaya g\u00f6re, Donald Trump&#8217;\u0131n \u00f6zel temsilcisi Steve Witkoff ve ABD Ba\u015fkan\u0131&#8217;n\u0131n damad\u0131 Jared Kushner, Cumartesi sabah\u0131 \u0130ran ile bar\u0131\u015f g\u00f6r\u00fc\u015fmeleri yapmak \u00fczere Pakistan&#8217;a gidiyor.<\/p>\n<p>Beyaz Saray Bas\u0131n Sekreteri Karoline Leavitt, &#8220;\u0130ranl\u0131lar konu\u015fmak istiyor&#8221; dedi ve g\u00f6r\u00fc\u015fmelerin ba\u015far\u0131l\u0131 olmas\u0131 halinde ABD Ba\u015fkan Yard\u0131mc\u0131s\u0131 JD Vance&#8217;in seyahat etmeye &#8220;haz\u0131r bekledi\u011fini&#8221; ekledi.<\/p>\n<p>\u0130ran D\u0131\u015fi\u015fleri Bakanl\u0131\u011f\u0131 S\u00f6zc\u00fcs\u00fc Esmail Baqaei, kendisinin ve D\u0131\u015fi\u015fleri Bakan\u0131 Abbas Araghchi&#8217;nin Cuma ak\u015fam\u0131 \u0130slamabad&#8217;a ula\u015ft\u0131\u011f\u0131n\u0131 ve Araghchi&#8217;nin &#8220;\u00fcst d\u00fczey Pakistanl\u0131 yetkililerle&#8221; g\u00f6r\u00fc\u015fece\u011fini belirtti.<\/p>\n<p>Baqaei ayr\u0131ca, &#8220;\u0130ran ile ABD aras\u0131nda herhangi bir g\u00f6r\u00fc\u015fme yap\u0131lmas\u0131 planlanmamaktad\u0131r. \u0130ran&#8217;\u0131n g\u00f6zlemleri Pakistan&#8217;a iletilecektir&#8221; diye ekledi.<\/p>\n<p>Baqaei&#8217;nin a\u00e7\u0131klamalar\u0131ndan \u00f6nce, ABD Savunma Bakan\u0131 Pete Hegseth, Tahran&#8217;\u0131n &#8220;iyi bir anla\u015fma&#8221; yapma \u015fans\u0131 oldu\u011funu vurgulayarak, &#8220;tek yapmalar\u0131 gereken n\u00fckleer silahtan vazge\u00e7mek ve bunu anlaml\u0131 ve do\u011frulanabilir yollarla yapmak&#8221; oldu\u011funu s\u00f6yledi.<\/p>\n<p>Cuma g\u00fcnk\u00fc bas\u0131n brifinginde Hegseth, Washington&#8217;\u0131n \u00f6nemli bir petrol nakliye yolu olan H\u00fcrm\u00fcz Bo\u011faz\u0131&#8217;ndaki devam eden ablukas\u0131n\u0131n &#8220;b\u00fcy\u00fcd\u00fc\u011f\u00fcn\u00fc ve k\u00fcresel hale geldi\u011fini&#8221; de uyard\u0131.<\/p>\n<p>ABD ve \u0130srail, 28 \u015eubat&#8217;ta \u0130ran&#8217;a sald\u0131rmaya ba\u015flam\u0131\u015f, Tahran da bunun \u00fczerine H\u00fcrm\u00fcz Bo\u011faz\u0131 \u00fczerinden nakliyeyi k\u0131s\u0131tlam\u0131\u015ft\u0131.<\/p>\n<p>Sava\u015fan taraflar\u0131n bu hamleleri, d\u00fcnya genelinde petrol fiyatlar\u0131n\u0131n f\u0131rlamas\u0131na neden oldu.<\/p>\n<p>Cuma g\u00fcn\u00fc gazetecilere konu\u015fan Leavitt, Trump&#8217;\u0131n Witkoff ve Kushner&#8217;\u0131 \u0130slamabad&#8217;a &#8220;\u0130ranl\u0131lar\u0131 dinlemek&#8221; i\u00e7in g\u00f6ndermeye karar verdi\u011fini ve ABD ba\u015fkan\u0131n\u0131n &#8220;diplomasiye her zaman bir \u015fans vermeye istekli oldu\u011funu&#8221; ekledi.<\/p>\n<p>Leavitt, &#8220;son birka\u00e7 g\u00fcnde \u0130ran taraf\u0131ndan baz\u0131 ilerlemeler g\u00f6rd\u00fc\u011f\u00fcm\u00fcz\u00fc&#8221; de s\u00f6zlerine ekledi.<\/p>\n<p>Bu arada, \u0130ran&#8217;\u0131n \u0130slamabad B\u00fcy\u00fckel\u00e7ili\u011fi, Araghchi&#8217;nin &#8220;ikili meseleleri g\u00f6zden ge\u00e7irmeyi&#8221; ve b\u00f6lgesel geli\u015fmeleri tart\u0131\u015fmay\u0131 planlad\u0131\u011f\u0131n\u0131 bildirdi.<\/p>\n<p>Trump ve Hegseth bu hafta, ABD&#8217;nin \u0130ran ile sava\u015f\u0131 sona erdirme konusunda bask\u0131 hissetmedi\u011fi konusunda \u0131srar ettiler.<\/p>\n<p>Ancak ABD-\u0130ran g\u00f6r\u00fc\u015fmelerinin bu hafta sonu da devam edece\u011fi haberi, y\u00f6netimin kamuoyu \u00f6n\u00fcndeki a\u00e7\u0131klamalar\u0131 ile Beyaz Saray&#8217;\u0131n sava\u015f\u0131 sona erdirmenin bir yolunu bulmak i\u00e7in perde arkas\u0131ndaki \u00e7abalar\u0131 aras\u0131ndaki ayr\u0131m\u0131 bir kez daha ortaya koyuyor.<\/p>\n<p>Bu durum, Trump&#8217;tan gelen \u00e7eli\u015fkili mesajlara ve Tahran&#8217;\u0131n agresif duru\u015funa ra\u011fmen her iki taraf\u0131n da ileriye d\u00f6n\u00fck bir yol arad\u0131\u011f\u0131n\u0131 g\u00f6steriyor.<\/p>\n<p>A\u00e7\u0131k soru \u015fu ki, \u00fclkeler Pakistan&#8217;da ne kadar ilerleme kaydedebilir?<\/p>\n<p>JD Vance, bu ay\u0131n ba\u015flar\u0131nda yap\u0131lan ilk tur g\u00f6r\u00fc\u015fmelerde ABD delegasyonuna liderlik etmi\u015fti ancak bu hafta sonu yap\u0131lacak m\u00fczakerelere kat\u0131l\u0131p kat\u0131lmayaca\u011f\u0131 hen\u00fcz do\u011frulanmad\u0131.<\/p>\n<p>E\u011fer Vance kat\u0131lmazsa, bu, iki \u00fclkenin b\u00fcy\u00fck bir at\u0131l\u0131m beklemedi\u011fi anlam\u0131na gelebilir. Ancak g\u00f6r\u00fc\u015fmelerin devam etmesi, hem ABD&#8217;nin hem de \u0130ran&#8217;\u0131n bir anla\u015fma ile ilgilendi\u011fini g\u00f6steriyor.<\/p>\n<p>\u00c7ar\u015famba g\u00fcn\u00fc, \u0130ran Meclis Ba\u015fkan\u0131 Mohammad Bagher Ghalibaf, ABD ve \u0130srail&#8217;in &#8220;ate\u015fkesin bariz ihlalleri&#8221; nedeniyle H\u00fcrm\u00fcz Bo\u011faz\u0131&#8217;n\u0131n a\u00e7\u0131lmas\u0131n\u0131n &#8220;m\u00fcmk\u00fcn olmad\u0131\u011f\u0131n\u0131&#8221; uyard\u0131.<\/p>\n<p>&#8220;\u0130hlallerin&#8221; ABD&#8217;nin \u0130ran limanlar\u0131na uygulad\u0131\u011f\u0131 deniz ablukas\u0131n\u0131 i\u00e7erdi\u011fini, bunun k\u00fcresel ekonomiyi &#8220;rehin almak&#8221; anlam\u0131na geldi\u011fini ve \u0130srail&#8217;in &#8220;t\u00fcm cephelerdeki sava\u015f \u00e7\u0131\u011f\u0131rtkanl\u0131\u011f\u0131n\u0131&#8221; da ekledi.<\/p>\n<p>Bu arada, \u0130ran Cumhurba\u015fkan\u0131 Masoud Pezeshkian, Tahran&#8217;\u0131n ABD ile m\u00fczakerelere a\u00e7\u0131k oldu\u011funu ancak &#8220;taahh\u00fct ihlali, abluka ve tehditlerin ger\u00e7ek m\u00fczakerelerin \u00f6n\u00fcndeki ana engeller oldu\u011funu&#8221; belirtti.<\/p>\n<p>Bu hafta ba\u015f\u0131nda Trump, m\u00fczakerelerin devam edebilmesi i\u00e7in \u00c7ar\u015famba g\u00fcn\u00fc sona erecek olan \u0130ran ile ate\u015fkesi s\u00fcresiz olarak uzatt\u0131\u011f\u0131n\u0131 duyurdu.<\/p>\n<p>H\u00fcrm\u00fcz Bo\u011faz\u0131, \u0130ran, Birle\u015fik Arap Emirlikleri (BAE) ve Umman aras\u0131nda yer alan dar bir su ge\u00e7ididir.<\/p>\n<p>En dar noktas\u0131nda yakla\u015f\u0131k 21 mil (33 km) olan bu su yolu, K\u00f6rfez&#8217;i Umman K\u00f6rfezi&#8217;ne ba\u011flayarak hayati bir k\u00fcresel nakliye rotas\u0131 haline getirmektedir.<\/p>\n<p>D\u00fcnya petrol\u00fcn\u00fcn ve s\u0131v\u0131la\u015ft\u0131r\u0131lm\u0131\u015f do\u011fal gaz\u0131n\u0131n yakla\u015f\u0131k %20&#8217;si genellikle H\u00fcrm\u00fcz Bo\u011faz\u0131&#8217;ndan ge\u00e7mektedir.<\/p>\n<p>Bu petrol sadece \u0130ran&#8217;dan de\u011fil, ayn\u0131 zamanda Irak, Kuveyt, Katar, Suudi Arabistan ve BAE gibi K\u00f6rfez \u00fclkelerinden de gelmektedir.<\/p>\n<p>ABD Enerji Bilgi \u0130daresi (EIA) tahminlerine g\u00f6re, 2025 y\u0131l\u0131nda g\u00fcnde yakla\u015f\u0131k 20 milyon varil petrol bu su yolundan ge\u00e7ti; bu da y\u0131lda yakla\u015f\u0131k 600 milyar dolar (447 milyar sterlin) de\u011ferinde enerji ticareti anlam\u0131na geliyor.<\/p>\n<p>Sava\u015f ba\u015flad\u0131\u011f\u0131ndan bu yana deniz trafi\u011fi \u00f6nemli \u00f6l\u00e7\u00fcde azald\u0131.<\/p>\n<p>ABD Hazine Bakanl\u0131\u011f\u0131, b\u00fcy\u00fck bir \u00c7in rafinerisine ve 40 di\u011fer hedefe \u2013 gemilere ve sahiplerine \u2013 yapt\u0131r\u0131m uygulad\u0131. Hazine Bakanl\u0131\u011f\u0131, bunun &#8220;\u0130ran&#8217;\u0131n yasa d\u0131\u015f\u0131 petrol ticaretini&#8221; bozmay\u0131 ama\u00e7lad\u0131\u011f\u0131n\u0131 s\u00f6yledi.<\/p>\n<p>\u0130srail ve \u0130ran destekli L\u00fcbnan&#8217;daki Hizbullah askeri grubu, birbirlerini ate\u015fkes ihlalleriyle su\u00e7lad\u0131 \u2013 bu, Trump&#8217;\u0131n Per\u015fembe g\u00fcn\u00fc \u0130srail-L\u00fcbnan ate\u015fkesini \u00fc\u00e7 hafta uzatt\u0131\u011f\u0131n\u0131 duyurmas\u0131n\u0131n ard\u0131ndan geldi.<\/p>\n<p>#Trump #\u0130ran #Pakistan #H\u00fcrm\u00fczBo\u011faz\u0131 #Bar\u0131\u015fG\u00f6r\u00fc\u015fmeleri #Diplomasi #PetrolFiyatlar\u0131 #ABD #Kushner #Witkoff<\/p>\n","protected":false},"excerpt":{"rendered":"<p>Beyaz Saray&#8217;dan yap\u0131lan a\u00e7\u0131klamaya g\u00f6re, Donald Trump&#8217;\u0131n \u00f6zel temsilcisi Steve Witkoff ve ABD Ba\u015fkan\u0131&#8217;n\u0131n damad\u0131 Jared Kushner, Cumartesi sabah\u0131 \u0130ran ile bar\u0131\u015f g\u00f6r\u00fc\u015fmeleri yapmak \u00fczere Pakistan&#8217;a gidiyor. Beyaz Saray Bas\u0131n Sekreteri Karoline Leavitt, &#8220;\u0130ranl\u0131lar konu\u015fmak istiyor&#8221; dedi ve g\u00f6r\u00fc\u015fmelerin ba\u015far\u0131l\u0131 olmas\u0131 halinde ABD Ba\u015fkan Yard\u0131mc\u0131s\u0131 JD Vance&#8217;in seyahat etmeye &#8220;haz\u0131r bekledi\u011fini&#8221; ekledi. \u0130ran D\u0131\u015fi\u015fleri Bakanl\u0131\u011f\u0131 [&hellip;]<\/p>\n","protected":false},"author":2,"featured_media":9760,"comment_status":"open","ping_status":"open","sticky":false,"template":"","format":"standard","meta":{"footnotes":""},"categories":[37],"tags":[],"class_list":["post-9759","post","type-post","status-publish","format-standard","has-post-thumbnail","hentry","category-orta-dogu-haberleri"],"_links":{"self":[{"href":"https:\/\/fajr.news\/index.php?rest_route=\/wp\/v2\/posts\/9759","targetHints":{"allow":["GET"]}}],"collection":[{"href":"https:\/\/fajr.news\/index.php?rest_route=\/wp\/v2\/posts"}],"about":[{"href":"https:\/\/fajr.news\/index.php?rest_route=\/wp\/v2\/types\/post"}],"author":[{"embeddable":true,"href":"https:\/\/fajr.news\/index.php?rest_route=\/wp\/v2\/users\/2"}],"replies":[{"embeddable":true,"href":"https:\/\/fajr.news\/index.php?rest_route=%2Fwp%2Fv2%2Fcomments&post=9759"}],"version-history":[{"count":0,"href":"https:\/\/fajr.news\/index.php?rest_route=\/wp\/v2\/posts\/9759\/revisions"}],"wp:featuredmedia":[{"embeddable":true,"href":"https:\/\/fajr.news\/index.php?rest_route=\/wp\/v2\/media\/9760"}],"wp:attachment":[{"href":"https:\/\/fajr.news\/index.php?rest_route=%2Fwp%2Fv2%2Fmedia&parent=9759"}],"wp:term":[{"taxonomy":"category","embeddable":true,"href":"https:\/\/fajr.news\/index.php?rest_route=%2Fwp%2Fv2%2Fcategories&post=9759"},{"taxonomy":"post_tag","embeddable":true,"href":"https:\/\/fajr.news\/index.php?rest_route=%2Fwp%2Fv2%2Ftags&post=9759"}],"curies":[{"name":"wp","href":"https:\/\/api.w.org\/{rel}","templated":true}]}}