{"id":9751,"date":"2026-04-26T17:48:42","date_gmt":"2026-04-26T14:18:42","guid":{"rendered":"https:\/\/fajr.news\/?p=9751"},"modified":"2026-04-26T17:48:42","modified_gmt":"2026-04-26T14:18:42","slug":"asean-yetkilileri-orta-dogudaki-enerji-arzi-risklerini-ele-almak-uzere-toplandi","status":"publish","type":"post","link":"https:\/\/fajr.news\/?p=9751&lang=tr","title":{"rendered":"ASEAN yetkilileri, Orta Do\u011fu&#8217;daki enerji arz\u0131 risklerini ele almak \u00fczere topland\u0131"},"content":{"rendered":"<p>MANILA &#8211; G\u00fcneydo\u011fu Asya Uluslar Birli\u011fi (ASEAN) d\u00f6nem ba\u015fkan\u0131 Filipinler, Enerji Bakanl\u0131\u011f\u0131&#8217;n\u0131n Pazar g\u00fcn\u00fc yapt\u0131\u011f\u0131 a\u00e7\u0131klamaya g\u00f6re, geli\u015fen Orta Do\u011fu durumunun k\u00fcresel ve b\u00f6lgesel enerji piyasalar\u0131 \u00fczerindeki etkisini de\u011ferlendirmek \u00fczere \u00fcst d\u00fczey yetkilileri bir araya getirdi. Toplant\u0131da petrol ve gaz arz\u0131 istikrar\u0131, fiyat dalgalanmalar\u0131 ve olas\u0131 tedarik zinciri kesintileri konular\u0131na odaklan\u0131ld\u0131.<\/p>\n<p>Cuma g\u00fcn\u00fc yap\u0131lan sanal toplant\u0131da, ASEAN \u00fcye devletleri ve diyalog ortaklar\u0131 mevcut arz ko\u015fullar\u0131 hakk\u0131nda g\u00fcncellemeler payla\u015ft\u0131 ve arz \u00e7e\u015fitlendirmesi, enerji kaynaklar\u0131na eri\u015fim, piyasa \u015feffafl\u0131\u011f\u0131 ve acil durum m\u00fcdahale koordinasyonu konular\u0131nda i\u015f birli\u011fini ara\u015ft\u0131rd\u0131.<\/p>\n<p>Teknik brifinglerde, b\u00f6lgeyi etkileyen temel tedarik yollar\u0131ndaki k\u0131s\u0131tlamalar ve de\u011fi\u015fen k\u00fcresel ticaret ak\u0131\u015flar\u0131 vurguland\u0131. Yetkililer, ulusal ko\u015fullar dikkate al\u0131narak izleme sistemlerinin g\u00fc\u00e7lendirilmesi, veri \u015feffafl\u0131\u011f\u0131n\u0131n art\u0131r\u0131lmas\u0131 ve stratejik stoklama ile acil durum rezervleri i\u00e7in stratejilerin geli\u015ftirilmesi ihtiyac\u0131n\u0131 vurgulad\u0131.<\/p>\n<p>B\u00f6lgesel bloktan yap\u0131lan ayr\u0131 bir a\u00e7\u0131klamada, kat\u0131l\u0131mc\u0131lar\u0131n ASEAN&#8217;\u0131n kolektif haz\u0131rl\u0131k ve m\u00fcdahale mekanizmalar\u0131n\u0131 geli\u015ftirmenin aciliyetini, ayn\u0131 zamanda b\u00f6lgesel dayan\u0131\u015fmay\u0131 ve ortaya \u00e7\u0131kan riskleri y\u00f6netmek i\u00e7in koordineli politika eylemlerini g\u00fc\u00e7lendirmenin \u00f6nemini vurgulad\u0131\u011f\u0131 belirtildi.<\/p>\n<p>#ASEAN #EnerjiArz\u0131 #OrtaDo\u011fu #PetrolGaz #TedarikZinciri #EnerjiPiyasalar\u0131 #Filipinler #B\u00f6lgesel\u0130\u015fbirli\u011fi #AcilDurumRezervleri #K\u00fcreselEnerji<\/p>\n","protected":false},"excerpt":{"rendered":"<p>MANILA &#8211; G\u00fcneydo\u011fu Asya Uluslar Birli\u011fi (ASEAN) d\u00f6nem ba\u015fkan\u0131 Filipinler, Enerji Bakanl\u0131\u011f\u0131&#8217;n\u0131n Pazar g\u00fcn\u00fc yapt\u0131\u011f\u0131 a\u00e7\u0131klamaya g\u00f6re, geli\u015fen Orta Do\u011fu durumunun k\u00fcresel ve b\u00f6lgesel enerji piyasalar\u0131 \u00fczerindeki etkisini de\u011ferlendirmek \u00fczere \u00fcst d\u00fczey yetkilileri bir araya getirdi. Toplant\u0131da petrol ve gaz arz\u0131 istikrar\u0131, fiyat dalgalanmalar\u0131 ve olas\u0131 tedarik zinciri kesintileri konular\u0131na odaklan\u0131ld\u0131. Cuma g\u00fcn\u00fc yap\u0131lan sanal [&hellip;]<\/p>\n","protected":false},"author":2,"featured_media":9752,"comment_status":"open","ping_status":"open","sticky":false,"template":"","format":"standard","meta":{"footnotes":""},"categories":[37],"tags":[],"class_list":["post-9751","post","type-post","status-publish","format-standard","has-post-thumbnail","hentry","category-orta-dogu-haberleri"],"_links":{"self":[{"href":"https:\/\/fajr.news\/index.php?rest_route=\/wp\/v2\/posts\/9751","targetHints":{"allow":["GET"]}}],"collection":[{"href":"https:\/\/fajr.news\/index.php?rest_route=\/wp\/v2\/posts"}],"about":[{"href":"https:\/\/fajr.news\/index.php?rest_route=\/wp\/v2\/types\/post"}],"author":[{"embeddable":true,"href":"https:\/\/fajr.news\/index.php?rest_route=\/wp\/v2\/users\/2"}],"replies":[{"embeddable":true,"href":"https:\/\/fajr.news\/index.php?rest_route=%2Fwp%2Fv2%2Fcomments&post=9751"}],"version-history":[{"count":0,"href":"https:\/\/fajr.news\/index.php?rest_route=\/wp\/v2\/posts\/9751\/revisions"}],"wp:featuredmedia":[{"embeddable":true,"href":"https:\/\/fajr.news\/index.php?rest_route=\/wp\/v2\/media\/9752"}],"wp:attachment":[{"href":"https:\/\/fajr.news\/index.php?rest_route=%2Fwp%2Fv2%2Fmedia&parent=9751"}],"wp:term":[{"taxonomy":"category","embeddable":true,"href":"https:\/\/fajr.news\/index.php?rest_route=%2Fwp%2Fv2%2Fcategories&post=9751"},{"taxonomy":"post_tag","embeddable":true,"href":"https:\/\/fajr.news\/index.php?rest_route=%2Fwp%2Fv2%2Ftags&post=9751"}],"curies":[{"name":"wp","href":"https:\/\/api.w.org\/{rel}","templated":true}]}}