{"id":9737,"date":"2026-04-26T17:08:58","date_gmt":"2026-04-26T13:38:58","guid":{"rendered":"https:\/\/fajr.news\/?p=9737"},"modified":"2026-04-26T17:08:58","modified_gmt":"2026-04-26T13:38:58","slug":"israil-saldirilarinda-gazzede-en-az-dort-filistinli-hayatini-kaybetti","status":"publish","type":"post","link":"https:\/\/fajr.news\/?p=9737&lang=tr","title":{"rendered":"\u0130srail Sald\u0131r\u0131lar\u0131nda Gazze&#8217;de En Az D\u00f6rt Filistinli Hayat\u0131n\u0131 Kaybetti"},"content":{"rendered":"<p>Gazze \u015eeridi&#8217;ndeki sa\u011fl\u0131k yetkilileri, \u0130srail askeri sald\u0131r\u0131lar\u0131nda Pazar g\u00fcn\u00fc en az d\u00f6rt Filistinlinin hayat\u0131n\u0131 kaybetti\u011fini bildirdi. Sa\u011fl\u0131k g\u00f6revlileri, \u0130srail g\u00fc\u00e7leri taraf\u0131ndan d\u00fczenlenen bir hava sald\u0131r\u0131s\u0131nda orta kesimdeki Al-Mughraqa k\u00f6y\u00fc yak\u0131nlar\u0131nda bir ki\u015finin \u00f6ld\u00fc\u011f\u00fcn\u00fc, Gazze \u015eehri yak\u0131nlar\u0131nda ise \u0130srail ate\u015fi ve tank at\u0131\u015flar\u0131yla iki ki\u015finin daha hayat\u0131n\u0131 kaybetti\u011fini belirtti.<\/p>\n<p>Ba\u015fka bir olayda, sa\u011fl\u0131k yetkilileri, \u0130srail g\u00fc\u00e7lerinin b\u00f6lgenin g\u00fcneyindeki Han Yunus&#8217;ta 40 ya\u015f\u0131ndaki bir kad\u0131n\u0131 vurarak \u00f6ld\u00fcrd\u00fc\u011f\u00fcn\u00fc a\u00e7\u0131klad\u0131. \u0130srail ordusu ise Pazar g\u00fcn\u00fc bildirilen olay s\u0131ras\u0131nda o b\u00f6lgede kendi birlikleri taraf\u0131ndan herhangi bir sald\u0131r\u0131dan haberdar olmad\u0131\u011f\u0131n\u0131 ifade etti.<\/p>\n<p>\u0130srail ordusu, bildirilen di\u011fer sald\u0131r\u0131lar\u0131 inceledi\u011fini s\u00f6yledi. Ayr\u0131ca, Cuma g\u00fcn\u00fcnden bu yana Gazze&#8217;de bir\u00e7ok Hamas militan\u0131n\u0131 vurdu\u011funu ve \u00f6ld\u00fcrd\u00fc\u011f\u00fcn\u00fc duyurdu.<\/p>\n<p>Ekim 2025&#8217;teki ate\u015fkes anla\u015fmas\u0131na ra\u011fmen Gazze&#8217;deki \u015fiddet devam ediyor; \u0130srail Filistinlilere kar\u015f\u0131 neredeyse her g\u00fcn sald\u0131r\u0131lar d\u00fczenliyor. Yerel sa\u011fl\u0131k g\u00f6revlilerine g\u00f6re, ate\u015fkes anla\u015fmas\u0131n\u0131n y\u00fcr\u00fcrl\u00fc\u011fe girmesinden bu yana en az 800 Filistinli \u00f6ld\u00fcr\u00fcl\u00fcrken, \u0130srail militanlar\u0131n ayn\u0131 d\u00f6nemde d\u00f6rt askerini \u00f6ld\u00fcrd\u00fc\u011f\u00fcn\u00fc belirtiyor. \u0130srail ve Hamas, ate\u015fkes ihlallerinden birbirlerini sorumlu tutuyor.<\/p>\n<p>Gazze sa\u011fl\u0131k yetkililerine g\u00f6re, Gazze sava\u015f\u0131n\u0131n Ekim 2023&#8217;te ba\u015flamas\u0131ndan bu yana \u00e7o\u011fu sivil olmak \u00fczere 72.500&#8217;den fazla Filistinli hayat\u0131n\u0131 kaybetti. \u0130srail verilerine g\u00f6re ise Hamas&#8217;\u0131n 7 Ekim 2023&#8217;teki \u0130srail sald\u0131r\u0131lar\u0131nda 1.200 ki\u015fi \u00f6ld\u00fc.<\/p>\n<p>#Gazze #Filistin #\u0130srail #Sald\u0131r\u0131 #Ate\u015fkes #\u015eiddet #CanKayb\u0131 #Ortado\u011fu #Sava\u015f #\u0130nsanl\u0131kDram\u0131<\/p>\n","protected":false},"excerpt":{"rendered":"<p>Gazze \u015eeridi&#8217;ndeki sa\u011fl\u0131k yetkilileri, \u0130srail askeri sald\u0131r\u0131lar\u0131nda Pazar g\u00fcn\u00fc en az d\u00f6rt Filistinlinin hayat\u0131n\u0131 kaybetti\u011fini bildirdi. Sa\u011fl\u0131k g\u00f6revlileri, \u0130srail g\u00fc\u00e7leri taraf\u0131ndan d\u00fczenlenen bir hava sald\u0131r\u0131s\u0131nda orta kesimdeki Al-Mughraqa k\u00f6y\u00fc yak\u0131nlar\u0131nda bir ki\u015finin \u00f6ld\u00fc\u011f\u00fcn\u00fc, Gazze \u015eehri yak\u0131nlar\u0131nda ise \u0130srail ate\u015fi ve tank at\u0131\u015flar\u0131yla iki ki\u015finin daha hayat\u0131n\u0131 kaybetti\u011fini belirtti. Ba\u015fka bir olayda, sa\u011fl\u0131k yetkilileri, \u0130srail g\u00fc\u00e7lerinin [&hellip;]<\/p>\n","protected":false},"author":2,"featured_media":9738,"comment_status":"open","ping_status":"open","sticky":false,"template":"","format":"standard","meta":{"footnotes":""},"categories":[37],"tags":[],"class_list":["post-9737","post","type-post","status-publish","format-standard","has-post-thumbnail","hentry","category-orta-dogu-haberleri"],"_links":{"self":[{"href":"https:\/\/fajr.news\/index.php?rest_route=\/wp\/v2\/posts\/9737","targetHints":{"allow":["GET"]}}],"collection":[{"href":"https:\/\/fajr.news\/index.php?rest_route=\/wp\/v2\/posts"}],"about":[{"href":"https:\/\/fajr.news\/index.php?rest_route=\/wp\/v2\/types\/post"}],"author":[{"embeddable":true,"href":"https:\/\/fajr.news\/index.php?rest_route=\/wp\/v2\/users\/2"}],"replies":[{"embeddable":true,"href":"https:\/\/fajr.news\/index.php?rest_route=%2Fwp%2Fv2%2Fcomments&post=9737"}],"version-history":[{"count":0,"href":"https:\/\/fajr.news\/index.php?rest_route=\/wp\/v2\/posts\/9737\/revisions"}],"wp:featuredmedia":[{"embeddable":true,"href":"https:\/\/fajr.news\/index.php?rest_route=\/wp\/v2\/media\/9738"}],"wp:attachment":[{"href":"https:\/\/fajr.news\/index.php?rest_route=%2Fwp%2Fv2%2Fmedia&parent=9737"}],"wp:term":[{"taxonomy":"category","embeddable":true,"href":"https:\/\/fajr.news\/index.php?rest_route=%2Fwp%2Fv2%2Fcategories&post=9737"},{"taxonomy":"post_tag","embeddable":true,"href":"https:\/\/fajr.news\/index.php?rest_route=%2Fwp%2Fv2%2Ftags&post=9737"}],"curies":[{"name":"wp","href":"https:\/\/api.w.org\/{rel}","templated":true}]}}