{"id":9723,"date":"2026-04-26T16:49:12","date_gmt":"2026-04-26T13:19:12","guid":{"rendered":"https:\/\/fajr.news\/?p=9723"},"modified":"2026-04-26T16:49:12","modified_gmt":"2026-04-26T13:19:12","slug":"abd-iran-gorusmeleri-pahali-bir-cikmazda-tikandi-trump-bombalama-secenegini-masada-tutuyor","status":"publish","type":"post","link":"https:\/\/fajr.news\/?p=9723&lang=tr","title":{"rendered":"ABD-\u0130ran G\u00f6r\u00fc\u015fmeleri Pahal\u0131 Bir \u00c7\u0131kmazda T\u0131kand\u0131, Trump Bombalama Se\u00e7ene\u011fini Masada Tutuyor"},"content":{"rendered":"<p>Amerikan-\u0130ran m\u00fczakereleri aksayarak devam ediyor. Pakistan Ba\u015fbakan\u0131 \u015eehbaz \u015eerif, Cumartesi g\u00fcn\u00fc \u0130slamabad&#8217;da \u0130ran D\u0131\u015fi\u015fleri Bakan\u0131 Abbas Ara\u011f\u00e7i ile bir araya geldi. Ara\u011f\u00e7i, ate\u015fkes g\u00f6r\u00fc\u015fmelerinin bir par\u00e7as\u0131 olarak ABD&#8217;nin taleplerine \u0130ran&#8217;\u0131n yan\u0131t\u0131n\u0131 beraberinde getirdi.<br \/>\nBu makalenin kilidini a\u00e7mak i\u00e7in e-posta adresinizle kaydolun. Her g\u00fcn bir ak\u0131ll\u0131 e-posta. Spam yok. Kaydolarak Haaretz&#8217;in h\u00fck\u00fcm ve ko\u015fullar\u0131n\u0131 kabul etmi\u015f olursunuz. Yorumlar<br \/>\nSava\u015f\u0131n yeniden ba\u015flamas\u0131 \u015fu senaryoya yol a\u00e7abilir: \u0130srail ve ABD, \u0130ran&#8217;\u0131n sivil altyap\u0131s\u0131n\u0131, k\u00f6pr\u00fcleri, elektrik santrallerini vb. hedef al\u0131r. Diyelim ki Savunma Bakan\u0131 dile\u011fine kavu\u015ftu ve \u0130srail, yaral\u0131 dini lider de dahil olmak \u00fczere \u015fu anda en g\u00f6r\u00fcn\u00fcr \u0130ranl\u0131 liderleri \u00f6ld\u00fcrd\u00fc. MIT&#8217;den bir n\u00fckleer silah uzman\u0131, \u0130ran&#8217;\u0131n 10 bombaya kadar n\u00fckleer g\u00fcce sahip, ilan edilmemi\u015f bir n\u00fckleer g\u00fc\u00e7 oldu\u011funu zaten belirtmi\u015fti. Kendinizi atom bombas\u0131yla donat\u0131labilen f\u00fczelerden birini kontrol eden \u0130ranl\u0131 bir generalin yerine koyun. \u0130srail&#8217;in sivil liderli\u011finizi ba\u015far\u0131yla \u00f6ld\u00fcrd\u00fc\u011f\u00fcn\u00fc yeni duydunuz. \u0130srail&#8217;e atom bombas\u0131 sald\u0131r\u0131s\u0131 ba\u015flat\u0131r m\u0131s\u0131n\u0131z? Bana \u00f6yle geliyor ki, Savunma Bakan\u0131 kana susam\u0131\u015f bir kahraman oldu\u011funu g\u00f6stermek i\u00e7in televizyona \u00e7\u0131kmak yerine, ASIL BUNUN hakk\u0131nda endi\u015felenmeli!<br \/>\nNetanyahu, psikotik yalan s\u00f6yleme becerisini o kadar m\u00fckemmel bir \u015fekilde ustala\u015ft\u0131rd\u0131 ki art\u0131k ger\u00e7eklikte ya\u015fam\u0131yor. Bunun yerine, kendi d\u00fcnyas\u0131nda ve takip\u00e7ilerinin d\u00fcnyas\u0131nda, takdir edilmeyen bir peygamber, ulus i\u00e7in kendini feda eden ebedi bir kurban. Bir\u00e7ok y\u00f6nden, \u0130srail toplumunun m\u00fckemmel bir yans\u0131mas\u0131.<br \/>\nEbu Musa adas\u0131n\u0131 ele ge\u00e7irin ve Suudi Arabistan, BAE, Bahreyn, Irak, Kuveyt, \u0130srail, ABD taraf\u0131ndan y\u00f6netilen ticareti g\u00fcvence alt\u0131na almak i\u00e7in ortak bir g\u00fcvenlik komitesi merkezi haline getirin ve \u0130ran&#8217;daki eski rejimin ortadan kald\u0131r\u0131lmas\u0131ndan sonra yeni \u0130ran h\u00fck\u00fcmetinin t\u00fcm \u00fclkelerle e\u015fit payda ortak komiteye kat\u0131lmas\u0131na izin verin.<br \/>\nSopayla, petrole veya havu\u00e7la \u2013 \u0130RAN&#8217;I YEN\u0130DEN H\u0130ZAYA GET\u0130R\u0130N.<br \/>\n\u0130srail bir marka olarak o kadar zehirli hale geldi ki, gizlice hangi \u00fclke en \u00e7ok hor g\u00f6r\u00fclen parya devletlerden biriyle ili\u015fkilendirilmek ister ki.<br \/>\n#ABD\u0130ranG\u00f6r\u00fc\u015fmeleri #Ortado\u011fu #N\u00fckleerTehdit #\u0130srail #Diplomasi #Ate\u015fkes #Jeopolitik #Pakistan #\u0130ranD\u0131\u015fPolitikas\u0131 #K\u00fcreselG\u00fcvenlik<\/p>\n","protected":false},"excerpt":{"rendered":"<p>Amerikan-\u0130ran m\u00fczakereleri aksayarak devam ediyor. Pakistan Ba\u015fbakan\u0131 \u015eehbaz \u015eerif, Cumartesi g\u00fcn\u00fc \u0130slamabad&#8217;da \u0130ran D\u0131\u015fi\u015fleri Bakan\u0131 Abbas Ara\u011f\u00e7i ile bir araya geldi. Ara\u011f\u00e7i, ate\u015fkes g\u00f6r\u00fc\u015fmelerinin bir par\u00e7as\u0131 olarak ABD&#8217;nin taleplerine \u0130ran&#8217;\u0131n yan\u0131t\u0131n\u0131 beraberinde getirdi. Bu makalenin kilidini a\u00e7mak i\u00e7in e-posta adresinizle kaydolun. Her g\u00fcn bir ak\u0131ll\u0131 e-posta. Spam yok. Kaydolarak Haaretz&#8217;in h\u00fck\u00fcm ve ko\u015fullar\u0131n\u0131 kabul etmi\u015f [&hellip;]<\/p>\n","protected":false},"author":2,"featured_media":9724,"comment_status":"open","ping_status":"open","sticky":false,"template":"","format":"standard","meta":{"footnotes":""},"categories":[37],"tags":[],"class_list":["post-9723","post","type-post","status-publish","format-standard","has-post-thumbnail","hentry","category-orta-dogu-haberleri"],"_links":{"self":[{"href":"https:\/\/fajr.news\/index.php?rest_route=\/wp\/v2\/posts\/9723","targetHints":{"allow":["GET"]}}],"collection":[{"href":"https:\/\/fajr.news\/index.php?rest_route=\/wp\/v2\/posts"}],"about":[{"href":"https:\/\/fajr.news\/index.php?rest_route=\/wp\/v2\/types\/post"}],"author":[{"embeddable":true,"href":"https:\/\/fajr.news\/index.php?rest_route=\/wp\/v2\/users\/2"}],"replies":[{"embeddable":true,"href":"https:\/\/fajr.news\/index.php?rest_route=%2Fwp%2Fv2%2Fcomments&post=9723"}],"version-history":[{"count":0,"href":"https:\/\/fajr.news\/index.php?rest_route=\/wp\/v2\/posts\/9723\/revisions"}],"wp:featuredmedia":[{"embeddable":true,"href":"https:\/\/fajr.news\/index.php?rest_route=\/wp\/v2\/media\/9724"}],"wp:attachment":[{"href":"https:\/\/fajr.news\/index.php?rest_route=%2Fwp%2Fv2%2Fmedia&parent=9723"}],"wp:term":[{"taxonomy":"category","embeddable":true,"href":"https:\/\/fajr.news\/index.php?rest_route=%2Fwp%2Fv2%2Fcategories&post=9723"},{"taxonomy":"post_tag","embeddable":true,"href":"https:\/\/fajr.news\/index.php?rest_route=%2Fwp%2Fv2%2Ftags&post=9723"}],"curies":[{"name":"wp","href":"https:\/\/api.w.org\/{rel}","templated":true}]}}