{"id":9715,"date":"2026-04-26T16:39:16","date_gmt":"2026-04-26T13:09:16","guid":{"rendered":"https:\/\/fajr.news\/?p=9715"},"modified":"2026-04-26T16:39:16","modified_gmt":"2026-04-26T13:09:16","slug":"bae-endustriyel-dayaniklilik-icin-272-milyon-dolarlik-ulusal-fon-kuracak","status":"publish","type":"post","link":"https:\/\/fajr.news\/?p=9715&lang=tr","title":{"rendered":"BAE, end\u00fcstriyel dayan\u0131kl\u0131l\u0131k i\u00e7in 272 milyon dolarl\u0131k ulusal fon kuracak"},"content":{"rendered":"<p>Birle\u015fik Arap Emirlikleri (BAE), end\u00fcstriyel dayan\u0131kl\u0131l\u0131\u011f\u0131 g\u00fc\u00e7lendirmek amac\u0131yla 1 milyar dirhem (272 milyon dolar) de\u011ferinde ulusal bir fon olu\u015fturacak. Ba\u015fbakan Muhammed bin Ra\u015fid el-Maktum, Pazar g\u00fcn\u00fc X sosyal medya platformunda yapt\u0131\u011f\u0131 a\u00e7\u0131klamada bu bilgiyi payla\u015ft\u0131.<br \/>\nBa\u015fbakan, s\u00f6z konusu fonun hayati end\u00fcstrilerin yerelle\u015fmesini destekleyece\u011fini, tedarik zinciri dayan\u0131kl\u0131l\u0131\u011f\u0131n\u0131 art\u0131raca\u011f\u0131n\u0131 ve \u00fcretim, operasyonlar ile planlamada yapay zeka teknolojilerinin kullan\u0131m\u0131n\u0131 h\u0131zland\u0131raca\u011f\u0131n\u0131 ifade etti.<br \/>\nBAE ekonomisi, son iki ayda Emirati topraklar\u0131na d\u00fczenlenen do\u011frudan \u0130ran hava sald\u0131r\u0131lar\u0131 nedeniyle ciddi \u015fekilde etkilenmi\u015fti.<br \/>\n#BAE #End\u00fcstriyelDayan\u0131kl\u0131l\u0131k #UlusalFon #YapayZeka #TedarikZinciri #SanayiGeli\u015fimi #Ekonomi #OrtaDo\u011fu #MohammedBinRashidAlMaktoum #\u0130ranGerilimi<\/p>\n","protected":false},"excerpt":{"rendered":"<p>Birle\u015fik Arap Emirlikleri (BAE), end\u00fcstriyel dayan\u0131kl\u0131l\u0131\u011f\u0131 g\u00fc\u00e7lendirmek amac\u0131yla 1 milyar dirhem (272 milyon dolar) de\u011ferinde ulusal bir fon olu\u015fturacak. Ba\u015fbakan Muhammed bin Ra\u015fid el-Maktum, Pazar g\u00fcn\u00fc X sosyal medya platformunda yapt\u0131\u011f\u0131 a\u00e7\u0131klamada bu bilgiyi payla\u015ft\u0131. Ba\u015fbakan, s\u00f6z konusu fonun hayati end\u00fcstrilerin yerelle\u015fmesini destekleyece\u011fini, tedarik zinciri dayan\u0131kl\u0131l\u0131\u011f\u0131n\u0131 art\u0131raca\u011f\u0131n\u0131 ve \u00fcretim, operasyonlar ile planlamada yapay zeka teknolojilerinin [&hellip;]<\/p>\n","protected":false},"author":2,"featured_media":9716,"comment_status":"open","ping_status":"open","sticky":false,"template":"","format":"standard","meta":{"footnotes":""},"categories":[37],"tags":[],"class_list":["post-9715","post","type-post","status-publish","format-standard","has-post-thumbnail","hentry","category-orta-dogu-haberleri"],"_links":{"self":[{"href":"https:\/\/fajr.news\/index.php?rest_route=\/wp\/v2\/posts\/9715","targetHints":{"allow":["GET"]}}],"collection":[{"href":"https:\/\/fajr.news\/index.php?rest_route=\/wp\/v2\/posts"}],"about":[{"href":"https:\/\/fajr.news\/index.php?rest_route=\/wp\/v2\/types\/post"}],"author":[{"embeddable":true,"href":"https:\/\/fajr.news\/index.php?rest_route=\/wp\/v2\/users\/2"}],"replies":[{"embeddable":true,"href":"https:\/\/fajr.news\/index.php?rest_route=%2Fwp%2Fv2%2Fcomments&post=9715"}],"version-history":[{"count":0,"href":"https:\/\/fajr.news\/index.php?rest_route=\/wp\/v2\/posts\/9715\/revisions"}],"wp:featuredmedia":[{"embeddable":true,"href":"https:\/\/fajr.news\/index.php?rest_route=\/wp\/v2\/media\/9716"}],"wp:attachment":[{"href":"https:\/\/fajr.news\/index.php?rest_route=%2Fwp%2Fv2%2Fmedia&parent=9715"}],"wp:term":[{"taxonomy":"category","embeddable":true,"href":"https:\/\/fajr.news\/index.php?rest_route=%2Fwp%2Fv2%2Fcategories&post=9715"},{"taxonomy":"post_tag","embeddable":true,"href":"https:\/\/fajr.news\/index.php?rest_route=%2Fwp%2Fv2%2Ftags&post=9715"}],"curies":[{"name":"wp","href":"https:\/\/api.w.org\/{rel}","templated":true}]}}