{"id":9699,"date":"2026-04-26T16:09:42","date_gmt":"2026-04-26T12:39:42","guid":{"rendered":"https:\/\/fajr.news\/?p=9699"},"modified":"2026-04-26T16:09:42","modified_gmt":"2026-04-26T12:39:42","slug":"umman-sultani-iran-disisleri-bakani-araghchi-ile-maskatta-bulustu","status":"publish","type":"post","link":"https:\/\/fajr.news\/?p=9699&lang=tr","title":{"rendered":"Umman Sultan\u0131, \u0130ran D\u0131\u015fi\u015fleri Bakan\u0131 Araghchi ile Maskat&#8217;ta Bulu\u015ftu"},"content":{"rendered":"<p>Canl\u0131 yay\u0131n: \u0130ran&#8217;\u0131n Araghchi&#8217;si Umman&#8217;\u0131 ziyaret ederken Trump, \u00e7at\u0131\u015fman\u0131n sava\u015fla ba\u011flant\u0131l\u0131 olmad\u0131\u011f\u0131n\u0131 s\u00f6yledi.<br \/>\nUmman Sultan\u0131 Heysem bin Tar\u0131k el Said, \u0130ran D\u0131\u015fi\u015fleri Bakan\u0131 Abbas Araghchi ile Maskat&#8217;ta bir araya geldi.<br \/>\nUmman resmi haber ajans\u0131n\u0131n Pazar g\u00fcn\u00fc bildirdi\u011fine g\u00f6re, ikili b\u00f6lgesel durumu ve \u0130ran&#8217;a y\u00f6nelik sava\u015f\u0131 sona erdirmeyi ama\u00e7layan arabuluculuk \u00e7abalar\u0131n\u0131 g\u00f6r\u00fc\u015ft\u00fc.<\/p>\n<p>#Umman #\u0130ran #Maskat #SultanHeysem #AbbasAraghchi #D\u0131\u015fi\u015fleriBakan\u0131 #B\u00f6lgeselDurum #Arabuluculuk #Diplomasi #Ortado\u011fu<\/p>\n","protected":false},"excerpt":{"rendered":"<p>Canl\u0131 yay\u0131n: \u0130ran&#8217;\u0131n Araghchi&#8217;si Umman&#8217;\u0131 ziyaret ederken Trump, \u00e7at\u0131\u015fman\u0131n sava\u015fla ba\u011flant\u0131l\u0131 olmad\u0131\u011f\u0131n\u0131 s\u00f6yledi. Umman Sultan\u0131 Heysem bin Tar\u0131k el Said, \u0130ran D\u0131\u015fi\u015fleri Bakan\u0131 Abbas Araghchi ile Maskat&#8217;ta bir araya geldi. Umman resmi haber ajans\u0131n\u0131n Pazar g\u00fcn\u00fc bildirdi\u011fine g\u00f6re, ikili b\u00f6lgesel durumu ve \u0130ran&#8217;a y\u00f6nelik sava\u015f\u0131 sona erdirmeyi ama\u00e7layan arabuluculuk \u00e7abalar\u0131n\u0131 g\u00f6r\u00fc\u015ft\u00fc. #Umman #\u0130ran #Maskat #SultanHeysem [&hellip;]<\/p>\n","protected":false},"author":2,"featured_media":9700,"comment_status":"open","ping_status":"open","sticky":false,"template":"","format":"standard","meta":{"footnotes":""},"categories":[37],"tags":[],"class_list":["post-9699","post","type-post","status-publish","format-standard","has-post-thumbnail","hentry","category-orta-dogu-haberleri"],"_links":{"self":[{"href":"https:\/\/fajr.news\/index.php?rest_route=\/wp\/v2\/posts\/9699","targetHints":{"allow":["GET"]}}],"collection":[{"href":"https:\/\/fajr.news\/index.php?rest_route=\/wp\/v2\/posts"}],"about":[{"href":"https:\/\/fajr.news\/index.php?rest_route=\/wp\/v2\/types\/post"}],"author":[{"embeddable":true,"href":"https:\/\/fajr.news\/index.php?rest_route=\/wp\/v2\/users\/2"}],"replies":[{"embeddable":true,"href":"https:\/\/fajr.news\/index.php?rest_route=%2Fwp%2Fv2%2Fcomments&post=9699"}],"version-history":[{"count":0,"href":"https:\/\/fajr.news\/index.php?rest_route=\/wp\/v2\/posts\/9699\/revisions"}],"wp:featuredmedia":[{"embeddable":true,"href":"https:\/\/fajr.news\/index.php?rest_route=\/wp\/v2\/media\/9700"}],"wp:attachment":[{"href":"https:\/\/fajr.news\/index.php?rest_route=%2Fwp%2Fv2%2Fmedia&parent=9699"}],"wp:term":[{"taxonomy":"category","embeddable":true,"href":"https:\/\/fajr.news\/index.php?rest_route=%2Fwp%2Fv2%2Fcategories&post=9699"},{"taxonomy":"post_tag","embeddable":true,"href":"https:\/\/fajr.news\/index.php?rest_route=%2Fwp%2Fv2%2Ftags&post=9699"}],"curies":[{"name":"wp","href":"https:\/\/api.w.org\/{rel}","templated":true}]}}