{"id":9691,"date":"2026-04-26T16:08:33","date_gmt":"2026-04-26T12:38:33","guid":{"rendered":"https:\/\/fajr.news\/?p=9691"},"modified":"2026-04-26T16:08:33","modified_gmt":"2026-04-26T12:38:33","slug":"iran-savasi-son-durum-trump-silahli-saldirinin-kendisini-irandaki-savasi-kazanmaktan-vazgecirmeyecegini-soyledi","status":"publish","type":"post","link":"https:\/\/fajr.news\/?p=9691&lang=tr","title":{"rendered":"\u0130ran Sava\u015f\u0131 Son Durum: Trump, Silahl\u0131 Sald\u0131r\u0131n\u0131n Kendisini &#8216;\u0130ran&#8217;daki Sava\u015f\u0131 Kazanmaktan&#8217; Vazge\u00e7irmeyece\u011fini S\u00f6yledi"},"content":{"rendered":"<p>ABD Ba\u015fkan\u0131 Donald Trump, Washington&#8217;da ya\u015fanan silahl\u0131 sald\u0131r\u0131 olay\u0131n\u0131n kendisini \u0130ran&#8217;daki sava\u015f\u0131 kazanmaktan al\u0131koymayaca\u011f\u0131n\u0131 s\u00f6yledi.<br \/>\nBir Gizli Servis ajan\u0131n\u0131n vurulmas\u0131yla ba\u011flant\u0131l\u0131 olarak bir adam yakaland\u0131. Trump, memurun kur\u015fun ge\u00e7irmez yelek giydi\u011fini ve &#8220;harika durumda&#8221; oldu\u011funu belirtti.<br \/>\nOlaydan k\u0131sa bir s\u00fcre sonra Beyaz Saray&#8217;da d\u00fczenledi\u011fi bas\u0131n toplant\u0131s\u0131nda konu\u015fan Trump, &#8220;yaln\u0131z kurt&#8221; gibi hareket eden &#8220;hasta bir ki\u015finin&#8221; sorumlu oldu\u011funu s\u00f6yledi.<br \/>\nOlay\u0131n ard\u0131ndan &#8220;Bu beni \u0130ran&#8217;daki sava\u015f\u0131 kazanmaktan al\u0131koymayacak&#8221; dedi.<br \/>\nY\u0131ll\u0131k Beyaz Saray Muhabirleri Derne\u011fi yeme\u011fi i\u00e7in Washington Hilton&#8217;\u0131n balo salonunda 2.500&#8217;den fazla gazeteci ve davetli yemeklerine ba\u015flarken, adam salonun \u00fczerindeki kattaki kontrol noktas\u0131n\u0131 ge\u00e7ti.<br \/>\nThe National&#8217;dan Jihan Abdalla, geni\u015f balo salonunun d\u0131\u015f\u0131nda yakla\u015f\u0131k be\u015f el silah sesi duydu. O ve di\u011fer davetliler masalar\u0131n alt\u0131na sakland\u0131. Baz\u0131lar\u0131 balo salonunun giri\u015flerinden birine yak\u0131n sandalyelerden bariyerler olu\u015fturdu.<br \/>\n\u0130srail ordusu Pazar g\u00fcn\u00fc g\u00fcney L\u00fcbnan&#8217;daki baz\u0131 kasaba sakinlerine &#8220;acil&#8221; bir uyar\u0131 yay\u0131nlayarak, askeri operasyonlar devam ederken b\u00f6lgeyi terk etmelerini istedi.<br \/>\nUyar\u0131 Mefdoun, Shoukin, Yahmar, Arnoun, Zawtar Al harqiyah, Zawtar Al Gharbiyah ve Kfar Tibnit kasabalar\u0131 i\u00e7in ge\u00e7erli.<br \/>\nOrdu yapt\u0131\u011f\u0131 a\u00e7\u0131klamada, ate\u015fkes anla\u015fmas\u0131n\u0131n ihlali olarak nitelendirdi\u011fi olaylar\u0131n ard\u0131ndan Hizbullah&#8217;a kar\u015f\u0131 hareket etti\u011fini belirtti.<br \/>\nSakinleri evlerini derhal terk etmeye ve X&#8217;te yay\u0131nlanan bir haritada belirlenen alan\u0131n en az 1.000 metre d\u0131\u015f\u0131na \u00e7\u0131kmaya \u00e7a\u011f\u0131rd\u0131.<br \/>\nUmman Haber Ajans\u0131&#8217;n\u0131n bildirdi\u011fine g\u00f6re, Umman Sultan\u0131 Heysem ve \u0130ran D\u0131\u015fi\u015fleri Bakan\u0131 Abbas Araghchi, Muskat&#8217;ta yapt\u0131klar\u0131 g\u00f6r\u00fc\u015fmede son b\u00f6lgesel geli\u015fmeleri ve \u0130ran sava\u015f\u0131n\u0131 sona erdirme arabuluculuk \u00e7abalar\u0131n\u0131 ele ald\u0131.<br \/>\nUmmanl\u0131 lider, b\u00f6lgesel zorluklar\u0131n \u00fcstesinden gelmek ve bar\u0131\u015f\u0131 peki\u015ftirmek i\u00e7in diyalog ve diplomasiye \u00f6ncelik vermenin \u00f6nemini vurgulad\u0131.<br \/>\nAyr\u0131ca, s\u00fcrd\u00fcr\u00fclebilir siyasi \u00e7\u00f6z\u00fcmlere ula\u015fmay\u0131 ve devam eden krizlerin b\u00f6lgedeki insanlar \u00fczerindeki etkisini azaltmay\u0131 ama\u00e7layan diplomatik \u00e7abalar\u0131 ilerletmenin yollar\u0131n\u0131 da \u00f6zetledi.<br \/>\nAraghchi ise, \u00f6zellikle mevcut gerilimler aras\u0131nda Umman&#8217;\u0131n diyalo\u011fu destekleme ve b\u00f6lgesel g\u00fcvenlik ve istikrar\u0131 te\u015fvik etme rol\u00fcne \u0130ran&#8217;\u0131n takdirini dile getirdi.<br \/>\nABD Merkez Komutanl\u0131\u011f\u0131, su yolunun iki y\u00f6nl\u00fc ablukas\u0131 devam ederken, ABD deniz kuvvetlerinin Cumartesi g\u00fcn\u00fc Umman Denizi&#8217;nde yapt\u0131r\u0131m uygulanan M\/V Sevan gemisini durdurdu\u011funu bildirdi.<br \/>\nCentcom, X&#8217;te yapt\u0131\u011f\u0131 a\u00e7\u0131klamada, ge\u00e7mi\u015fte \u0130ran kargosu ta\u015f\u0131d\u0131\u011f\u0131 iddia edilen tankerin, &#8220;milyarlarca dolar de\u011ferindeki \u0130ran enerjisi, petrol ve gaz \u00fcr\u00fcnlerini, propan ve b\u00fctan dahil, d\u0131\u015f pazarlara ta\u015f\u0131mayla ilgili faaliyetler nedeniyle ABD Hazine Bakanl\u0131\u011f\u0131 taraf\u0131ndan yapt\u0131r\u0131m uygulanan 19 &#8216;g\u00f6lge filo&#8217; gemisi aras\u0131nda yer ald\u0131\u011f\u0131n\u0131&#8221; belirtti.<br \/>\nGeminin, g\u00fcd\u00fcml\u00fc f\u00fcze destroyeri USS Pinckney&#8217;den faaliyet g\u00f6steren bir ABD Donanmas\u0131 helikopteri taraf\u0131ndan durduruldu\u011funu ve eskort e\u015fli\u011finde \u0130ran&#8217;a geri d\u00f6nme emirlerine uydu\u011funu ekledi.<br \/>\nCentcom, &#8220;ABD kuvvetleri, ABD yapt\u0131r\u0131mlar\u0131n\u0131 uygulamaya ve \u0130ran limanlar\u0131na giren veya \u00e7\u0131kan gemilere kar\u015f\u0131 ablukay\u0131 tam olarak uygulamaya devam ediyor. Ablukan\u0131n ba\u015flang\u0131c\u0131ndan bu yana 37 gemi y\u00f6nlendirildi&#8221; dedi.<br \/>\n\u0130ran sava\u015f\u0131n\u0131n 28 \u015eubat&#8217;ta ba\u015flamas\u0131ndan bu yana H\u00fcrm\u00fcz Bo\u011faz\u0131 Tahran taraf\u0131ndan fiilen kapal\u0131 tutulurken, Washington da bu ay \u0130ran ba\u011flant\u0131l\u0131 deniz ta\u015f\u0131mac\u0131l\u0131\u011f\u0131na abluka uygulad\u0131.<br \/>\n\u0130ran D\u0131\u015fi\u015fleri Bakan\u0131 Abbas Araghchi, \u00e7at\u0131\u015fmay\u0131 durdurma \u00e7abalar\u0131 \u00fczerine b\u00f6lgesel diplomasinin yo\u011funla\u015fmas\u0131yla Pazar g\u00fcn\u00fc T\u00fcrk ve M\u0131s\u0131rl\u0131 mevkida\u015flar\u0131yla ayr\u0131 ayr\u0131 telefon g\u00f6r\u00fc\u015fmeleri yapt\u0131.<br \/>\nAraghchi, bir Telegram g\u00f6nderisinde, T\u00fcrk D\u0131\u015fi\u015fleri Bakan\u0131 Hakan Fidan&#8217;a potansiyel bir ate\u015fkesle ilgili son geli\u015fmeler hakk\u0131nda bilgi verdi\u011fini s\u00f6yledi.<br \/>\nAyr\u0131 bir g\u00f6r\u00fc\u015fmede ise Araghchi ve M\u0131s\u0131r D\u0131\u015fi\u015fleri Bakan\u0131 Badr Abdelatty, ate\u015fkes giri\u015fimleri ve diplomasiyi nas\u0131l ilerletecekleri de dahil olmak \u00fczere daha geni\u015f b\u00f6lgesel geli\u015fmeleri konu\u015ftu.<br \/>\n\u0130ran Cumhurba\u015fkan\u0131 Masoud Pezeshkian Pazar g\u00fcn\u00fc yapt\u0131\u011f\u0131 a\u00e7\u0131klamada, k\u0131r\u0131lgan bir ate\u015fkes \u00fczerindeki gerilimler devam ederken, \u00fclkesinin ABD ile bask\u0131 veya tehdit alt\u0131nda m\u00fczakerelere girmeyece\u011fini s\u00f6yledi.<br \/>\nMehr haber ajans\u0131n\u0131n bildirdi\u011fine g\u00f6re, Pakistan Ba\u015fbakan\u0131 \u015eahbaz \u015eerif ile yapt\u0131\u011f\u0131 telefon g\u00f6r\u00fc\u015fmesinde Pezeshkian, Tahran&#8217;\u0131n &#8220;bask\u0131, tehdit ve ku\u015fatma&#8221; alt\u0131nda y\u00fcr\u00fct\u00fclen g\u00f6r\u00fc\u015fmeleri reddetti\u011fini s\u00f6yledi.<br \/>\nPezeshkian, ABD&#8217;yi \u0130ran&#8217;a uygulad\u0131\u011f\u0131 deniz k\u0131s\u0131tlamalar\u0131yla ate\u015fkesi bozmakla su\u00e7lad\u0131, bu \u00f6nlemlerin BM \u015eart\u0131 ile tutars\u0131z oldu\u011funu belirtti ve Washington&#8217;\u0131n diplomasiye olan ba\u011fl\u0131l\u0131\u011f\u0131na g\u00f6lge d\u00fc\u015f\u00fcrd\u00fc\u011f\u00fc uyar\u0131s\u0131nda bulundu.<br \/>\nPezeshkian ayr\u0131ca, ABD veya \u0130srail&#8217;i i\u00e7eren herhangi bir yenilenen \u00e7at\u0131\u015fman\u0131n daha geni\u015f b\u00f6lgesel ve k\u00fcresel sonu\u00e7lar\u0131 olabilece\u011fi konusunda uyard\u0131 ve \u0130ran&#8217;\u0131n kom\u015fu K\u00f6rfez \u00fclkeleriyle i\u015fbirli\u011fine dayal\u0131 ili\u015fkileri s\u00fcrd\u00fcrme politikas\u0131n\u0131 yineledi.<br \/>\n\u0130ran&#8217;\u0131n Mehr haber ajans\u0131n\u0131n Cumartesi g\u00fcn\u00fc bildirdi\u011fine g\u00f6re, \u0130ran D\u0131\u015fi\u015fleri Bakan\u0131 Abbas Araghchi&#8217;nin Umman gezisini tamamlad\u0131ktan sonra arabulucu Pakistan&#8217;\u0131 tekrar ziyaret etmesi ve ard\u0131ndan Rusya&#8217;ya gitmesi bekleniyor.<br \/>\nAraghchi daha \u00f6nce Pakistan&#8217;\u0131n ba\u015fkenti \u0130slamabad&#8217;dan, Pakistan Ba\u015fbakan\u0131 \u015eahbaz \u015eerif ve di\u011fer \u00fcst d\u00fczey yetkililerle \u0130ran sava\u015f\u0131 \u00fczerine yap\u0131lan bar\u0131\u015f g\u00f6r\u00fc\u015fmelerinde herhangi bir ilerleme belirtisi olmadan ayr\u0131lm\u0131\u015ft\u0131.<br \/>\n\u0130ran D\u0131\u015fi\u015fleri Bakan\u0131 Abbas Araghchi, sava\u015f\u0131n ba\u015flamas\u0131ndan bu yana K\u00f6rfez&#8217;e yapt\u0131\u011f\u0131 ilk ziyaret kapsam\u0131nda Cumartesi ak\u015fam\u0131 Umman&#8217;dayd\u0131.<br \/>\n\u0130ran, ABD ve \u0130srail&#8217;in 28 \u015eubat&#8217;taki sald\u0131r\u0131lar\u0131n\u0131n ard\u0131ndan K\u00f6rfez \u00fclkelerine y\u00fczlerce sald\u0131r\u0131 d\u00fczenledi.<br \/>\n\u0130ran D\u0131\u015fi\u015fleri Bakanl\u0131\u011f\u0131 s\u00f6zc\u00fcs\u00fc \u0130smail Ba\u011fayi, Tahran&#8217;\u0131n K\u00f6rfez \u00fclkeleriyle ili\u015fkilere &#8220;b\u00fcy\u00fck \u00f6nem&#8221; vermeye devam etti\u011fini ve &#8220;kar\u015f\u0131l\u0131kl\u0131 g\u00fcveni g\u00fc\u00e7lendirmeye kararl\u0131&#8221; oldu\u011funu s\u00f6yledi. Limanlar ve enerji merkezleri dahil sivil altyap\u0131ya yap\u0131lan sald\u0131r\u0131lardan bu yana K\u00f6rfez \u00fclkeleriyle \u0130ran aras\u0131ndaki ili\u015fkiler k\u00f6t\u00fcle\u015fti.<br \/>\nBa\u011fayi, &#8220;Umman-\u0130ran ili\u015fkisi, \u0130ran&#8217;\u0131n kom\u015fular\u0131yla sayg\u0131l\u0131 ve kar\u015f\u0131l\u0131kl\u0131 yarar sa\u011flayan ili\u015fkiler kurma konusundaki samimi \u00e7abas\u0131n\u0131n bir kan\u0131t\u0131d\u0131r&#8221; diye ekledi. Umman&#8217;\u0131n deniz altyap\u0131s\u0131 da sald\u0131r\u0131lara ve kargo aksakl\u0131klar\u0131na maruz kald\u0131.<br \/>\nZiyaretle ilgili Umman&#8217;dan herhangi bir a\u00e7\u0131klama yap\u0131lmad\u0131.<br \/>\nMuskat, geleneksel olarak \u0130ran ile ABD aras\u0131nda arabulucu olarak \u00f6nemli bir rol oynam\u0131\u015ft\u0131r.<br \/>\nBa\u015fkan Donald Trump, \u0130ran \u00e7at\u0131\u015fmas\u0131 \u00fczerine m\u00fczakereler i\u00e7in \u00fcst d\u00fczey el\u00e7ilerinin Pakistan&#8217;a yapmay\u0131 planlad\u0131\u011f\u0131 geziyi iptal ederek, mevcut ate\u015fkesin kal\u0131c\u0131l\u0131\u011f\u0131 hakk\u0131nda sorulara yol a\u00e7t\u0131.<br \/>\nBa\u015fkan Cumartesi g\u00fcn\u00fc damad\u0131 Jared Kushner ve \u00f6zel el\u00e7i Steve Witkoff&#8217;a geziyi atlamalar\u0131n\u0131 s\u00f6yledi ve bir sosyal medya g\u00f6nderisinde &#8220;seyahat etmekle \u00e7ok fazla zaman kaybedildi\u011fini&#8221; ekledi.<br \/>\nTrump, &#8220;&#8216;Liderlikleri&#8217; i\u00e7inde muazzam bir i\u00e7 \u00e7eki\u015fme ve kafa kar\u0131\u015f\u0131kl\u0131\u011f\u0131 var. Kendileri de dahil kimin sorumlu oldu\u011funu kimse bilmiyor&#8221; diye yazd\u0131. &#8220;Konu\u015fmak isterlerse, tek yapmalar\u0131 gereken aramak!!!&#8221;<br \/>\nCumartesi g\u00fcn\u00fc erken saatlerde, \u0130ran D\u0131\u015fi\u015fleri Bakan\u0131 Abbas Araghchi Pakistan&#8217;daki arabulucularla g\u00f6r\u00fc\u015ft\u00fc ancak ABD el\u00e7ilerinin planlanan geli\u015finden \u00f6nce \u0130slamabad&#8217;dan ayr\u0131ld\u0131.<br \/>\nPakistan D\u0131\u015fi\u015fleri Bakan\u0131 \u0130shak Dar, bir sosyal medya g\u00f6nderisinde Ba\u015fbakan \u015eahbaz \u015eerif ve di\u011fer \u00fcst d\u00fczey liderlerin Araghchi ile yakla\u015f\u0131k iki saat g\u00f6r\u00fc\u015ft\u00fc\u011f\u00fcn\u00fc s\u00f6yledi. Devlet haber ajans\u0131 Irna Cumartesi g\u00fcn\u00fc, Araghchi&#8217;nin bu g\u00f6r\u00fc\u015fmelerden sonra \u015fehirden ayr\u0131ld\u0131\u011f\u0131n\u0131 bildirdi.<br \/>\nPakistan Ba\u015fbakan\u0131 \u015eahbaz \u015eerif, Cumartesi g\u00fcn\u00fc \u0130slamabad&#8217;da \u0130ran D\u0131\u015fi\u015fleri Bakan\u0131 Abbas Araghchi ile iki saat s\u00fcren g\u00f6r\u00fc\u015fmeler yapt\u0131.<br \/>\nToplant\u0131ya ayr\u0131ca Ba\u015fbakan Yard\u0131mc\u0131s\u0131 ve D\u0131\u015fi\u015fleri Bakan\u0131 Senat\u00f6r \u0130shak Dar, Genelkurmay Ba\u015fkan\u0131 ve Savunma Kuvvetleri Komutan\u0131 Mare\u015fal As\u0131m M\u00fcnir, \u0130\u00e7i\u015fleri Bakan\u0131 Mohsin Nakvi ve di\u011fer \u00fcst d\u00fczey yetkililer de kat\u0131ld\u0131.<br \/>\n\u015eerif, &#8220;b\u00f6lgede ve \u00f6tesinde bar\u0131\u015f ve istikrar i\u00e7in diyalog ve diplomasinin \u00f6neminden&#8221; bahsetti.<br \/>\nL\u00fcbnan devlet haber ajans\u0131n\u0131n bildirdi\u011fine g\u00f6re, Cumartesi g\u00fcn\u00fc g\u00fcney L\u00fcbnan&#8217;a d\u00fczenlenen \u0130srail sald\u0131r\u0131lar\u0131nda d\u00f6rt ki\u015fi hayat\u0131n\u0131 kaybetti; bu, yak\u0131n zamanda uzat\u0131lan ate\u015fkes s\u0131ras\u0131nda en y\u00fcksek can kayb\u0131n\u0131n ya\u015fand\u0131\u011f\u0131 alt\u0131 ki\u015finin \u00f6ld\u00fc\u011f\u00fc g\u00fcnden bir g\u00fcn sonra ger\u00e7ekle\u015fti.<br \/>\n\u0130srail ordusu, g\u00fcney L\u00fcbnan&#8217;da \u00fc\u00e7 yerde \u0130ran destekli militan grup Hizbullah&#8217;a ait y\u00fckl\u00fc roketatarlar\u0131 vurdu\u011funu s\u00f6yledi. A\u00e7\u0131klamada, bunlar\u0131n \u0130srail ordusu ve siviller i\u00e7in tehdit olu\u015fturdu\u011fu belirtildi.<br \/>\n\u0130ran D\u0131\u015fi\u015fleri Bakan\u0131 Abbas Araghchi, Cumartesi g\u00fcn\u00fc \u0130slamabad&#8217;\u0131n binlerce ki\u015finin \u00f6l\u00fcm\u00fcne yol a\u00e7an ve k\u00fcresel piyasalar\u0131 sarsan bir sava\u015f\u0131 sona erdirme y\u00f6n\u00fcndeki yeni \u00e7abalara ev sahipli\u011fi yaparken, \u0130ran&#8217;\u0131n taleplerini ve ABD&#8217;nin pozisyonlar\u0131na ili\u015fkin \u00e7ekincelerini ortaya koydu.<br \/>\nG\u00f6r\u00fc\u015fmelerin ayr\u0131nt\u0131lar\u0131 az olsa da, Araghchi Pakistan Ba\u015fbakan\u0131 \u015eahbaz \u015eerif ve di\u011fer \u00fcst d\u00fczey yetkililerle bir araya geldi.<br \/>\nBeyaz Saray daha \u00f6nce Ba\u015fkan Donald Trump&#8217;\u0131n \u00f6zel el\u00e7isi Steve Witkoff ve damad\u0131 Jared Kushner&#8217;in Cumartesi g\u00fcn\u00fc Pakistan&#8217;\u0131n ba\u015fkentine gidece\u011fini duyurmu\u015ftu, ancak \u0130ran \u015fu ana kadar yeni bir do\u011frudan g\u00f6r\u00fc\u015fme turunu reddetti.<br \/>\n\u0130ran&#8217;\u0131n g\u00fcnl\u00fck k\u00fcresel petrol sevkiyat\u0131n\u0131n be\u015fte birini ta\u015f\u0131yan H\u00fcrm\u00fcz Bo\u011faz\u0131&#8217;n\u0131 b\u00fcy\u00fck \u00f6l\u00e7\u00fcde kapatmas\u0131 ve ABD&#8217;nin \u0130ran&#8217;\u0131n petrol ihracat\u0131n\u0131 engellemesiyle Washington ve Tahran \u00e7\u0131kmaza girmi\u015f durumda.<br \/>\nBakan\u0131n resmi Telegram hesab\u0131ndan yap\u0131lan a\u00e7\u0131klamada Araghchi, &#8220;\u00fclkemizin ate\u015fkesle ilgili son geli\u015fmeler ve \u0130ran&#8217;a kar\u015f\u0131 dayat\u0131lan sava\u015f\u0131n tamamen sona ermesi konusundaki ilkeli pozisyonlar\u0131n\u0131 a\u00e7\u0131klad\u0131&#8221; denildi.<br \/>\nPakistan D\u0131\u015fi\u015fleri Bakan\u0131 \u0130shak Dar, \u00fclkesinin &#8220;b\u00f6lgede ve \u00f6tesinde&#8221; istikrar\u0131 sa\u011flamak i\u00e7in ABD-\u0130ran g\u00f6r\u00fc\u015fmelerini zorlad\u0131\u011f\u0131n\u0131 s\u00f6yledi.<br \/>\nD\u0131\u015fi\u015fleri Bakanl\u0131\u011f\u0131 toplant\u0131s\u0131nda, \u0130slamabad&#8217;\u0131n arabuluculuk g\u00f6r\u00fc\u015fmelerine olan ba\u011fl\u0131l\u0131\u011f\u0131n\u0131 vurgulad\u0131, bakanl\u0131k a\u00e7\u0131klamas\u0131nda belirtildi.<br \/>\n\u0130smi a\u00e7\u0131klanmayan Pakistanl\u0131 yetkililere ve kaynaklara atfedilen haberlerin &#8220;Pakistan&#8217;\u0131n resmi pozisyonunu yans\u0131tmad\u0131\u011f\u0131&#8221; eklendi.<br \/>\nG\u00f6zlemci NetBlocks&#8217;un bildirdi\u011fine g\u00f6re, \u0130ran&#8217;daki internet kesintisi bug\u00fcn sekizinci haftas\u0131na girdi ve insanlar son 57 g\u00fcnd\u00fcr k\u0131s\u0131tl\u0131 eri\u015fimle kar\u015f\u0131 kar\u015f\u0131ya.<br \/>\nHizmetlerdeki kesintinin 1.344 saat s\u00fcrd\u00fc\u011f\u00fcn\u00fc ekledi.<br \/>\n\u0130ranl\u0131 yetkililer, ABD ve \u0130srail&#8217;in 28 \u015eubat&#8217;ta sald\u0131r\u0131 ba\u015flatmas\u0131n\u0131n ard\u0131ndan kesintiyi ba\u015flatt\u0131.<br \/>\nSuudi Arabistan, Kuveyt&#8217;in kuzey kara s\u0131n\u0131r\u0131ndaki iki b\u00f6lgeye d\u00fczenlenen sald\u0131r\u0131lar\u0131 &#8220;en g\u00fc\u00e7l\u00fc \u015fekilde&#8221; k\u0131nad\u0131. Drone sald\u0131r\u0131lar\u0131 Irak&#8217;tan ba\u015flat\u0131ld\u0131.<br \/>\nKrall\u0131k, &#8220;b\u00f6lgenin g\u00fcvenli\u011fini ve istikrar\u0131n\u0131 tehdit etme giri\u015fimlerini&#8221; reddetti\u011fini s\u00f6yledi.<br \/>\nKatar, Irak&#8217;tan f\u0131rlat\u0131lan dronlarla Kuveyt&#8217;teki iki kara s\u0131n\u0131r karakoluna d\u00fczenlenen sald\u0131r\u0131lar\u0131 k\u0131nad\u0131.<br \/>\nKatar D\u0131\u015fi\u015fleri Bakanl\u0131\u011f\u0131, d\u00fcnk\u00fc sald\u0131r\u0131lar\u0131n &#8220;Kuveyt&#8217;in egemenli\u011finin bariz bir ihlali ve b\u00f6lgesel g\u00fcvenlik ve istikrara ciddi bir tehdit&#8221; oldu\u011funu s\u00f6yledi.<br \/>\nIrak&#8217;\u0131 &#8220;bu t\u00fcr sald\u0131r\u0131lar\u0131n tekrarlanmas\u0131n\u0131 \u00f6nlemek i\u00e7in sorumluluklar\u0131n\u0131 \u00fcstlenmeye&#8221; \u00e7a\u011f\u0131rd\u0131.<br \/>\nD\u0131\u015fi\u015fleri Bakan\u0131 Hakan Fidan, \u0130ran ve ABD&#8217;nin bir bar\u0131\u015f anla\u015fmas\u0131na varmas\u0131 halinde T\u00fcrkiye&#8217;nin H\u00fcrm\u00fcz Bo\u011faz\u0131&#8217;ndaki may\u0131n temizleme operasyonlar\u0131na kat\u0131labilece\u011fini s\u00f6yledi.<br \/>\nD\u00fcn Londra&#8217;da gazetecilere konu\u015fan Fidan, bir anla\u015fma y\u00fcr\u00fcrl\u00fc\u011fe girdikten sonra bo\u011fazda may\u0131n temizleme \u00e7al\u0131\u015fmalar\u0131n\u0131 y\u00fcr\u00fctmek \u00fczere teknik bir ekibin beklendi\u011fini s\u00f6yledi. T\u00fcrkiye&#8217;nin bu t\u00fcr \u00e7abalar\u0131 insani bir g\u00f6rev olarak g\u00f6rd\u00fc\u011f\u00fcn\u00fc de s\u00f6zlerine ekledi.<br \/>\n\u0130ran Savunma Bakanl\u0131\u011f\u0131, ABD&#8217;nin sava\u015ftan &#8220;itibar\u0131n\u0131 kurtaracak&#8221; bir \u00e7\u0131k\u0131\u015f yolu arad\u0131\u011f\u0131n\u0131 s\u00f6yl\u00fcyor.<br \/>\n\u0130ran D\u0131\u015fi\u015fleri Bakan\u0131 Abbas Araghchi ile Amerikal\u0131 el\u00e7iler Steve Witkoff ve Jared Kushner, dolayl\u0131 m\u00fczakereler i\u00e7in Pakistan&#8217;a gitti.<br \/>\nIsna haber ajans\u0131, bir bakanl\u0131k temsilcisinin &#8220;Bug\u00fcn askeri g\u00fcc\u00fcm\u00fcz bask\u0131n bir g\u00fc\u00e7t\u00fcr ve d\u00fc\u015fman, i\u00e7ine d\u00fc\u015ft\u00fc\u011f\u00fc sava\u015f batakl\u0131\u011f\u0131ndan itibar\u0131n\u0131 kurtaracak bir \u00e7\u0131k\u0131\u015f yolu ar\u0131yor&#8221; dedi\u011fini aktard\u0131.<br \/>\n\u0130ran, bu y\u0131l \u00fclke \u00e7ap\u0131ndaki protestolar s\u0131ras\u0131nda vandalizm ve \u015fiddet su\u00e7lar\u0131ndan mahkum edildikten sonra \u0130srail istihbarat\u0131 i\u00e7in \u00e7al\u0131\u015ft\u0131\u011f\u0131n\u0131 iddia etti\u011fi bir ki\u015fiyi ast\u0131.<br \/>\nTasnim haber ajans\u0131n\u0131n bir raporunda, Erfan Kiani &#8220;Mossad&#8217;\u0131n kiral\u0131k haydutu&#8221; olarak tan\u0131mland\u0131. Rapora g\u00f6re, \u0130sfahan&#8217;\u0131n merkezinde kamu ve \u00f6zel m\u00fclkleri tahrip edip kundaklad\u0131, korku ve ter\u00f6r yayd\u0131 ve bir pala sallad\u0131.<br \/>\nMehr haber ajans\u0131n\u0131n bildirdi\u011fine g\u00f6re, \u0130ran Devrim Muhaf\u0131zlar\u0131 Ordusu, K\u00fcrdistan ve Kirman\u015fah eyaletlerinde d\u00fczenlenen operasyonlarda yakla\u015f\u0131k 240 ki\u015fiyi tutuklad\u0131\u011f\u0131n\u0131 s\u00f6yledi.<br \/>\nK\u00fcrdistan eyaletinde, Devrim Muhaf\u0131zlar\u0131 11 ki\u015fiyi tutuklad\u0131\u011f\u0131n\u0131 iddia etti. Ayr\u0131ca bir K\u00fcrt silahl\u0131 grubun bir \u00fcyesini \u00f6ld\u00fcrd\u00fc\u011f\u00fcn\u00fc de ekledi.<br \/>\nDevrim Muhaf\u0131zlar\u0131 g\u00fc\u00e7lerinin ayr\u0131ca bir silah ve m\u00fchimmat deposu ele ge\u00e7irdi\u011fini s\u00f6yledi. Mehr&#8217;in bildirdi\u011fine g\u00f6re, eyaletteki di\u011fer bask\u0131nlarda yakla\u015f\u0131k 70 ki\u015fi tutukland\u0131.<br \/>\nKirman\u015fah&#8217;ta, Devrim Muhaf\u0131zlar\u0131, \u0130srail&#8217;in Mossad ajans\u0131yla ba\u011flant\u0131l\u0131 oldu\u011fu iddia edilen d\u00f6rt casus da dahil olmak \u00fczere &#8220;kar\u015f\u0131-devrimci gruplarla&#8221; ba\u011flant\u0131l\u0131 155 ki\u015fiyi tutuklad\u0131.<br \/>\nTahran&#8217;da polis, &#8220;f\u00fcze sald\u0131r\u0131 noktalar\u0131n\u0131n belgelerini d\u00fc\u015fman a\u011flar\u0131yla toplay\u0131p payla\u015fmakla&#8221; su\u00e7lanan bir ki\u015finin tutukland\u0131\u011f\u0131n\u0131 duyurdu.<br \/>\n#\u0130ranSava\u015f\u0131 #Trump #ABD\u0130ran\u0130li\u015fkileri #H\u00fcrm\u00fczBo\u011faz\u0131 #Diplomasi #Ortado\u011fu #\u0130srailL\u00fcbnan #Ate\u015fkes #\u0130ranYapt\u0131r\u0131mlar\u0131 #B\u00f6lgeselG\u00fcvenlik<\/p>\n","protected":false},"excerpt":{"rendered":"<p>ABD Ba\u015fkan\u0131 Donald Trump, Washington&#8217;da ya\u015fanan silahl\u0131 sald\u0131r\u0131 olay\u0131n\u0131n kendisini \u0130ran&#8217;daki sava\u015f\u0131 kazanmaktan al\u0131koymayaca\u011f\u0131n\u0131 s\u00f6yledi. Bir Gizli Servis ajan\u0131n\u0131n vurulmas\u0131yla ba\u011flant\u0131l\u0131 olarak bir adam yakaland\u0131. Trump, memurun kur\u015fun ge\u00e7irmez yelek giydi\u011fini ve &#8220;harika durumda&#8221; oldu\u011funu belirtti. Olaydan k\u0131sa bir s\u00fcre sonra Beyaz Saray&#8217;da d\u00fczenledi\u011fi bas\u0131n toplant\u0131s\u0131nda konu\u015fan Trump, &#8220;yaln\u0131z kurt&#8221; gibi hareket eden &#8220;hasta bir [&hellip;]<\/p>\n","protected":false},"author":2,"featured_media":9692,"comment_status":"open","ping_status":"open","sticky":false,"template":"","format":"standard","meta":{"footnotes":""},"categories":[31],"tags":[],"class_list":["post-9691","post","type-post","status-publish","format-standard","has-post-thumbnail","hentry","category-iran-haberleri"],"_links":{"self":[{"href":"https:\/\/fajr.news\/index.php?rest_route=\/wp\/v2\/posts\/9691","targetHints":{"allow":["GET"]}}],"collection":[{"href":"https:\/\/fajr.news\/index.php?rest_route=\/wp\/v2\/posts"}],"about":[{"href":"https:\/\/fajr.news\/index.php?rest_route=\/wp\/v2\/types\/post"}],"author":[{"embeddable":true,"href":"https:\/\/fajr.news\/index.php?rest_route=\/wp\/v2\/users\/2"}],"replies":[{"embeddable":true,"href":"https:\/\/fajr.news\/index.php?rest_route=%2Fwp%2Fv2%2Fcomments&post=9691"}],"version-history":[{"count":0,"href":"https:\/\/fajr.news\/index.php?rest_route=\/wp\/v2\/posts\/9691\/revisions"}],"wp:featuredmedia":[{"embeddable":true,"href":"https:\/\/fajr.news\/index.php?rest_route=\/wp\/v2\/media\/9692"}],"wp:attachment":[{"href":"https:\/\/fajr.news\/index.php?rest_route=%2Fwp%2Fv2%2Fmedia&parent=9691"}],"wp:term":[{"taxonomy":"category","embeddable":true,"href":"https:\/\/fajr.news\/index.php?rest_route=%2Fwp%2Fv2%2Fcategories&post=9691"},{"taxonomy":"post_tag","embeddable":true,"href":"https:\/\/fajr.news\/index.php?rest_route=%2Fwp%2Fv2%2Ftags&post=9691"}],"curies":[{"name":"wp","href":"https:\/\/api.w.org\/{rel}","templated":true}]}}