{"id":9683,"date":"2026-04-26T16:05:05","date_gmt":"2026-04-26T12:35:05","guid":{"rendered":"https:\/\/fajr.news\/?p=9683"},"modified":"2026-04-26T16:05:05","modified_gmt":"2026-04-26T12:35:05","slug":"beyaz-saraydaki-guvenlik-olayi-trumpi-irana-karsi-savas-hedefinden-vazgecirmedi-baris-gorusmeleri-iptal-edildi","status":"publish","type":"post","link":"https:\/\/fajr.news\/?p=9683&lang=tr","title":{"rendered":"Beyaz Saray&#8217;daki G\u00fcvenlik Olay\u0131 Trump&#8217;\u0131 \u0130ran&#8217;a Kar\u015f\u0131 Sava\u015f Hedefinden Vazge\u00e7irmedi: Bar\u0131\u015f G\u00f6r\u00fc\u015fmeleri \u0130ptal Edildi"},"content":{"rendered":"<h1>Beyaz Saray&#8217;daki G\u00fcvenlik Olay\u0131 Trump&#8217;\u0131 \u0130ran&#8217;a Kar\u015f\u0131 Sava\u015f Hedefinden Vazge\u00e7irmedi: Bar\u0131\u015f G\u00f6r\u00fc\u015fmeleri \u0130ptal Edildi<\/h1>\n<p>Amerika Birle\u015fik Devletleri Ba\u015fkan\u0131 Donald Trump, Beyaz Saray Muhabirleri Derne\u011fi yeme\u011finde ya\u015fanan g\u00fcvenlik olay\u0131n\u0131n kendisini \u0130ran&#8217;a kar\u015f\u0131 y\u00fcr\u00fctt\u00fc\u011f\u00fc &#8220;sava\u015f&#8221; hedefinden al\u0131koymayaca\u011f\u0131n\u0131 a\u00e7\u0131klad\u0131. Bu a\u00e7\u0131klama, ABD&#8217;nin \u0130ran ile planlanan bar\u0131\u015f g\u00f6r\u00fc\u015fmelerini iptal etmesinin hemen ard\u0131ndan geldi ve Washington&#8217;\u0131n b\u00f6lgedeki gerilimi t\u0131rmand\u0131rma niyetini bir kez daha g\u00f6zler \u00f6n\u00fcne serdi.<\/p>\n<p>Trump, ya\u015fanan g\u00fcvenlik olay\u0131n\u0131n ard\u0131ndan Beyaz Saray&#8217;da gazetecilere yapt\u0131\u011f\u0131 a\u00e7\u0131klamada, &#8220;Bu beni \u0130ran&#8217;daki sava\u015f\u0131 kazanmaktan al\u0131koymayacak. Bunun olayla bir ilgisi olup olmad\u0131\u011f\u0131n\u0131 bilmiyorum, bildiklerimize g\u00f6re ger\u00e7ekten \u00f6yle oldu\u011funu d\u00fc\u015f\u00fcnm\u00fcyorum,&#8221; ifadelerini kulland\u0131. Bu s\u00f6zler, ABD liderinin i\u00e7 g\u00fcvenlik sorunlar\u0131na ra\u011fmen d\u0131\u015f politikadaki <strong>sald\u0131rgan tutumunu<\/strong> s\u00fcrd\u00fcrmekte kararl\u0131 oldu\u011funu g\u00f6sterdi.<\/p>\n<p>Ancak Trump, daha \u00f6nce olay\u0131n \u0130ran sava\u015f\u0131yla ba\u011flant\u0131l\u0131 olabilece\u011fi ihtimaline &#8220;asla bilemezsiniz&#8221; diyerek kap\u0131y\u0131 a\u00e7\u0131k b\u0131rakm\u0131\u015f, ard\u0131ndan ise sald\u0131rgan\u0131 &#8220;yaln\u0131z kurt&#8221; olarak nitelendirerek soru\u015fturman\u0131n motivasyon \u00fczerinde \u00e7al\u0131\u015ft\u0131\u011f\u0131n\u0131 belirtmi\u015fti. Bu \u00e7eli\u015fkili a\u00e7\u0131klamalar, Washington y\u00f6netiminin olaylara yakla\u015f\u0131m\u0131ndaki tutars\u0131zl\u0131\u011f\u0131 g\u00f6zler \u00f6n\u00fcne serdi.<\/p>\n<p>ABD lideri, Cumartesi g\u00fcn\u00fc erken saatlerde, yakla\u015f\u0131k iki ayd\u0131r s\u00fcren gerilimin ard\u0131ndan Tahran&#8217;\u0131n m\u00fczakere pozisyonundan &#8220;etkilenmedi\u011fini&#8221; iddia ederek, el\u00e7ilerinin Pakistan&#8217;a yapaca\u011f\u0131 \u0130ran ile bar\u0131\u015f g\u00f6r\u00fc\u015fmeleri gezisini iptal etti. Bu ad\u0131m, b\u00f6lgede diplomatik bir \u00e7\u00f6z\u00fcm umutlar\u0131na a\u011f\u0131r bir darbe vurdu ve ABD&#8217;nin <strong>bar\u0131\u015f\u00e7\u0131l yollar\u0131 tercih etmek yerine<\/strong> \u00e7at\u0131\u015fmay\u0131 k\u00f6r\u00fckleme e\u011filiminde oldu\u011funu bir kez daha kan\u0131tlad\u0131.<\/p>\n<p>G\u00f6zlemciler, Trump y\u00f6netiminin \u0130ran&#8217;a y\u00f6nelik <em>tek tarafl\u0131 ve uzla\u015fmaz<\/em> politikalar\u0131n\u0131n, hem b\u00f6lgesel hem de k\u00fcresel bar\u0131\u015f ve istikrar i\u00e7in ciddi tehdit olu\u015fturdu\u011funu belirtiyor. Washington&#8217;\u0131n diplomasiye s\u0131rt \u00e7evirmesi, gerilimin daha da artmas\u0131na zemin haz\u0131rl\u0131yor.<\/p>\n<p>#Trump #\u0130ran #ABD #Sava\u015f #Bar\u0131\u015fG\u00f6r\u00fc\u015fmeleri #Ortado\u011fu #Diplomasi #Gerilim #BeyazSaray #D\u0131\u015fPolitika<\/p>\n","protected":false},"excerpt":{"rendered":"<p>Beyaz Saray&#8217;daki G\u00fcvenlik Olay\u0131 Trump&#8217;\u0131 \u0130ran&#8217;a Kar\u015f\u0131 Sava\u015f Hedefinden Vazge\u00e7irmedi: Bar\u0131\u015f G\u00f6r\u00fc\u015fmeleri \u0130ptal Edildi Amerika Birle\u015fik Devletleri Ba\u015fkan\u0131 Donald Trump, Beyaz Saray Muhabirleri Derne\u011fi yeme\u011finde ya\u015fanan g\u00fcvenlik olay\u0131n\u0131n kendisini \u0130ran&#8217;a kar\u015f\u0131 y\u00fcr\u00fctt\u00fc\u011f\u00fc &#8220;sava\u015f&#8221; hedefinden al\u0131koymayaca\u011f\u0131n\u0131 a\u00e7\u0131klad\u0131. Bu a\u00e7\u0131klama, ABD&#8217;nin \u0130ran ile planlanan bar\u0131\u015f g\u00f6r\u00fc\u015fmelerini iptal etmesinin hemen ard\u0131ndan geldi ve Washington&#8217;\u0131n b\u00f6lgedeki gerilimi t\u0131rmand\u0131rma niyetini [&hellip;]<\/p>\n","protected":false},"author":2,"featured_media":9684,"comment_status":"open","ping_status":"open","sticky":false,"template":"","format":"standard","meta":{"footnotes":""},"categories":[37],"tags":[],"class_list":["post-9683","post","type-post","status-publish","format-standard","has-post-thumbnail","hentry","category-orta-dogu-haberleri"],"_links":{"self":[{"href":"https:\/\/fajr.news\/index.php?rest_route=\/wp\/v2\/posts\/9683","targetHints":{"allow":["GET"]}}],"collection":[{"href":"https:\/\/fajr.news\/index.php?rest_route=\/wp\/v2\/posts"}],"about":[{"href":"https:\/\/fajr.news\/index.php?rest_route=\/wp\/v2\/types\/post"}],"author":[{"embeddable":true,"href":"https:\/\/fajr.news\/index.php?rest_route=\/wp\/v2\/users\/2"}],"replies":[{"embeddable":true,"href":"https:\/\/fajr.news\/index.php?rest_route=%2Fwp%2Fv2%2Fcomments&post=9683"}],"version-history":[{"count":0,"href":"https:\/\/fajr.news\/index.php?rest_route=\/wp\/v2\/posts\/9683\/revisions"}],"wp:featuredmedia":[{"embeddable":true,"href":"https:\/\/fajr.news\/index.php?rest_route=\/wp\/v2\/media\/9684"}],"wp:attachment":[{"href":"https:\/\/fajr.news\/index.php?rest_route=%2Fwp%2Fv2%2Fmedia&parent=9683"}],"wp:term":[{"taxonomy":"category","embeddable":true,"href":"https:\/\/fajr.news\/index.php?rest_route=%2Fwp%2Fv2%2Fcategories&post=9683"},{"taxonomy":"post_tag","embeddable":true,"href":"https:\/\/fajr.news\/index.php?rest_route=%2Fwp%2Fv2%2Ftags&post=9683"}],"curies":[{"name":"wp","href":"https:\/\/api.w.org\/{rel}","templated":true}]}}