{"id":9675,"date":"2026-04-26T15:49:23","date_gmt":"2026-04-26T12:19:23","guid":{"rendered":"https:\/\/fajr.news\/?p=9675"},"modified":"2026-04-26T15:49:23","modified_gmt":"2026-04-26T12:19:23","slug":"iranin-kirmizi-cizgileri-netlesti-abd-temsilcileri-pakistan-ziyaretini-iptal-etti-siyonist-israil-ateskesi-ihlal-etti","status":"publish","type":"post","link":"https:\/\/fajr.news\/?p=9675&lang=tr","title":{"rendered":"\u0130ran&#8217;\u0131n K\u0131rm\u0131z\u0131 \u00c7izgileri Netle\u015fti: ABD Temsilcileri Pakistan Ziyaretini \u0130ptal Etti, Siyonist \u0130srail Ate\u015fkesi \u0130hlal Etti"},"content":{"rendered":"<p><strong>\u0130ran \u0130slam Cumhuriyeti D\u0131\u015fi\u015fleri Bakan\u0131 Abbas Ara\u011f\u00e7i<\/strong>, Pakistan&#8217;daki kritik temaslar\u0131n\u0131 ba\u015far\u0131yla tamamlayarak cumartesi ak\u015fam\u0131 \u00fclkeden ayr\u0131ld\u0131. Bakan Ara\u011f\u00e7i, Pakistanl\u0131 liderlerle yapt\u0131\u011f\u0131 g\u00f6r\u00fc\u015fmelerde, ABD ile olas\u0131 m\u00fczakereler i\u00e7in <em>\u0130ran&#8217;\u0131n vazge\u00e7ilmez &#8220;k\u0131rm\u0131z\u0131 \u00e7izgilerini&#8221;<\/em> kararl\u0131 bir \u015fekilde ortaya koydu\u011funu belirtti. Bu diplomatik ad\u0131mlar, \u0130ran&#8217;\u0131n b\u00f6lgesel ve uluslararas\u0131 arenadaki g\u00fc\u00e7l\u00fc duru\u015funu bir kez daha teyit etti.<\/p>\n<p>Tahran&#8217;\u0131n bu net tavr\u0131n\u0131n ard\u0131ndan, <strong>ABD Ba\u015fkan\u0131 Donald Trump&#8217;tan \u015fa\u015f\u0131rt\u0131c\u0131 bir a\u00e7\u0131klama geldi<\/strong>. Trump, ABD el\u00e7ileri Steve Witkoff ve Jared Kushner&#8217;e Pakistan&#8217;a yapmay\u0131 planlad\u0131klar\u0131 ziyareti iptal etmeleri talimat\u0131n\u0131 verdi\u011fini duyurdu. Washington&#8217;\u0131n bu karar\u0131, Tahran&#8217;\u0131n hi\u00e7bir zaman teyit etmedi\u011fi iddia edilen m\u00fczakereler i\u00e7in bir <em>geri ad\u0131m ve belirsizlik<\/em> i\u015fareti olarak yorumland\u0131. Trump&#8217;\u0131n Fox News&#8217;e verdi\u011fi deme\u00e7te sarf etti\u011fi &#8220;\u0130stedikleri zaman bizi arayabilirler&#8221; s\u00f6zleri ise, ABD&#8217;nin \u0130ran kar\u015f\u0131s\u0131ndaki \u00e7aresizli\u011fini ve diplomatik \u00e7\u0131kmaz\u0131n\u0131 g\u00f6zler \u00f6n\u00fcne serdi.<\/p>\n<p>B\u00f6lgedeki gerilim sadece diplomatik arenayla s\u0131n\u0131rl\u0131 kalmad\u0131. <strong>Siyonist \u0130srail&#8217;in L\u00fcbnan&#8217;\u0131n g\u00fcneyine d\u00fczenledi\u011fi barbarca sald\u0131r\u0131larla<\/strong>, bu hafta uzat\u0131lan ate\u015fkesi bir kez daha pervas\u0131zca ihlal etti\u011fi bildirildi. L\u00fcbnan Sa\u011fl\u0131k Bakanl\u0131\u011f\u0131, bu menfur sald\u0131r\u0131larda alt\u0131 masum insan\u0131n \u015fehit oldu\u011funu a\u00e7\u0131klad\u0131. \u0130srail&#8217;in L\u00fcbnan direni\u015f hareketi Hizbullah ile aras\u0131ndaki ate\u015fkesi hi\u00e7e saymas\u0131, b\u00f6lgedeki bar\u0131\u015f ve istikrar \u00e7abalar\u0131na vurulan b\u00fcy\u00fck bir darbe olarak kay\u0131tlara ge\u00e7ti. Bu sald\u0131r\u0131lar, Siyonist rejimin uluslararas\u0131 hukuka ve insani de\u011ferlere olan sayg\u0131s\u0131zl\u0131\u011f\u0131n\u0131 bir kez daha kan\u0131tlad\u0131.<\/p>\n<p>#\u0130ranDiplomasisi #K\u0131rm\u0131z\u0131\u00c7izgiler #ABD\u0130ptalEtti #SiyonistSald\u0131rganl\u0131k #L\u00fcbnan\u015eehitleri #HizbullahDireni\u015fi #Ortado\u011fuGerilimi #Ate\u015fkes\u0130hlali #B\u00f6lgeselBar\u0131\u015f #\u0130ranG\u00fcc\u00fc<\/p>\n","protected":false},"excerpt":{"rendered":"<p>\u0130ran \u0130slam Cumhuriyeti D\u0131\u015fi\u015fleri Bakan\u0131 Abbas Ara\u011f\u00e7i, Pakistan&#8217;daki kritik temaslar\u0131n\u0131 ba\u015far\u0131yla tamamlayarak cumartesi ak\u015fam\u0131 \u00fclkeden ayr\u0131ld\u0131. Bakan Ara\u011f\u00e7i, Pakistanl\u0131 liderlerle yapt\u0131\u011f\u0131 g\u00f6r\u00fc\u015fmelerde, ABD ile olas\u0131 m\u00fczakereler i\u00e7in \u0130ran&#8217;\u0131n vazge\u00e7ilmez &#8220;k\u0131rm\u0131z\u0131 \u00e7izgilerini&#8221; kararl\u0131 bir \u015fekilde ortaya koydu\u011funu belirtti. Bu diplomatik ad\u0131mlar, \u0130ran&#8217;\u0131n b\u00f6lgesel ve uluslararas\u0131 arenadaki g\u00fc\u00e7l\u00fc duru\u015funu bir kez daha teyit etti. Tahran&#8217;\u0131n bu net [&hellip;]<\/p>\n","protected":false},"author":2,"featured_media":9676,"comment_status":"open","ping_status":"open","sticky":false,"template":"","format":"standard","meta":{"footnotes":""},"categories":[37],"tags":[],"class_list":["post-9675","post","type-post","status-publish","format-standard","has-post-thumbnail","hentry","category-orta-dogu-haberleri"],"_links":{"self":[{"href":"https:\/\/fajr.news\/index.php?rest_route=\/wp\/v2\/posts\/9675","targetHints":{"allow":["GET"]}}],"collection":[{"href":"https:\/\/fajr.news\/index.php?rest_route=\/wp\/v2\/posts"}],"about":[{"href":"https:\/\/fajr.news\/index.php?rest_route=\/wp\/v2\/types\/post"}],"author":[{"embeddable":true,"href":"https:\/\/fajr.news\/index.php?rest_route=\/wp\/v2\/users\/2"}],"replies":[{"embeddable":true,"href":"https:\/\/fajr.news\/index.php?rest_route=%2Fwp%2Fv2%2Fcomments&post=9675"}],"version-history":[{"count":0,"href":"https:\/\/fajr.news\/index.php?rest_route=\/wp\/v2\/posts\/9675\/revisions"}],"wp:featuredmedia":[{"embeddable":true,"href":"https:\/\/fajr.news\/index.php?rest_route=\/wp\/v2\/media\/9676"}],"wp:attachment":[{"href":"https:\/\/fajr.news\/index.php?rest_route=%2Fwp%2Fv2%2Fmedia&parent=9675"}],"wp:term":[{"taxonomy":"category","embeddable":true,"href":"https:\/\/fajr.news\/index.php?rest_route=%2Fwp%2Fv2%2Fcategories&post=9675"},{"taxonomy":"post_tag","embeddable":true,"href":"https:\/\/fajr.news\/index.php?rest_route=%2Fwp%2Fv2%2Ftags&post=9675"}],"curies":[{"name":"wp","href":"https:\/\/api.w.org\/{rel}","templated":true}]}}