{"id":9667,"date":"2026-04-26T15:38:52","date_gmt":"2026-04-26T12:08:52","guid":{"rendered":"https:\/\/fajr.news\/?p=9667"},"modified":"2026-04-26T15:38:52","modified_gmt":"2026-04-26T12:08:52","slug":"iran-militan-grupla-baglantili-bir-kisiyi-idam-etti","status":"publish","type":"post","link":"https:\/\/fajr.news\/?p=9667&lang=tr","title":{"rendered":"\u0130ran, militan grupla ba\u011flant\u0131l\u0131 bir ki\u015fiyi idam etti"},"content":{"rendered":"<p>Yar\u0131 resmi Tasnim haber ajans\u0131n\u0131n Pazar g\u00fcn\u00fc bildirdi\u011fine g\u00f6re, \u0130ran, S\u00fcnni militan grup Cey\u015f el-Adl \u00fcyesi olmak ve \u0130ran g\u00fcvenlik g\u00fc\u00e7lerine y\u00f6nelik sald\u0131r\u0131lar d\u00fczenlemek su\u00e7undan mahkum edilen bir ki\u015fiyi idam etti. Yetkililer, Amer Ramesh olarak te\u015fhis edilen ki\u015finin, \u0130ran&#8217;\u0131n g\u00fcneydo\u011fusunda d\u00fczenlenen bir ter\u00f6rle m\u00fccadele operasyonunda tutukland\u0131\u011f\u0131n\u0131 ve askeri personele y\u00f6nelik bombal\u0131 sald\u0131r\u0131lar ile pusu kurma eylemlerine kar\u0131\u015fmak da dahil olmak \u00fczere silahl\u0131 isyanla su\u00e7land\u0131\u011f\u0131n\u0131 belirtti. Cey\u015f el-Adl, \u0130ran&#8217;\u0131n Sistan-Belu\u00e7istan b\u00f6lgesinde faaliyet g\u00f6steren S\u00fcnni M\u00fcsl\u00fcman militan bir gruptur.<br \/>\n#\u0130ran #\u0130dam #Ter\u00f6rleM\u00fccadele #Cey\u015felAdl #MilitanGrup #SistanBelu\u00e7istan #G\u00fcvenlikG\u00fc\u00e7leri #AmerRamesh #Ortado\u011fu #Haber<\/p>\n","protected":false},"excerpt":{"rendered":"<p>Yar\u0131 resmi Tasnim haber ajans\u0131n\u0131n Pazar g\u00fcn\u00fc bildirdi\u011fine g\u00f6re, \u0130ran, S\u00fcnni militan grup Cey\u015f el-Adl \u00fcyesi olmak ve \u0130ran g\u00fcvenlik g\u00fc\u00e7lerine y\u00f6nelik sald\u0131r\u0131lar d\u00fczenlemek su\u00e7undan mahkum edilen bir ki\u015fiyi idam etti. Yetkililer, Amer Ramesh olarak te\u015fhis edilen ki\u015finin, \u0130ran&#8217;\u0131n g\u00fcneydo\u011fusunda d\u00fczenlenen bir ter\u00f6rle m\u00fccadele operasyonunda tutukland\u0131\u011f\u0131n\u0131 ve askeri personele y\u00f6nelik bombal\u0131 sald\u0131r\u0131lar ile pusu kurma [&hellip;]<\/p>\n","protected":false},"author":2,"featured_media":9668,"comment_status":"open","ping_status":"open","sticky":false,"template":"","format":"standard","meta":{"footnotes":""},"categories":[37],"tags":[],"class_list":["post-9667","post","type-post","status-publish","format-standard","has-post-thumbnail","hentry","category-orta-dogu-haberleri"],"_links":{"self":[{"href":"https:\/\/fajr.news\/index.php?rest_route=\/wp\/v2\/posts\/9667","targetHints":{"allow":["GET"]}}],"collection":[{"href":"https:\/\/fajr.news\/index.php?rest_route=\/wp\/v2\/posts"}],"about":[{"href":"https:\/\/fajr.news\/index.php?rest_route=\/wp\/v2\/types\/post"}],"author":[{"embeddable":true,"href":"https:\/\/fajr.news\/index.php?rest_route=\/wp\/v2\/users\/2"}],"replies":[{"embeddable":true,"href":"https:\/\/fajr.news\/index.php?rest_route=%2Fwp%2Fv2%2Fcomments&post=9667"}],"version-history":[{"count":0,"href":"https:\/\/fajr.news\/index.php?rest_route=\/wp\/v2\/posts\/9667\/revisions"}],"wp:featuredmedia":[{"embeddable":true,"href":"https:\/\/fajr.news\/index.php?rest_route=\/wp\/v2\/media\/9668"}],"wp:attachment":[{"href":"https:\/\/fajr.news\/index.php?rest_route=%2Fwp%2Fv2%2Fmedia&parent=9667"}],"wp:term":[{"taxonomy":"category","embeddable":true,"href":"https:\/\/fajr.news\/index.php?rest_route=%2Fwp%2Fv2%2Fcategories&post=9667"},{"taxonomy":"post_tag","embeddable":true,"href":"https:\/\/fajr.news\/index.php?rest_route=%2Fwp%2Fv2%2Ftags&post=9667"}],"curies":[{"name":"wp","href":"https:\/\/api.w.org\/{rel}","templated":true}]}}