{"id":9659,"date":"2026-04-26T15:33:32","date_gmt":"2026-04-26T12:03:32","guid":{"rendered":"https:\/\/fajr.news\/?p=9659"},"modified":"2026-04-26T15:33:32","modified_gmt":"2026-04-26T12:03:32","slug":"iran-abd-savasi-son-dakika-trump-baris-gorusmeleri-umutlari-solarken-witkoff-ve-kushnerin-pakistan-gezisini-iptal-etti","status":"publish","type":"post","link":"https:\/\/fajr.news\/?p=9659&lang=tr","title":{"rendered":"\u0130ran-ABD sava\u015f\u0131 son dakika: Trump, bar\u0131\u015f g\u00f6r\u00fc\u015fmeleri umutlar\u0131 solarken Witkoff ve Kushner&#8217;in Pakistan gezisini iptal etti"},"content":{"rendered":"<p>Ba\u015fkan Donald Trump, ABD&#8217;li m\u00fczakerecilerin \u0130ran ile ate\u015fkes g\u00f6r\u00fc\u015fmeleri i\u00e7in Pakistan&#8217;a yapacaklar\u0131 geziyi iptal etti\u011fini duyurdu. Trump, Truth Social&#8217;da yapt\u0131\u011f\u0131 a\u00e7\u0131klamada, el\u00e7ileri Steve Witkoff ve Jared Kushner&#8217;i g\u00f6nderme plan\u0131n\u0131 iptal etti\u011fini belirterek, &#8220;Oraya gitmek i\u00e7in \u00e7ok fazla zaman kayb\u0131, \u00e7ok fazla i\u015f!&#8221; ifadelerini kulland\u0131. Daha sonra gazetecilere verdi\u011fi deme\u00e7te, &#8220;Bu beni \u0130ran&#8217;daki sava\u015f\u0131 kazanmaktan al\u0131koymayacak&#8221; dedi. \u0130ran D\u0131\u015fi\u015fleri Bakan\u0131 Abbas Araqchi, Pakistan&#8217;da &#8220;ate\u015fkesle ilgili son geli\u015fmeler&#8221; ve Tahran&#8217;\u0131n &#8220;g\u00f6r\u00fc\u015f ve de\u011ferlendirmelerini&#8221; ele ald\u0131\u011f\u0131n\u0131 s\u00f6yledi ancak Washington ile do\u011frudan g\u00f6r\u00fc\u015fme planlanmad\u0131\u011f\u0131n\u0131 vurgulad\u0131. \u0130ran heyeti, Pakistanl\u0131 yetkililerle g\u00f6r\u00fc\u015ft\u00fckten k\u0131sa bir s\u00fcre sonra \u0130slamabad&#8217;dan ayr\u0131ld\u0131. Bu arada, \u0130srail \u00fc\u00e7 haftal\u0131k ate\u015fkes anla\u015fmas\u0131na ra\u011fmen g\u00fcney L\u00fcbnan&#8217;daki baz\u0131 kasabalar\u0131n siviller taraf\u0131ndan bo\u015falt\u0131lmas\u0131n\u0131 emretti. Hizbullah ve \u0130srail birbirlerini ihlallerle su\u00e7luyor. H\u00fck\u00fcmet yetkilileri, \u0130ran sava\u015f\u0131n\u0131n neden oldu\u011fu fiyat art\u0131\u015flar\u0131n\u0131n, H\u00fcrm\u00fcz Bo\u011faz\u0131&#8217;n\u0131n kapanmas\u0131yla birlikte enerji, g\u0131da ve u\u00e7u\u015f fiyatlar\u0131nda en az sekiz ay s\u00fcrece\u011fini ve &#8220;uzun bir kuyruk&#8221; b\u0131rakaca\u011f\u0131n\u0131 uyard\u0131. Trump, ABD&#8217;nin &#8220;t\u00fcm kartlara sahip oldu\u011funa&#8221; inan\u0131yor ve el\u00e7ilerine &#8220;18 saatlik bir u\u00e7u\u015f yap\u0131p hi\u00e7bir \u015fey hakk\u0131nda konu\u015fmak i\u00e7in oturmayacaks\u0131n\u0131z&#8221; dedi\u011fini aktard\u0131. Ayr\u0131ca, Beyaz Saray Muhabirleri Yeme\u011fi&#8217;ndeki silahl\u0131 sald\u0131r\u0131n\u0131n \u0130ran sava\u015f\u0131yla ba\u011flant\u0131l\u0131 olmad\u0131\u011f\u0131n\u0131 belirtti.<br \/>\n#\u0130ranABDGerilimi<br \/>\n#Trump<br \/>\n#PakistanG\u00f6r\u00fc\u015fmeleri<br \/>\n#Ate\u015fkesUmutlar\u0131<br \/>\n#H\u00fcrm\u00fczBo\u011faz\u0131<br \/>\n#EkonomikEtkiler<br \/>\n#L\u00fcbnan\u0130srail<br \/>\n#Diplomasi<br \/>\n#Ortado\u011fu<br \/>\n#Sava\u015fEkonomisi<\/p>\n","protected":false},"excerpt":{"rendered":"<p>Ba\u015fkan Donald Trump, ABD&#8217;li m\u00fczakerecilerin \u0130ran ile ate\u015fkes g\u00f6r\u00fc\u015fmeleri i\u00e7in Pakistan&#8217;a yapacaklar\u0131 geziyi iptal etti\u011fini duyurdu. Trump, Truth Social&#8217;da yapt\u0131\u011f\u0131 a\u00e7\u0131klamada, el\u00e7ileri Steve Witkoff ve Jared Kushner&#8217;i g\u00f6nderme plan\u0131n\u0131 iptal etti\u011fini belirterek, &#8220;Oraya gitmek i\u00e7in \u00e7ok fazla zaman kayb\u0131, \u00e7ok fazla i\u015f!&#8221; ifadelerini kulland\u0131. Daha sonra gazetecilere verdi\u011fi deme\u00e7te, &#8220;Bu beni \u0130ran&#8217;daki sava\u015f\u0131 kazanmaktan al\u0131koymayacak&#8221; [&hellip;]<\/p>\n","protected":false},"author":2,"featured_media":9660,"comment_status":"open","ping_status":"open","sticky":false,"template":"","format":"standard","meta":{"footnotes":""},"categories":[31],"tags":[],"class_list":["post-9659","post","type-post","status-publish","format-standard","has-post-thumbnail","hentry","category-iran-haberleri"],"_links":{"self":[{"href":"https:\/\/fajr.news\/index.php?rest_route=\/wp\/v2\/posts\/9659","targetHints":{"allow":["GET"]}}],"collection":[{"href":"https:\/\/fajr.news\/index.php?rest_route=\/wp\/v2\/posts"}],"about":[{"href":"https:\/\/fajr.news\/index.php?rest_route=\/wp\/v2\/types\/post"}],"author":[{"embeddable":true,"href":"https:\/\/fajr.news\/index.php?rest_route=\/wp\/v2\/users\/2"}],"replies":[{"embeddable":true,"href":"https:\/\/fajr.news\/index.php?rest_route=%2Fwp%2Fv2%2Fcomments&post=9659"}],"version-history":[{"count":0,"href":"https:\/\/fajr.news\/index.php?rest_route=\/wp\/v2\/posts\/9659\/revisions"}],"wp:featuredmedia":[{"embeddable":true,"href":"https:\/\/fajr.news\/index.php?rest_route=\/wp\/v2\/media\/9660"}],"wp:attachment":[{"href":"https:\/\/fajr.news\/index.php?rest_route=%2Fwp%2Fv2%2Fmedia&parent=9659"}],"wp:term":[{"taxonomy":"category","embeddable":true,"href":"https:\/\/fajr.news\/index.php?rest_route=%2Fwp%2Fv2%2Fcategories&post=9659"},{"taxonomy":"post_tag","embeddable":true,"href":"https:\/\/fajr.news\/index.php?rest_route=%2Fwp%2Fv2%2Ftags&post=9659"}],"curies":[{"name":"wp","href":"https:\/\/api.w.org\/{rel}","templated":true}]}}