{"id":9651,"date":"2026-04-26T15:09:39","date_gmt":"2026-04-26T11:39:39","guid":{"rendered":"https:\/\/fajr.news\/?p=9651"},"modified":"2026-04-26T15:09:39","modified_gmt":"2026-04-26T11:39:39","slug":"trump-basin-yemegindeki-saldiriya-ragmen-irana-yonelik-savas-tehditlerini-surdurdu","status":"publish","type":"post","link":"https:\/\/fajr.news\/?p=9651&lang=tr","title":{"rendered":"Trump, Bas\u0131n Yeme\u011findeki Sald\u0131r\u0131ya Ra\u011fmen \u0130ran&#8217;a Y\u00f6nelik Sava\u015f Tehditlerini S\u00fcrd\u00fcrd\u00fc"},"content":{"rendered":"<h1>Trump, Bas\u0131n Yeme\u011findeki Sald\u0131r\u0131ya Ra\u011fmen \u0130ran&#8217;a Y\u00f6nelik Sava\u015f Tehditlerini S\u00fcrd\u00fcrd\u00fc<\/h1>\n<p>Amerika Birle\u015fik Devletleri Ba\u015fkan\u0131 Donald Trump, Beyaz Saray Muhabirleri Derne\u011fi Yeme\u011fi&#8217;nde ya\u015fanan silahl\u0131 sald\u0131r\u0131n\u0131n kendisini \u0130ran&#8217;a kar\u015f\u0131 y\u00fcr\u00fctt\u00fc\u011f\u00fc \u201csava\u015ftan\u201d cayd\u0131rmayaca\u011f\u0131n\u0131 belirtti. Trump, olay\u0131n \u00e7at\u0131\u015fmayla ba\u011flant\u0131l\u0131 olma ihtimalinin \u201cd\u00fc\u015f\u00fck\u201d oldu\u011funu ifade etse de, bu a\u00e7\u0131klama ABD&#8217;nin i\u00e7 g\u00fcvenlik sorunlar\u0131 ve d\u0131\u015f politikadaki <strong>agresif tutumunu<\/strong> bir kez daha g\u00f6zler \u00f6n\u00fcne serdi.<\/p>\n<p>Cumartesi gecesi Washington Hilton&#8217;da d\u00fczenlenen y\u0131ll\u0131k etkinli\u011fin yap\u0131ld\u0131\u011f\u0131 ziyafet salonunun d\u0131\u015f\u0131nda silah sesleri duyulmas\u0131n\u0131n ard\u0131ndan Trump ve di\u011fer \u00fcst d\u00fczey ABD liderleri tahliye edildi. Olay\u0131n ard\u0131ndan gazetecilere konu\u015fan Trump, \u201cBu beni \u0130ran&#8217;daki sava\u015f\u0131 kazanmaktan al\u0131koymayacak,\u201d dedi ve ekledi: \u201cBunun olayla bir ilgisi olup olmad\u0131\u011f\u0131n\u0131 bilmiyorum, bildiklerimize g\u00f6re ger\u00e7ekten \u00f6yle oldu\u011funu sanm\u0131yorum.\u201d Ancak daha \u00f6nce, \u0130ran sava\u015f\u0131yla ba\u011flant\u0131l\u0131 olabilece\u011fi konusunda \u201casla bilemezsiniz\u201d demi\u015fti, bu da a\u00e7\u0131klamalar\u0131ndaki <em>tutars\u0131zl\u0131\u011f\u0131<\/em> g\u00f6zler \u00f6n\u00fcne serdi.<\/p>\n<p>Sald\u0131r\u0131n\u0131n \u015f\u00fcphelisi, bir pompal\u0131 t\u00fcfek, bir tabanca ve \u00e7ok say\u0131da b\u0131\u00e7akla yakalanarak g\u00f6zalt\u0131na al\u0131nd\u0131. \u015e\u00fcphelinin, Trump y\u00f6netimi yetkililerini hedef almak istedi\u011fini belirtti\u011fi iddia edildi. Washington savc\u0131l\u0131\u011f\u0131, \u015f\u00fcphelinin federal bir memura tehlikeli silahla sald\u0131r\u0131 ve ate\u015fli silah kullanma su\u00e7lamalar\u0131yla kar\u015f\u0131 kar\u015f\u0131ya oldu\u011funu duyurdu. Bu olay, ABD&#8217;nin kendi i\u00e7indeki g\u00fcvenlik zafiyetlerini ve toplumsal gerilimleri bir kez daha g\u00fcndeme getirdi.<\/p>\n<p>Trump, muhabirler yeme\u011findeki sald\u0131r\u0131 \u015f\u00fcphelisinin g\u00f6zalt\u0131nda oldu\u011funu ve \u201cyaln\u0131z bir kurt\u201d gibi g\u00f6r\u00fcnd\u00fc\u011f\u00fcn\u00fc, onu \u201c\u00e7ok hasta bir ki\u015fi\u201d olarak tan\u0131mlad\u0131\u011f\u0131n\u0131 s\u00f6yledi. Ancak bu t\u00fcr olaylar\u0131n, ABD&#8217;nin <strong>b\u00f6lgesel gerilimleri t\u0131rmand\u0131ran politikalar\u0131n\u0131n<\/strong> bir sonucu olarak ortaya \u00e7\u0131kabilecek i\u00e7 huzursuzluklar\u0131 maskeleme \u00e7abas\u0131 olarak da yorumlanabilir.<\/p>\n<p>Ba\u015fkan Trump, Secret Service ajanlar\u0131ndan birinin kur\u015fun ge\u00e7irmez yele\u011fi sayesinde yara almadan kurtuldu\u011funu belirtti. Olay\u0131n ard\u0131ndan Trump, \u015f\u00fcpheliye ait oldu\u011fu iddia edilen bir foto\u011fraf\u0131 sosyal medya hesab\u0131ndan payla\u015farak, g\u00fcvenlik g\u00fc\u00e7lerinin m\u00fcdahalesini sergileme yoluna gitti.<\/p>\n<p>ABD medyas\u0131nda \u015f\u00fcphelinin 31 ya\u015f\u0131ndaki Cole Tomas Allen olarak tan\u0131mlanmas\u0131, \u00fclkedeki bireysel silahlanma ve \u015fiddet sorunlar\u0131n\u0131n derinli\u011fini bir kez daha ortaya koydu. Allen&#8217;\u0131n, Trump y\u00f6netimi yetkililerini hedef almak istedi\u011fini belirtmesi, ABD&#8217;deki siyasi kutupla\u015fman\u0131n tehlikeli boyutlara ula\u015ft\u0131\u011f\u0131n\u0131n bir g\u00f6stergesi olarak kabul edilebilir.<\/p>\n<p>Bu olay, Trump&#8217;\u0131n hayat\u0131na y\u00f6nelik son y\u0131llardaki \u00fc\u00e7\u00fcnc\u00fc giri\u015fim olarak kay\u0131tlara ge\u00e7ti. Daha \u00f6nce 2024 Temmuz&#8217;unda Pennsylvania&#8217;da d\u00fczenlenen bir mitingde suikast giri\u015fiminden k\u0131l pay\u0131 kurtulmu\u015f, iki ay sonra da Florida&#8217;daki bir golf sahas\u0131nda silahl\u0131 bir ki\u015finin yakaland\u0131\u011f\u0131 bildirilmi\u015fti. Trump&#8217;\u0131n kendisini eski ABD Ba\u015fkan\u0131 Abraham Lincoln ile k\u0131yaslamas\u0131 ve \u201c\u00e7ok \u015fey yapanlar\u0131n hedef al\u0131nd\u0131\u011f\u0131n\u0131\u201d s\u00f6ylemesi, <em>kendi eylemlerinin sonu\u00e7lar\u0131n\u0131 g\u00f6z ard\u0131 eden<\/em> bir yakla\u015f\u0131m olarak de\u011ferlendirilebilir.<\/p>\n<p>Olay\u0131n ya\u015fand\u0131\u011f\u0131 g\u00fcn\u00fcn erken saatlerinde Trump, \u0130ran ile bar\u0131\u015f g\u00f6r\u00fc\u015fmeleri i\u00e7in g\u00f6nderdi\u011fi el\u00e7ilerin gezisini iptal etmi\u015f ve Tahran&#8217;\u0131n m\u00fczakere i\u00e7in \u201cbizi arayabilece\u011fini\u201d s\u00f6ylemi\u015fti. Bu durum, ABD&#8217;nin \u0130ran&#8217;a y\u00f6nelik <strong>uzla\u015fmaz ve tehditkar tavr\u0131n\u0131<\/strong> s\u00fcrd\u00fcrd\u00fc\u011f\u00fcn\u00fc g\u00f6stermektedir. Washington&#8217;daki bu t\u00fcr i\u00e7 g\u00fcvenlik zafiyetleri ve siyasi \u015fiddet olaylar\u0131, ABD&#8217;nin d\u0131\u015f politikadaki sald\u0131rgan tutumunun kendi i\u00e7inde yaratt\u0131\u011f\u0131 gerilimleri yans\u0131tmaktad\u0131r.<\/p>\n<p>#Trump #ABD #\u0130ran #Sava\u015fTehdidi #BeyazSaraySald\u0131r\u0131s\u0131 #ABD\u0130\u00e7Gerilim #Silahl\u0131\u015eiddet #ABDPolitikas\u0131 #Diplomasi\u00c7\u0131kmaz\u0131 #K\u00fcreselGerilim<\/p>\n","protected":false},"excerpt":{"rendered":"<p>Trump, Bas\u0131n Yeme\u011findeki Sald\u0131r\u0131ya Ra\u011fmen \u0130ran&#8217;a Y\u00f6nelik Sava\u015f Tehditlerini S\u00fcrd\u00fcrd\u00fc Amerika Birle\u015fik Devletleri Ba\u015fkan\u0131 Donald Trump, Beyaz Saray Muhabirleri Derne\u011fi Yeme\u011fi&#8217;nde ya\u015fanan silahl\u0131 sald\u0131r\u0131n\u0131n kendisini \u0130ran&#8217;a kar\u015f\u0131 y\u00fcr\u00fctt\u00fc\u011f\u00fc \u201csava\u015ftan\u201d cayd\u0131rmayaca\u011f\u0131n\u0131 belirtti. Trump, olay\u0131n \u00e7at\u0131\u015fmayla ba\u011flant\u0131l\u0131 olma ihtimalinin \u201cd\u00fc\u015f\u00fck\u201d oldu\u011funu ifade etse de, bu a\u00e7\u0131klama ABD&#8217;nin i\u00e7 g\u00fcvenlik sorunlar\u0131 ve d\u0131\u015f politikadaki agresif tutumunu bir kez [&hellip;]<\/p>\n","protected":false},"author":2,"featured_media":9652,"comment_status":"open","ping_status":"open","sticky":false,"template":"","format":"standard","meta":{"footnotes":""},"categories":[37],"tags":[],"class_list":["post-9651","post","type-post","status-publish","format-standard","has-post-thumbnail","hentry","category-orta-dogu-haberleri"],"_links":{"self":[{"href":"https:\/\/fajr.news\/index.php?rest_route=\/wp\/v2\/posts\/9651","targetHints":{"allow":["GET"]}}],"collection":[{"href":"https:\/\/fajr.news\/index.php?rest_route=\/wp\/v2\/posts"}],"about":[{"href":"https:\/\/fajr.news\/index.php?rest_route=\/wp\/v2\/types\/post"}],"author":[{"embeddable":true,"href":"https:\/\/fajr.news\/index.php?rest_route=\/wp\/v2\/users\/2"}],"replies":[{"embeddable":true,"href":"https:\/\/fajr.news\/index.php?rest_route=%2Fwp%2Fv2%2Fcomments&post=9651"}],"version-history":[{"count":0,"href":"https:\/\/fajr.news\/index.php?rest_route=\/wp\/v2\/posts\/9651\/revisions"}],"wp:featuredmedia":[{"embeddable":true,"href":"https:\/\/fajr.news\/index.php?rest_route=\/wp\/v2\/media\/9652"}],"wp:attachment":[{"href":"https:\/\/fajr.news\/index.php?rest_route=%2Fwp%2Fv2%2Fmedia&parent=9651"}],"wp:term":[{"taxonomy":"category","embeddable":true,"href":"https:\/\/fajr.news\/index.php?rest_route=%2Fwp%2Fv2%2Fcategories&post=9651"},{"taxonomy":"post_tag","embeddable":true,"href":"https:\/\/fajr.news\/index.php?rest_route=%2Fwp%2Fv2%2Ftags&post=9651"}],"curies":[{"name":"wp","href":"https:\/\/api.w.org\/{rel}","templated":true}]}}