{"id":9643,"date":"2026-04-26T15:00:01","date_gmt":"2026-04-26T11:30:01","guid":{"rendered":"https:\/\/fajr.news\/?p=9643"},"modified":"2026-04-26T15:00:01","modified_gmt":"2026-04-26T11:30:01","slug":"iran-abd-savasi-son-gelismeler-trump-baris-gorusmeleri-umutlari-azalirken-witkoff-ve-kushnerin-pakistan-gezisini-iptal-etti","status":"publish","type":"post","link":"https:\/\/fajr.news\/?p=9643&lang=tr","title":{"rendered":"\u0130ran-ABD Sava\u015f\u0131 Son Geli\u015fmeler: Trump, Bar\u0131\u015f G\u00f6r\u00fc\u015fmeleri Umutlar\u0131 Azal\u0131rken Witkoff ve Kushner&#8217;in Pakistan Gezisini \u0130ptal Etti"},"content":{"rendered":"<p><strong>Ba\u015fkan Donald Trump<\/strong>, ABD&#8217;li m\u00fczakerecilerin \u0130ran ile ate\u015fkes g\u00f6r\u00fc\u015fmeleri i\u00e7in Pakistan&#8217;a yapacaklar\u0131 geziyi iptal etti\u011fini duyurdu. Ancak Cumartesi g\u00fcn\u00fc Beyaz Saray Muhabirleri Yeme\u011fi&#8217;ndeki bir silahl\u0131 sald\u0131r\u0131n\u0131n kendisini <em>&#8220;\u0130ran&#8217;daki sava\u015f\u0131 kazanmaktan&#8221;<\/em> al\u0131koymayaca\u011f\u0131n\u0131 vurgulad\u0131.<\/p>\n<p>Trump, Truth Social&#8217;da yapt\u0131\u011f\u0131 a\u00e7\u0131klamada, el\u00e7ileri Steve Witkoff ve Jared Kushner&#8217;\u0131 g\u00f6nderme plan\u0131yla ilgili olarak, <em>&#8220;Temsilcilerimin \u0130ranl\u0131larla g\u00f6r\u00fc\u015fmek \u00fczere Pakistan&#8217;\u0131n \u0130slamabad kentine yapacaklar\u0131 geziyi az \u00f6nce iptal ettim. Seyahat etmek i\u00e7in \u00e7ok fazla zaman, \u00e7ok fazla i\u015f israf\u0131!&#8221;<\/em> ifadelerini kulland\u0131. Daha sonra gazetecilere yapt\u0131\u011f\u0131 a\u00e7\u0131klamada ise, <em>&#8220;Bu beni \u0130ran&#8217;daki sava\u015f\u0131 kazanmaktan al\u0131koymayacak&#8221;<\/em> dedi. Trump, ABD&#8217;nin <strong>&#8220;t\u00fcm kartlara sahip oldu\u011funa&#8221;<\/strong> inanarak, <em>&#8220;Oraya gitmek i\u00e7in 18 saatlik bir u\u00e7u\u015f yapmayacaks\u0131n\u0131z, t\u00fcm kartlar bizde. Ne zaman isterlerse bizi arayabilirler, ama hi\u00e7bir \u015fey hakk\u0131nda konu\u015fmak i\u00e7in art\u0131k 18 saatlik u\u00e7u\u015flar yapmayacaks\u0131n\u0131z&#8221;<\/em> \u015feklinde konu\u015ftu.<\/p>\n<h3>B\u00f6lgesel Geli\u015fmeler ve Gerilimler<\/h3>\n<p><strong>\u0130ran D\u0131\u015fi\u015fleri Bakan\u0131 Abbas Araqchi<\/strong>, Pakistan&#8217;da <em>&#8220;ate\u015fkesle ilgili son geli\u015fmeleri&#8221;<\/em> ve Tahran&#8217;\u0131n <em>&#8220;g\u00f6r\u00fc\u015f ve de\u011ferlendirmelerini&#8221;<\/em> ele ald\u0131\u011f\u0131n\u0131 belirtti. \u0130ran, Washington ile do\u011frudan g\u00f6r\u00fc\u015fmelerin planlanmad\u0131\u011f\u0131 konusunda \u0131srar etmi\u015f ve heyet, Pakistanl\u0131 yetkililerle g\u00f6r\u00fc\u015ft\u00fckten k\u0131sa bir s\u00fcre sonra \u0130slamabad&#8217;dan ayr\u0131lm\u0131\u015ft\u0131.<\/p>\n<p>B\u00f6lgesel gerilimler de devam ediyor. <strong>\u0130srail<\/strong>, \u00fc\u00e7 haftal\u0131k ate\u015fkes anla\u015fmas\u0131na ra\u011fmen g\u00fcney L\u00fcbnan&#8217;daki baz\u0131 kasabalar\u0131n siviller taraf\u0131ndan bo\u015falt\u0131lmas\u0131n\u0131 emretti. Hizbullah ve \u0130srail, ihlallerden birbirlerini sorumlu tutuyor. \u0130srail&#8217;in g\u00fcney L\u00fcbnan&#8217;a d\u00fczenledi\u011fi sald\u0131r\u0131larda d\u00f6rt ki\u015finin hayat\u0131n\u0131 kaybetti\u011fi bildirildi.<\/p>\n<h3>Ekonomik Etkiler ve H\u00fcrm\u00fcz Bo\u011faz\u0131<\/h3>\n<p>\u0130ran sava\u015f\u0131n\u0131n neden oldu\u011fu <strong>fiyat art\u0131\u015flar\u0131n\u0131n<\/strong>, \u00e7at\u0131\u015fma sona erdikten sonra en az sekiz ay boyunca hissedilece\u011fi konusunda h\u00fck\u00fcmet yetkilileri uyar\u0131yor. Ba\u015fbakanl\u0131k Ba\u015f Sekreteri Darren Jones, enerji, g\u0131da ve u\u00e7u\u015f fiyatlar\u0131nda <em>&#8220;Donald Trump&#8217;\u0131n Orta Do\u011fu&#8217;da yapt\u0131klar\u0131n\u0131n bir sonucu olarak&#8221;<\/em> art\u0131\u015flar g\u00f6r\u00fclece\u011fini ve bunun <em>&#8220;uzun bir kuyru\u011fu olaca\u011f\u0131n\u0131&#8221;<\/em> belirtti. <strong>H\u00fcrm\u00fcz Bo\u011faz\u0131&#8217;n\u0131n kapanmas\u0131yla<\/strong> k\u00fcresel petrol ve gaz arz\u0131n\u0131n be\u015fte birini sa\u011flayan bu kilit nakliye yolu, petrol fiyatlar\u0131n\u0131 f\u0131rlatt\u0131. H\u00fck\u00fcmet, \u00e7at\u0131\u015fman\u0131n yol a\u00e7abilece\u011fi potansiyel k\u0131tl\u0131klar\u0131 dengelemek i\u00e7in planlamalar\u0131n\u0131 h\u0131zland\u0131rd\u0131.<\/p>\n<p>ABD donanmas\u0131, \u0130ran gemilerini H\u00fcrm\u00fcz Bo\u011faz\u0131&#8217;nda abluka alt\u0131nda tutmaya devam ediyor. Analistler, bu durumun Tahran&#8217;a g\u00fcnde 435 milyon dolara kadar mal oldu\u011funu tahmin ediyor. Ancak uzmanlar, \u0130ran&#8217;\u0131n bu t\u00fcr bask\u0131lara d\u0131\u015far\u0131dan beklendi\u011finden \u00e7ok daha fazla tolerans g\u00f6sterdi\u011fini belirtiyor.<\/p>\n<h3>Diplomatik \u00c7abalar ve Di\u011fer Geli\u015fmeler<\/h3>\n<p><strong>Umman Sultan\u0131 Heysem bin Tar\u0131k El Said<\/strong>, Umman&#8217;\u0131n ba\u015fkenti Maskat&#8217;ta \u0130ran D\u0131\u015fi\u015fleri Bakan\u0131 Abbas Araqchi ile bir araya geldi. \u0130ki taraf, b\u00f6lgesel durumu ve \u0130ran sava\u015f\u0131n\u0131 sona erdirmeye y\u00f6nelik arabuluculuk \u00e7abalar\u0131n\u0131 g\u00f6r\u00fc\u015ft\u00fc.<\/p>\n<p>\u00d6te yandan, \u0130srail Ba\u015fbakan\u0131 Binyamin Netanyahu da Cumartesi g\u00fcnk\u00fc Beyaz Saray Muhabirleri Yeme\u011fi&#8217;ndeki silahl\u0131 sald\u0131r\u0131dan <em>&#8220;\u015fok oldu\u011funu&#8221;<\/em> ifade etti. Ayr\u0131ca, \u0130ran&#8217;\u0131n Ocak ay\u0131nda tutuklanan bir protestocuyu <em>&#8216;\u0130srail istihbarat ajan\u0131&#8217;<\/em> oldu\u011fu gerek\u00e7esiyle idam etti\u011fi bilgisi de haberler aras\u0131nda yer ald\u0131.<\/p>\n<p>#\u0130ranABDGerilimi #Trump #Bar\u0131\u015fG\u00f6r\u00fc\u015fmeleri #Ortado\u011fu #H\u00fcrm\u00fczBo\u011faz\u0131 #PetrolFiyatlar\u0131 #Diplomasi #L\u00fcbnan #Sava\u015fEkonomisi #K\u00fcreselSiyaset<\/p>\n","protected":false},"excerpt":{"rendered":"<p>Ba\u015fkan Donald Trump, ABD&#8217;li m\u00fczakerecilerin \u0130ran ile ate\u015fkes g\u00f6r\u00fc\u015fmeleri i\u00e7in Pakistan&#8217;a yapacaklar\u0131 geziyi iptal etti\u011fini duyurdu. Ancak Cumartesi g\u00fcn\u00fc Beyaz Saray Muhabirleri Yeme\u011fi&#8217;ndeki bir silahl\u0131 sald\u0131r\u0131n\u0131n kendisini &#8220;\u0130ran&#8217;daki sava\u015f\u0131 kazanmaktan&#8221; al\u0131koymayaca\u011f\u0131n\u0131 vurgulad\u0131. Trump, Truth Social&#8217;da yapt\u0131\u011f\u0131 a\u00e7\u0131klamada, el\u00e7ileri Steve Witkoff ve Jared Kushner&#8217;\u0131 g\u00f6nderme plan\u0131yla ilgili olarak, &#8220;Temsilcilerimin \u0130ranl\u0131larla g\u00f6r\u00fc\u015fmek \u00fczere Pakistan&#8217;\u0131n \u0130slamabad kentine yapacaklar\u0131 [&hellip;]<\/p>\n","protected":false},"author":2,"featured_media":9644,"comment_status":"open","ping_status":"open","sticky":false,"template":"","format":"standard","meta":{"footnotes":""},"categories":[37],"tags":[],"class_list":["post-9643","post","type-post","status-publish","format-standard","has-post-thumbnail","hentry","category-orta-dogu-haberleri"],"_links":{"self":[{"href":"https:\/\/fajr.news\/index.php?rest_route=\/wp\/v2\/posts\/9643","targetHints":{"allow":["GET"]}}],"collection":[{"href":"https:\/\/fajr.news\/index.php?rest_route=\/wp\/v2\/posts"}],"about":[{"href":"https:\/\/fajr.news\/index.php?rest_route=\/wp\/v2\/types\/post"}],"author":[{"embeddable":true,"href":"https:\/\/fajr.news\/index.php?rest_route=\/wp\/v2\/users\/2"}],"replies":[{"embeddable":true,"href":"https:\/\/fajr.news\/index.php?rest_route=%2Fwp%2Fv2%2Fcomments&post=9643"}],"version-history":[{"count":0,"href":"https:\/\/fajr.news\/index.php?rest_route=\/wp\/v2\/posts\/9643\/revisions"}],"wp:featuredmedia":[{"embeddable":true,"href":"https:\/\/fajr.news\/index.php?rest_route=\/wp\/v2\/media\/9644"}],"wp:attachment":[{"href":"https:\/\/fajr.news\/index.php?rest_route=%2Fwp%2Fv2%2Fmedia&parent=9643"}],"wp:term":[{"taxonomy":"category","embeddable":true,"href":"https:\/\/fajr.news\/index.php?rest_route=%2Fwp%2Fv2%2Fcategories&post=9643"},{"taxonomy":"post_tag","embeddable":true,"href":"https:\/\/fajr.news\/index.php?rest_route=%2Fwp%2Fv2%2Ftags&post=9643"}],"curies":[{"name":"wp","href":"https:\/\/api.w.org\/{rel}","templated":true}]}}