{"id":9619,"date":"2026-04-26T14:29:46","date_gmt":"2026-04-26T10:59:46","guid":{"rendered":"https:\/\/fajr.news\/?p=9619"},"modified":"2026-04-26T14:29:46","modified_gmt":"2026-04-26T10:59:46","slug":"iran-kusatma-altinda-muzakere-yok-disisleri-bakani-pakistanda-onemli-gorusmeler-yapacak","status":"publish","type":"post","link":"https:\/\/fajr.news\/?p=9619&lang=tr","title":{"rendered":"\u0130ran: Ku\u015fatma Alt\u0131nda M\u00fczakere Yok; D\u0131\u015fi\u015fleri Bakan\u0131 Pakistan&#8217;da \u00d6nemli G\u00f6r\u00fc\u015fmeler Yapacak"},"content":{"rendered":"<h1>\u0130ran&#8217;dan Ku\u015fatma \u015eartlar\u0131nda M\u00fczakere Yok Mesaj\u0131<\/h1>\n<p><strong>\u0130ran&#8217;\u0131n \u00fcst d\u00fczey diplomat\u0131 Abbas Araghchi<\/strong>, Umman Sultan\u0131 ile bir araya gelerek b\u00f6lgesel geli\u015fmeleri ve <em>ABD-\u0130srail sava\u015f\u0131n\u0131n kal\u0131c\u0131 bir \u015fekilde sona erdirilmesi<\/em> \u00e7abalar\u0131n\u0131 ele ald\u0131. Araghchi&#8217;nin, d\u00fcn Pakistanl\u0131 yetkililerle \u00fcst d\u00fczey g\u00f6r\u00fc\u015fmeler yapt\u0131\u011f\u0131 ve <strong>\u0130ran&#8217;\u0131n bir \u00e7\u00f6z\u00fcm i\u00e7in ko\u015fullar\u0131n\u0131 iletti\u011fi<\/strong> \u0130slamabad&#8217;a d\u00f6nmesi bekleniyor. Bu kritik temaslar, \u0130ran&#8217;\u0131n b\u00f6lgedeki diplomatik a\u011f\u0131rl\u0131\u011f\u0131n\u0131 ve kararl\u0131 duru\u015funu bir kez daha ortaya koyuyor.<\/p>\n<h2>L\u00fcbnan&#8217;da \u0130srail Sald\u0131rganl\u0131\u011f\u0131 Devam Ediyor<\/h2>\n<p><strong>G\u00fcney L\u00fcbnan&#8217;da \u00e7at\u0131\u015fmalar<\/strong> devam ederken, sa\u011fl\u0131k bakanl\u0131\u011f\u0131 <em>\u0130srail sald\u0131r\u0131lar\u0131nda en az yedi ki\u015finin hayat\u0131n\u0131 kaybetti\u011fini ve 24 ki\u015finin yaraland\u0131\u011f\u0131n\u0131<\/em> bildirdi. \u0130srail ordusu, L\u00fcbnan k\u00f6ylerine y\u00f6nelik zorla tahliye tehditleri savurarak b\u00f6lgedeki gerilimi t\u0131rmand\u0131r\u0131yor.<\/p>\n<p>\u0130srail ordusu, g\u00fcney L\u00fcbnan&#8217;daki Litani Nehri&#8217;nin kuzeyinde bulunan yedi k\u00f6y i\u00e7in bir kez daha zorla tahliye tehdidi yay\u0131nlad\u0131. A\u00e7\u0131klamada, ate\u015fkes ihlalleri oldu\u011fu iddia edilerek Hizbullah&#8217;a kar\u015f\u0131 &#8220;g\u00fc\u00e7l\u00fc bir \u015fekilde hareket edilece\u011fi&#8221; belirtilse de, bu tehditler <strong>\u0130srail&#8217;in b\u00f6lgedeki sald\u0131rgan tutumunun<\/strong> bir devam\u0131 olarak de\u011ferlendiriliyor.<\/p>\n<p>\u0130srail ile Hizbullah aras\u0131ndaki &#8220;ate\u015fkesin&#8221; \u00fc\u00e7 hafta uzat\u0131lmas\u0131na ra\u011fmen, L\u00fcbnan grubu <strong>g\u00fcney L\u00fcbnan&#8217;\u0131n geni\u015f b\u00f6lgelerini i\u015fgal eden \u0130srail askerlerine y\u00f6nelik<\/strong> bir insans\u0131z hava arac\u0131 sald\u0131r\u0131s\u0131 d\u00fczenledi\u011fini duyurdu. Bu durum, \u0130srail&#8217;in ate\u015fkesi s\u00fcrekli ihlal etmesine bir yan\u0131t olarak yorumlan\u0131yor.<\/p>\n<h2>H\u00fcrm\u00fcz Bo\u011faz\u0131&#8217;ndaki Kapanma \u0130nsani Felaket Tehdidi Olu\u015fturuyor<\/h2>\n<p><strong>H\u00fcrm\u00fcz Bo\u011faz\u0131&#8217;n\u0131n devam eden kapanmas\u0131yla<\/strong> birlikte, BM Proje Hizmetleri Ofisi, g\u00fcbre tedarikindeki aksakl\u0131\u011f\u0131n <em>k\u00fcresel bir insani felaketi tehdit etti\u011fi<\/em> konusunda uyard\u0131. Ajans\u0131n icra direkt\u00f6r\u00fc Jorge Moreira da Silva, denizdeki aksakl\u0131klar\u0131n milyonlar\u0131 a\u00e7l\u0131k ve k\u0131tl\u0131k d\u00f6ng\u00fcs\u00fcne itebilece\u011fi konusunda uyard\u0131.<\/p>\n<p>Silva, g\u00fcbre hammaddesi fiyatlar\u0131n\u0131n rekor seviyelere y\u00fckseldi\u011fini ve tedarik zincirlerini g\u00fcvence alt\u0131na almak i\u00e7in <strong>acil diplomatik eylem gerekti\u011fini<\/strong> vurgulad\u0131. Bu durum, b\u00f6lgedeki istikrars\u0131zl\u0131\u011f\u0131n k\u00fcresel \u00e7apta ne denli ciddi sonu\u00e7lar do\u011furabilece\u011finin bir g\u00f6stergesi.<\/p>\n<h2>\u0130ran&#8217;\u0131n Stratejik Diplomasisi ve Pakistan&#8217;\u0131n Rol\u00fc<\/h2>\n<p>\u0130ran&#8217;\u0131n Pakistan&#8217;a sundu\u011fu \u00e7er\u00e7eve spek\u00fclatif olsa da, Pakistanl\u0131 yetkililerin \u00e7ok fazla bilgi vermemesi ve diplomasinin kapal\u0131 kap\u0131lar ard\u0131nda y\u00fcr\u00fct\u00fclmesi nedeniyle detaylar net de\u011fil. Ancak Pakistan&#8217;a iletilen mesajlar\u0131n <strong>Washington&#8217;a, Washington&#8217;dan gelen mesajlar\u0131n ise \u0130ran&#8217;a Pakistan arac\u0131l\u0131\u011f\u0131yla ula\u015ft\u0131r\u0131ld\u0131\u011f\u0131<\/strong> biliniyor. \u015eu ana kadar dolayl\u0131 ileti\u015fim Pakistanl\u0131 arabulucular arac\u0131l\u0131\u011f\u0131yla ger\u00e7ekle\u015fiyor.<\/p>\n<p>D\u0131\u015fi\u015fleri Bakan\u0131 Araghchi&#8217;nin, Pakistan&#8217;dan ayr\u0131ld\u0131ktan sonra Umman&#8217;dan geri d\u00f6nmesi bekleniyor. Kendisiyle birlikte gelen heyet ise Tahran&#8217;da bulunuyor. Heyet, <em>\u0130ran h\u00fck\u00fcmetinden talimatlar alarak Pakistan&#8217;a geri d\u00f6necek<\/em> ve bu, g\u00f6r\u00fc\u015fmelerin gidi\u015fat\u0131 hakk\u0131nda net bir g\u00f6sterge sunacak.<\/p>\n<h2>\u0130srail&#8217;in Ate\u015fkes \u0130hlalleri ve Y\u0131k\u0131m Politikas\u0131<\/h2>\n<p>Ate\u015fkesin ba\u015flang\u0131c\u0131ndan bu yana, her iki taraf\u0131n da roket veya bomba at\u0131\u015flar\u0131n\u0131 durdurmad\u0131\u011f\u0131 g\u00f6r\u00fcl\u00fcyor. \u0130srail, &#8220;savunma operasyonlar\u0131&#8221; yapma hakk\u0131n\u0131 sakl\u0131 tuttu\u011funu belirtse de, <strong>i\u015fgal etti\u011fi b\u00f6lgelerdeki k\u00f6yleri sistematik olarak y\u0131k\u0131yor<\/strong>, patlay\u0131c\u0131lar, buldozerler ve top\u00e7u ate\u015fi kullan\u0131yor. Hizbullah, ba\u015flang\u0131\u00e7ta roket at\u0131\u015flar\u0131na bu y\u0131k\u0131mlara yan\u0131t olarak ba\u015flad\u0131\u011f\u0131n\u0131 belirtmi\u015fti.<\/p>\n<p>Netanyahu&#8217;nun d\u00fcn yay\u0131nlad\u0131\u011f\u0131 a\u00e7\u0131klamada, Hizbullah&#8217;\u0131n roketlerine L\u00fcbnan&#8217;\u0131n daha derinlerine ate\u015f a\u00e7arak yan\u0131t verdi\u011fini s\u00f6ylemesi, ate\u015fkesin asl\u0131nda bir \u00e7at\u0131\u015fmas\u0131zl\u0131k durumu olmad\u0131\u011f\u0131n\u0131, aksine <em>daha fazla t\u0131rmanmaya do\u011fru gitti\u011fini<\/em> g\u00f6steriyor.<\/p>\n<h2>\u0130ran&#8217;da \u0130nternet K\u0131s\u0131tlamalar\u0131 ve D\u0131\u015f Bask\u0131lar<\/h2>\n<p>\u0130nternet izleme kurulu\u015fu NetBlocks, \u0130ran&#8217;daki internet kesintisinin &#8220;58. g\u00fcn\u00fcne girdi\u011fini ve dokuzuncu haftay\u0131 geride b\u0131rakt\u0131\u011f\u0131n\u0131&#8221; bildirdi. K\u0131s\u0131tlamalar, Ocak ay\u0131 ba\u015flar\u0131nda yeniden ba\u015flayan h\u00fck\u00fcmet kar\u015f\u0131t\u0131 protestolar\u0131n ard\u0131ndan geldi ve <strong>\u015eubat sonunda ABD-\u0130srail&#8217;in \u0130ran&#8217;a kar\u015f\u0131 ba\u015flatt\u0131\u011f\u0131 sava\u015f\u0131n ard\u0131ndan yo\u011funla\u015ft\u0131<\/strong>. A\u011f\u0131r k\u0131s\u0131tlamalar, \u00fclke genelindeki i\u015fleri ve i\u015fletmeleri olumsuz etkiledi.<\/p>\n<h2>Denizcilik Kurulu\u015flar\u0131ndan ABD ve \u0130ran&#8217;a \u00c7a\u011fr\u0131: Seyr\u00fcsefer \u00d6zg\u00fcrl\u00fc\u011f\u00fc Vurgusu<\/h2>\n<p>\u00d6nde gelen bir denizcilik kurulu\u015fu, <strong>ABD ve \u0130ran&#8217;\u0131n ticari gemileri kar\u015f\u0131l\u0131kl\u0131 olarak ele ge\u00e7irmesini k\u0131nad\u0131<\/strong> ve m\u00fcrettebat\u0131n derhal serbest b\u0131rak\u0131lmas\u0131 \u00e7a\u011fr\u0131s\u0131nda bulundu. Uluslararas\u0131 Denizcilik Odas\u0131 denizcilik direkt\u00f6r\u00fc John Stawpert, Al Jazeera&#8217;ye verdi\u011fi r\u00f6portajda, denizcilerin &#8220;\u00f6zg\u00fcrce ve zul\u00fcm g\u00f6rmeden&#8221; i\u015flerini yapmalar\u0131na izin verilmesi gerekti\u011fini s\u00f6yledi.<\/p>\n<p>Stawpert, \u00f6rg\u00fct\u00fcn\u00fcn d\u00fcnya genelindeki ticari gemi sahipleri ve operat\u00f6rleri i\u00e7in en \u00fcst ticaret birli\u011fi oldu\u011funu belirterek, gemilerin ele ge\u00e7irilmesini <em>uluslararas\u0131 hukukta yer alan seyr\u00fcsefer \u00f6zg\u00fcrl\u00fc\u011f\u00fcne bir hakaret<\/em> olarak nitelendirdi. &#8220;T\u00fcm bu insanlar ticaret ta\u015f\u0131yor. Ve ger\u00e7ekten de, gemilerin nihayetinde siyasi ama\u00e7lar i\u00e7in, siyasi bir nokta kan\u0131tlamak i\u00e7in ele ge\u00e7irildi\u011fi bir duruma sahip olamay\u0131z&#8221; diyen Stawpert, \u00f6rg\u00fct\u00fcn\u00fcn d\u00fcnya ticaret filosunun yakla\u015f\u0131k y\u00fczde 80&#8217;ini temsil etti\u011fini belirtti. &#8220;Bunlar masum denizcilerdir ve esasen hapsedilme korkusu olmadan i\u015flerini yapmalar\u0131na izin verilmelidir.&#8221;<\/p>\n<h2>Gazeteci Amal Khalil&#8217;in \u015eehadeti ve Hesap Verebilirlik \u00c7a\u011fr\u0131s\u0131<\/h2>\n<p>Amal Khalil, 10 g\u00fcnl\u00fck ate\u015fkes s\u0131ras\u0131nda <strong>g\u00fcney L\u00fcbnan&#8217;da bir \u0130srail hava sald\u0131r\u0131s\u0131n\u0131 haber yaparken \u015fehit edildi<\/strong>. Bu y\u0131l L\u00fcbnan&#8217;da \u00f6ld\u00fcr\u00fclen dokuzuncu gazeteci oldu. L\u00fcbnan onu yas tutarken ve ate\u015fkesin uzat\u0131lmas\u0131 hakk\u0131nda g\u00f6r\u00fc\u015fmeler devam ederken, Al Jazeera&#8217;nin The Take program\u0131, \u00f6l\u00fcm\u00fcn\u00fcn <em>hesap verebilirlik beklentileri hakk\u0131nda ne s\u00f6yledi\u011fini<\/em> inceliyor. Bu trajik olay, i\u015fgalci g\u00fc\u00e7lerin gazetecilere y\u00f6nelik sald\u0131r\u0131lar\u0131n\u0131n kabul edilemezli\u011fini bir kez daha g\u00f6zler \u00f6n\u00fcne seriyor.<\/p>\n<p>#\u0130ranDiplomasisi #Pakistan #Ortado\u011fu #L\u00fcbnan #Hizbullah #\u0130srailSald\u0131rganl\u0131\u011f\u0131 #H\u00fcrm\u00fczBo\u011faz\u0131 #Gazeteci\u015eehitleri #K\u00fcreselG\u00fcvenlik #Ate\u015fkes\u0130hlalleri<\/p>\n","protected":false},"excerpt":{"rendered":"<p>\u0130ran&#8217;dan Ku\u015fatma \u015eartlar\u0131nda M\u00fczakere Yok Mesaj\u0131 \u0130ran&#8217;\u0131n \u00fcst d\u00fczey diplomat\u0131 Abbas Araghchi, Umman Sultan\u0131 ile bir araya gelerek b\u00f6lgesel geli\u015fmeleri ve ABD-\u0130srail sava\u015f\u0131n\u0131n kal\u0131c\u0131 bir \u015fekilde sona erdirilmesi \u00e7abalar\u0131n\u0131 ele ald\u0131. Araghchi&#8217;nin, d\u00fcn Pakistanl\u0131 yetkililerle \u00fcst d\u00fczey g\u00f6r\u00fc\u015fmeler yapt\u0131\u011f\u0131 ve \u0130ran&#8217;\u0131n bir \u00e7\u00f6z\u00fcm i\u00e7in ko\u015fullar\u0131n\u0131 iletti\u011fi \u0130slamabad&#8217;a d\u00f6nmesi bekleniyor. Bu kritik temaslar, \u0130ran&#8217;\u0131n b\u00f6lgedeki diplomatik [&hellip;]<\/p>\n","protected":false},"author":2,"featured_media":9620,"comment_status":"open","ping_status":"open","sticky":false,"template":"","format":"standard","meta":{"footnotes":""},"categories":[37],"tags":[],"class_list":["post-9619","post","type-post","status-publish","format-standard","has-post-thumbnail","hentry","category-orta-dogu-haberleri"],"_links":{"self":[{"href":"https:\/\/fajr.news\/index.php?rest_route=\/wp\/v2\/posts\/9619","targetHints":{"allow":["GET"]}}],"collection":[{"href":"https:\/\/fajr.news\/index.php?rest_route=\/wp\/v2\/posts"}],"about":[{"href":"https:\/\/fajr.news\/index.php?rest_route=\/wp\/v2\/types\/post"}],"author":[{"embeddable":true,"href":"https:\/\/fajr.news\/index.php?rest_route=\/wp\/v2\/users\/2"}],"replies":[{"embeddable":true,"href":"https:\/\/fajr.news\/index.php?rest_route=%2Fwp%2Fv2%2Fcomments&post=9619"}],"version-history":[{"count":0,"href":"https:\/\/fajr.news\/index.php?rest_route=\/wp\/v2\/posts\/9619\/revisions"}],"wp:featuredmedia":[{"embeddable":true,"href":"https:\/\/fajr.news\/index.php?rest_route=\/wp\/v2\/media\/9620"}],"wp:attachment":[{"href":"https:\/\/fajr.news\/index.php?rest_route=%2Fwp%2Fv2%2Fmedia&parent=9619"}],"wp:term":[{"taxonomy":"category","embeddable":true,"href":"https:\/\/fajr.news\/index.php?rest_route=%2Fwp%2Fv2%2Fcategories&post=9619"},{"taxonomy":"post_tag","embeddable":true,"href":"https:\/\/fajr.news\/index.php?rest_route=%2Fwp%2Fv2%2Ftags&post=9619"}],"curies":[{"name":"wp","href":"https:\/\/api.w.org\/{rel}","templated":true}]}}