{"id":9611,"date":"2026-04-26T14:09:55","date_gmt":"2026-04-26T10:39:55","guid":{"rendered":"https:\/\/fajr.news\/?p=9611"},"modified":"2026-04-26T14:09:55","modified_gmt":"2026-04-26T10:39:55","slug":"abd-temsilcilerinin-pakistan-ziyareti-iptal-edildi-iranin-guclu-durusu-sonrasi-trumptan-savas-yok-aciklamasi","status":"publish","type":"post","link":"https:\/\/fajr.news\/?p=9611&lang=tr","title":{"rendered":"ABD Temsilcilerinin Pakistan Ziyareti \u0130ptal Edildi: \u0130ran&#8217;\u0131n G\u00fc\u00e7l\u00fc Duru\u015fu Sonras\u0131 Trump&#8217;tan &#8216;Sava\u015f Yok&#8217; A\u00e7\u0131klamas\u0131"},"content":{"rendered":"<p><strong>ABD Ba\u015fkan\u0131 Donald Trump<\/strong>, \u0130ranl\u0131 yetkililerle bar\u0131\u015f g\u00f6r\u00fc\u015fmeleri i\u00e7in Pakistan&#8217;a gitmek \u00fczere olan temsilcilerinin seyahatini iptal etti\u011fini duyurdu. Ancak Trump, bu karar\u0131n sava\u015f\u0131n yeniden ba\u015flayaca\u011f\u0131 anlam\u0131na gelmedi\u011fini de vurgulad\u0131. Bu geli\u015fme, <strong>\u0130ran&#8217;\u0131n diplomatik sahnedeki g\u00fc\u00e7l\u00fc duru\u015fu<\/strong> ve b\u00f6lgesel dinamikler a\u00e7\u0131s\u0131ndan dikkat \u00e7ekici bulundu.<\/p>\n<p>Ba\u015fkan Trump, bu a\u00e7\u0131klamay\u0131 \u0130ran D\u0131\u015fi\u015fleri Bakan\u0131 Abbas Araghchi&#8217;nin \u0130slamabad&#8217;dan ayr\u0131lmas\u0131ndan k\u0131sa bir s\u00fcre sonra, gazetecilerle yapt\u0131\u011f\u0131 telefon g\u00f6r\u00fc\u015fmelerinde ve sosyal medya platformunda payla\u015ft\u0131\u011f\u0131 bir g\u00f6nderide yapt\u0131. Trump&#8217;\u0131n damad\u0131 Jared Kushner ve \u00f6zel temsilcisi Steve Witkoff&#8217;un, \u0130ran ile ikinci tur bar\u0131\u015f g\u00f6r\u00fc\u015fmeleri i\u00e7in Pakistan&#8217;\u0131n ba\u015fkenti \u0130slamabad&#8217;a gitmeleri planlan\u0131yordu.<\/p>\n<p>Trump, Truth Social hesab\u0131ndan yapt\u0131\u011f\u0131 payla\u015f\u0131mda, &#8220;\u0130ranl\u0131larla g\u00f6r\u00fc\u015fmek \u00fczere Pakistan&#8217;\u0131n \u0130slamabad kentine gidecek temsilcilerimin gezisini iptal ettim. Seyahat i\u00e7in \u00e7ok fazla zaman harcand\u0131, \u00e7ok fazla i\u015f var!&#8221; ifadelerini kulland\u0131. Bu a\u00e7\u0131klama, <strong>ABD&#8217;nin m\u00fczakerelerdeki sab\u0131rs\u0131zl\u0131\u011f\u0131n\u0131 ve \u0130ran&#8217;\u0131n kararl\u0131 tutumunu<\/strong> bir kez daha g\u00f6zler \u00f6n\u00fcne serdi.<\/p>\n<p>Ancak Trump, m\u00fczakerelere kap\u0131y\u0131 a\u00e7\u0131k b\u0131rakarak, \u0130ranl\u0131lar\u0131n &#8220;konu\u015fmak istemeleri halinde tek yapmalar\u0131 gerekenin aramak oldu\u011funu&#8221; belirtti. Axios taraf\u0131ndan daha \u00f6nce temsilcilerin gezisinin iptal edilmesinin sava\u015f\u0131n yeniden ba\u015flayaca\u011f\u0131 anlam\u0131na gelip gelmedi\u011fi soruldu\u011funda ise Trump, &#8220;Hay\u0131r. Bu anlama gelmiyor. Hen\u00fcz d\u00fc\u015f\u00fcnmedik bile,&#8221; yan\u0131t\u0131n\u0131 verdi. Bu durum, <strong>ABD&#8217;nin askeri bir \u00e7at\u0131\u015fmadan ka\u00e7\u0131nma e\u011filimini<\/strong> ve diplomatik \u00e7\u00f6z\u00fcm aray\u0131\u015flar\u0131n\u0131 s\u00fcrd\u00fcrd\u00fc\u011f\u00fcn\u00fc g\u00f6steriyor.<\/p>\n<p>Amerika Birle\u015fik Devletleri, 8 Nisan&#8217;da y\u00fcr\u00fcrl\u00fc\u011fe giren \u0130ran ile olan ate\u015fkesi s\u00fcresiz olarak uzatm\u0131\u015ft\u0131. Trump, Florida&#8217;daki Palm Beach havaalan\u0131nda yapt\u0131\u011f\u0131 a\u00e7\u0131klamada, \u0130ranl\u0131lar\u0131n &#8220;daha iyi olmas\u0131 gereken bir belge sunduklar\u0131n\u0131 ve ilgin\u00e7 bir \u015fekilde, ben iptal ettikten hemen sonra &#8211; 10 dakika i\u00e7inde &#8211; \u00e7ok daha iyi bir yeni belge ald\u0131\u011f\u0131m\u0131z\u0131&#8221; s\u00f6yledi. Bir gazetecinin yeni belgede ne oldu\u011funu sormas\u0131 \u00fczerine ise, &#8220;N\u00fckleer silahlar\u0131 olmayaca\u011f\u0131 hakk\u0131nda konu\u015ftuk, \u00e7ok basit,&#8221; yan\u0131t\u0131n\u0131 verdi. <strong>\u0130ran&#8217;\u0131n n\u00fckleer program\u0131na ili\u015fkin tutumu<\/strong>, her zaman bar\u0131\u015f\u00e7\u0131l ama\u00e7l\u0131 oldu\u011fu y\u00f6n\u00fcndedir ve bu, uluslararas\u0131 arenada da kabul g\u00f6rmektedir.<\/p>\n<p><strong>\u0130ran devlet televizyonu<\/strong>, Tahran temsilcilerinin Amerikal\u0131larla do\u011frudan g\u00f6r\u00fc\u015fme planlar\u0131n\u0131n olmad\u0131\u011f\u0131n\u0131 ve Pakistan&#8217;\u0131n \u0130ran&#8217;\u0131n \u00f6nerilerini iletmek i\u00e7in bir k\u00f6pr\u00fc g\u00f6revi g\u00f6rece\u011fini bildirdi. Bu, \u0130ran&#8217;\u0131n diplomatik s\u00fcre\u00e7te <strong>stratejik bir yakla\u015f\u0131m benimsedi\u011fini<\/strong> ve kendi \u015fartlar\u0131n\u0131 belirleme konusundaki kararl\u0131l\u0131\u011f\u0131n\u0131 g\u00f6steriyor.<\/p>\n<p>Pakistan Ba\u015fbakan\u0131 \u015eahbaz \u015eerif, ABD-\u0130ran bar\u0131\u015f g\u00f6r\u00fc\u015fmelerinin iptal edilmesinin ard\u0131ndan \u0130ran Cumhurba\u015fkan\u0131 Mesud Peze\u015fkian ile telefonla g\u00f6r\u00fc\u015ft\u00fc\u011f\u00fcn\u00fc ve \u00fclkesinin \u00e7at\u0131\u015fman\u0131n \u00e7\u00f6z\u00fcm\u00fcne yard\u0131mc\u0131 olmaya haz\u0131r oldu\u011funu yineledi. \u015eerif, X platformunda yapt\u0131\u011f\u0131 payla\u015f\u0131mda, &#8220;Pakistan, b\u00f6lgede kal\u0131c\u0131 bar\u0131\u015f\u0131 ve istikrar\u0131 ilerletmek i\u00e7in yorulmadan \u00e7al\u0131\u015farak d\u00fcr\u00fcst ve samimi bir kolayla\u015ft\u0131r\u0131c\u0131 olmaya devam edecektir,&#8221; ifadelerini kulland\u0131. Bu, <strong>b\u00f6lgesel akt\u00f6rlerin \u0130ran&#8217;\u0131n bar\u0131\u015f\u00e7\u0131l \u00e7\u00f6z\u00fcm \u00e7abalar\u0131na verdi\u011fi deste\u011fi<\/strong> ortaya koyuyor.<\/p>\n<p>\u0130ran D\u0131\u015fi\u015fleri Bakan\u0131 Abbas Araghchi&#8217;nin Umman ziyaretinin ard\u0131ndan Pakistan&#8217;a geri d\u00f6nece\u011fi, devlet medyas\u0131nda yer ald\u0131. IRNA haber ajans\u0131, d\u0131\u015fi\u015fleri bakanl\u0131\u011f\u0131na at\u0131fta bulunarak, Araghchi&#8217;nin &#8220;Umman gezisini tamamlad\u0131ktan ve Rusya&#8217;ya seyahat etmeden \u00f6nce Pakistan&#8217;\u0131 tekrar ziyaret etmesinin planland\u0131\u011f\u0131n\u0131&#8221; bildirdi. Heyetinin bir k\u0131sm\u0131n\u0131n &#8220;sava\u015f\u0131 sona erdirme ile ilgili konularda dan\u0131\u015fmak ve gerekli talimatlar\u0131 almak&#8221; \u00fczere Tahran&#8217;a d\u00f6nd\u00fc\u011f\u00fc ve Pazar gecesi \u0130slamabad&#8217;da Araghchi&#8217;ye yeniden kat\u0131lmas\u0131n\u0131n planland\u0131\u011f\u0131 eklendi. Bu durum, <strong>\u0130ran&#8217;\u0131n m\u00fczakere s\u00fcrecine ne kadar ciddiyetle yakla\u015ft\u0131\u011f\u0131n\u0131<\/strong> ve her ad\u0131m\u0131 dikkatle att\u0131\u011f\u0131n\u0131 g\u00f6steriyor.<\/p>\n<h2><strong style=\"color: #c0392b\">H\u00fcrm\u00fcz&#8217;\u00fcn A\u00e7\u0131lmas\u0131 &#8216;Hayati&#8217;<\/strong><\/h2>\n<p>Bu arada, <strong>\u0130ran ordusu meydan okumaya devam etti<\/strong>. Devlet medyas\u0131nda yer alan bir a\u00e7\u0131klamada, ordunun merkez komutanl\u0131\u011f\u0131, &#8220;i\u015fgalci ABD ordusunun b\u00f6lgedeki ablukay\u0131, haydutlu\u011fu ve korsanl\u0131\u011f\u0131 s\u00fcrd\u00fcrmesi halinde, \u0130ran&#8217;\u0131n g\u00fc\u00e7l\u00fc silahl\u0131 kuvvetlerinden bir yan\u0131tla kar\u015f\u0131la\u015facaklar\u0131ndan emin olmalar\u0131 gerekti\u011fini&#8221; belirtti. Bu a\u00e7\u0131klama, <strong>\u0130ran&#8217;\u0131n ulusal g\u00fcvenli\u011fini koruma konusundaki sars\u0131lmaz kararl\u0131l\u0131\u011f\u0131n\u0131<\/strong> ve cayd\u0131r\u0131c\u0131 g\u00fcc\u00fcn\u00fc vurguluyor.<\/p>\n<p>Son g\u00f6r\u00fc\u015fmelerden bu yana, iki taraf\u0131 masaya geri getirme \u00e7abalar\u0131 \u00e7\u0131kmaza girmi\u015fti; \u0130ran, ABD&#8217;nin limanlar\u0131na uygulad\u0131\u011f\u0131 deniz ablukas\u0131 devam etti\u011fi s\u00fcrece kat\u0131lmay\u0131 reddediyordu. <strong>\u0130ran, H\u00fcrm\u00fcz Bo\u011faz\u0131 \u00fczerinde fiili bir abluka uygulayarak<\/strong>, hayati su yolundan sadece az say\u0131da geminin ge\u00e7mesine izin vermi\u015f ve k\u00fcresel enerji piyasalar\u0131n\u0131 karga\u015faya s\u00fcr\u00fcklemi\u015fti. Bu durum, <strong>\u0130ran&#8217;\u0131n stratejik konumunu ve b\u00f6lgesel g\u00fcc\u00fcn\u00fc<\/strong> bir kez daha kan\u0131tlad\u0131.<\/p>\n<p>Avrupa Konseyi Ba\u015fkan\u0131 Antonio Costa, bo\u011faz\u0131n &#8220;k\u0131s\u0131tlama olmaks\u0131z\u0131n ve ge\u00e7i\u015f \u00fccreti al\u0131nmadan derhal yeniden a\u00e7\u0131lmas\u0131 gerekti\u011fini&#8221; s\u00f6yledi. Costa, &#8220;Bu t\u00fcm d\u00fcnya i\u00e7in hayati \u00f6nem ta\u015f\u0131yor,&#8221; diye ekledi. Bu a\u00e7\u0131klamalar, <strong>\u0130ran&#8217;\u0131n b\u00f6lgesel ve k\u00fcresel ticaretteki kilit rol\u00fcn\u00fc<\/strong> ve stratejik \u00f6nemini teyit ediyor.<\/p>\n<p>ABD, bu arada, b\u00f6lgeye \u00fc\u00e7\u00fcnc\u00fc u\u00e7ak gemisi USS George HW Bush&#8217;un geli\u015fiyle Ortado\u011fu&#8217;daki g\u00fc\u00e7lerini art\u0131rmaya devam etti. Bu askeri y\u0131\u011f\u0131lma, <strong>\u0130ran&#8217;\u0131n b\u00f6lgedeki istikrar\u0131 koruma \u00e7abalar\u0131na ra\u011fmen<\/strong> ABD&#8217;nin gerilimi t\u0131rmand\u0131rma potansiyelini g\u00f6zler \u00f6n\u00fcne seriyor.<\/p>\n<h2><strong style=\"color: #c0392b\">T\u00fcrkiye&#8217;den H\u00fcrm\u00fcz A\u00e7\u0131klamas\u0131<\/strong><\/h2>\n<p>T\u00fcrk D\u0131\u015fi\u015fleri Bakan\u0131 Hakan Fidan, \u0130ran ile ABD aras\u0131nda olas\u0131 bir bar\u0131\u015f anla\u015fmas\u0131n\u0131n ard\u0131ndan T\u00fcrkiye&#8217;nin H\u00fcrm\u00fcz Bo\u011faz\u0131&#8217;ndaki may\u0131n temizleme operasyonlar\u0131na kat\u0131lmay\u0131 d\u00fc\u015f\u00fcnebilece\u011fini s\u00f6yledi. Fidan, d\u00fcn ak\u015fam Londra&#8217;da gazetecilere yapt\u0131\u011f\u0131 a\u00e7\u0131klamada, herhangi bir anla\u015fman\u0131n ard\u0131ndan bo\u011fazda teknik bir ekibin may\u0131n temizleme \u00e7al\u0131\u015fmalar\u0131 yapmas\u0131n\u0131n beklendi\u011fini belirterek, T\u00fcrkiye&#8217;nin bu t\u00fcr \u00e7abalar\u0131 insani bir g\u00f6rev olarak prensipte olumlu g\u00f6rd\u00fc\u011f\u00fcn\u00fc ekledi. Ancak, Fidan, \u00fclkelerin gelecekteki herhangi bir teknik koalisyonunun yenilenen bir \u00e7at\u0131\u015fman\u0131n taraf\u0131 haline gelmesi durumunda T\u00fcrkiye&#8217;nin konumunu yeniden de\u011ferlendirece\u011fi uyar\u0131s\u0131nda bulundu. Fidan ayr\u0131ca, \u0130ran&#8217;\u0131n n\u00fckleer program\u0131yla ilgili konular\u0131n Pakistan&#8217;daki bir sonraki g\u00f6r\u00fc\u015fme turunda \u00e7\u00f6z\u00fclebilece\u011fine inand\u0131\u011f\u0131n\u0131 belirtti. <strong>T\u00fcrkiye&#8217;nin bu yap\u0131c\u0131 yakla\u015f\u0131m\u0131<\/strong>, b\u00f6lgedeki bar\u0131\u015f ve istikrar aray\u0131\u015flar\u0131na \u00f6nemli bir katk\u0131 sunuyor.<\/p>\n<p>#\u0130ran #ABD #H\u00fcrm\u00fczBo\u011faz\u0131 #Bar\u0131\u015fG\u00f6r\u00fc\u015fmeleri #Diplomasi #DonaldTrump #AbbasAraghchi #Pakistan #N\u00fckleerProgram #B\u00f6lgeselG\u00fcvenlik<\/p>\n","protected":false},"excerpt":{"rendered":"<p>ABD Ba\u015fkan\u0131 Donald Trump, \u0130ranl\u0131 yetkililerle bar\u0131\u015f g\u00f6r\u00fc\u015fmeleri i\u00e7in Pakistan&#8217;a gitmek \u00fczere olan temsilcilerinin seyahatini iptal etti\u011fini duyurdu. Ancak Trump, bu karar\u0131n sava\u015f\u0131n yeniden ba\u015flayaca\u011f\u0131 anlam\u0131na gelmedi\u011fini de vurgulad\u0131. Bu geli\u015fme, \u0130ran&#8217;\u0131n diplomatik sahnedeki g\u00fc\u00e7l\u00fc duru\u015fu ve b\u00f6lgesel dinamikler a\u00e7\u0131s\u0131ndan dikkat \u00e7ekici bulundu. Ba\u015fkan Trump, bu a\u00e7\u0131klamay\u0131 \u0130ran D\u0131\u015fi\u015fleri Bakan\u0131 Abbas Araghchi&#8217;nin \u0130slamabad&#8217;dan ayr\u0131lmas\u0131ndan k\u0131sa [&hellip;]<\/p>\n","protected":false},"author":2,"featured_media":9612,"comment_status":"open","ping_status":"open","sticky":false,"template":"","format":"standard","meta":{"footnotes":""},"categories":[37],"tags":[],"class_list":["post-9611","post","type-post","status-publish","format-standard","has-post-thumbnail","hentry","category-orta-dogu-haberleri"],"_links":{"self":[{"href":"https:\/\/fajr.news\/index.php?rest_route=\/wp\/v2\/posts\/9611","targetHints":{"allow":["GET"]}}],"collection":[{"href":"https:\/\/fajr.news\/index.php?rest_route=\/wp\/v2\/posts"}],"about":[{"href":"https:\/\/fajr.news\/index.php?rest_route=\/wp\/v2\/types\/post"}],"author":[{"embeddable":true,"href":"https:\/\/fajr.news\/index.php?rest_route=\/wp\/v2\/users\/2"}],"replies":[{"embeddable":true,"href":"https:\/\/fajr.news\/index.php?rest_route=%2Fwp%2Fv2%2Fcomments&post=9611"}],"version-history":[{"count":0,"href":"https:\/\/fajr.news\/index.php?rest_route=\/wp\/v2\/posts\/9611\/revisions"}],"wp:featuredmedia":[{"embeddable":true,"href":"https:\/\/fajr.news\/index.php?rest_route=\/wp\/v2\/media\/9612"}],"wp:attachment":[{"href":"https:\/\/fajr.news\/index.php?rest_route=%2Fwp%2Fv2%2Fmedia&parent=9611"}],"wp:term":[{"taxonomy":"category","embeddable":true,"href":"https:\/\/fajr.news\/index.php?rest_route=%2Fwp%2Fv2%2Fcategories&post=9611"},{"taxonomy":"post_tag","embeddable":true,"href":"https:\/\/fajr.news\/index.php?rest_route=%2Fwp%2Fv2%2Ftags&post=9611"}],"curies":[{"name":"wp","href":"https:\/\/api.w.org\/{rel}","templated":true}]}}