{"id":9603,"date":"2026-04-26T14:03:50","date_gmt":"2026-04-26T10:33:50","guid":{"rendered":"https:\/\/fajr.news\/?p=9603"},"modified":"2026-04-26T14:03:50","modified_gmt":"2026-04-26T10:33:50","slug":"iran-son-dakika-clay-travis-ile-outkick-the-show","status":"publish","type":"post","link":"https:\/\/fajr.news\/?p=9603&lang=tr","title":{"rendered":"\u0130ran Son Dakika | Clay Travis ile OutKick The Show"},"content":{"rendered":"<p>Sabah Programlar\u0131 ve Canl\u0131 Yay\u0131n Ak\u0131\u015f\u0131<\/p>\n<p>\u0130\u015fte bug\u00fcnk\u00fc sabah ku\u015fa\u011f\u0131 programlar\u0131 ve kesintisiz canl\u0131 yay\u0131n se\u00e7enekleri:<\/p>\n<p>**Program Takvimi:**<\/p>\n<p>*   \u015eu Anda &#8211; 07:00<br \/>\n*   07:00<br \/>\n*   07:30<br \/>\n*   08:00<br \/>\n*   08:30<\/p>\n<p>**Fox &amp; Friends Hafta Sonu:**<br \/>\n*   06:00 &#8211; 07:00 (\u0130zle)<br \/>\n*   07:00 &#8211; 08:00 (\u0130zle)<br \/>\n*   08:00 &#8211; 09:00 (\u0130zle)<\/p>\n<p>**Hava Durumu Komuta Hafta Sonu:**<br \/>\n*   06:00 &#8211; 07:00 (\u0130zle)<br \/>\n*   07:00 &#8211; 08:00 (\u0130zle)<br \/>\n*   08:00 &#8211; 09:00 (\u0130zle)<\/p>\n<p>**Canl\u0131 Yay\u0131nlar:**<br \/>\n*   Fox Hava Durumu (Canl\u0131 \u0130zle)<br \/>\n*   FOX Haber Radyosu Canl\u0131 Kanal Kapsam\u0131 (Canl\u0131 \u0130zle)<br \/>\n*   Fox Hava Durumu (Canl\u0131 \u0130zle)<\/p>\n<p>#TVProgram\u0131 #Yay\u0131nAk\u0131\u015f\u0131 #FoxNews #HaftaSonuProgramlar\u0131 #Canl\u0131Yay\u0131n #HavaDurumu #\u0130ranGeli\u015fmeleri #ClayTravis #SabahHaberleri #Medya<\/p>\n","protected":false},"excerpt":{"rendered":"<p>Sabah Programlar\u0131 ve Canl\u0131 Yay\u0131n Ak\u0131\u015f\u0131 \u0130\u015fte bug\u00fcnk\u00fc sabah ku\u015fa\u011f\u0131 programlar\u0131 ve kesintisiz canl\u0131 yay\u0131n se\u00e7enekleri: **Program Takvimi:** * \u015eu Anda &#8211; 07:00 * 07:00 * 07:30 * 08:00 * 08:30 **Fox &amp; Friends Hafta Sonu:** * 06:00 &#8211; 07:00 (\u0130zle) * 07:00 &#8211; 08:00 (\u0130zle) * 08:00 &#8211; 09:00 (\u0130zle) **Hava Durumu Komuta Hafta [&hellip;]<\/p>\n","protected":false},"author":2,"featured_media":9604,"comment_status":"open","ping_status":"open","sticky":false,"template":"","format":"standard","meta":{"footnotes":""},"categories":[31],"tags":[],"class_list":["post-9603","post","type-post","status-publish","format-standard","has-post-thumbnail","hentry","category-iran-haberleri"],"_links":{"self":[{"href":"https:\/\/fajr.news\/index.php?rest_route=\/wp\/v2\/posts\/9603","targetHints":{"allow":["GET"]}}],"collection":[{"href":"https:\/\/fajr.news\/index.php?rest_route=\/wp\/v2\/posts"}],"about":[{"href":"https:\/\/fajr.news\/index.php?rest_route=\/wp\/v2\/types\/post"}],"author":[{"embeddable":true,"href":"https:\/\/fajr.news\/index.php?rest_route=\/wp\/v2\/users\/2"}],"replies":[{"embeddable":true,"href":"https:\/\/fajr.news\/index.php?rest_route=%2Fwp%2Fv2%2Fcomments&post=9603"}],"version-history":[{"count":0,"href":"https:\/\/fajr.news\/index.php?rest_route=\/wp\/v2\/posts\/9603\/revisions"}],"wp:featuredmedia":[{"embeddable":true,"href":"https:\/\/fajr.news\/index.php?rest_route=\/wp\/v2\/media\/9604"}],"wp:attachment":[{"href":"https:\/\/fajr.news\/index.php?rest_route=%2Fwp%2Fv2%2Fmedia&parent=9603"}],"wp:term":[{"taxonomy":"category","embeddable":true,"href":"https:\/\/fajr.news\/index.php?rest_route=%2Fwp%2Fv2%2Fcategories&post=9603"},{"taxonomy":"post_tag","embeddable":true,"href":"https:\/\/fajr.news\/index.php?rest_route=%2Fwp%2Fv2%2Ftags&post=9603"}],"curies":[{"name":"wp","href":"https:\/\/api.w.org\/{rel}","templated":true}]}}