{"id":9595,"date":"2026-04-26T13:59:05","date_gmt":"2026-04-26T10:29:05","guid":{"rendered":"https:\/\/fajr.news\/?p=9595"},"modified":"2026-04-26T13:59:05","modified_gmt":"2026-04-26T10:29:05","slug":"bricse-hangi-orta-dogu-ulkeleri-uye","status":"publish","type":"post","link":"https:\/\/fajr.news\/?p=9595&lang=tr","title":{"rendered":"BRICS&#8217;e Hangi Orta Do\u011fu \u00dclkeleri \u00dcye?"},"content":{"rendered":"<p>BRICS, k\u00fcresel ekonomide y\u00fckselen g\u00fc\u00e7leri bir araya getiren \u00f6nemli bir uluslararas\u0131 platformdur. Son d\u00f6nemde geni\u015flemesiyle dikkat \u00e7eken bu olu\u015fuma Orta Do\u011fu&#8217;dan da \u00f6nemli \u00fclkeler kat\u0131ld\u0131. Peki, BRICS&#8217;in Orta Do\u011fu&#8217;daki \u00fcyeleri kimler?<\/p>\n<p>2024-2025 itibar\u0131yla, BRICS&#8217;in tam \u00fcyesi olan Orta Do\u011fu \u00fclkeleri aras\u0131nda \u0130ran, Suudi Arabistan, Birle\u015fik Arap Emirlikleri (BAE) ve M\u0131s\u0131r bulunmaktad\u0131r. Bu \u00fclkeler, Etiyopya ve Endonezya ile birlikte, A\u011fustos 2023&#8217;teki zirvede BRICS blo\u011funa tam \u00fcye olarak kat\u0131lmaya davet edilmi\u015f ve 1 Ocak 2024&#8217;ten itibaren \u00fcyelikleri resmen ba\u015flam\u0131\u015ft\u0131r. Ancak, davet edilen alt\u0131 \u00fclke aras\u0131nda yer alan Arjantin&#8217;in 2023 sonunda \u00fcyelikten \u00e7ekildi\u011fi bildirilmi\u015ftir. Endonezya ise Ocak 2025&#8217;te kat\u0131larak \u00fcye say\u0131s\u0131n\u0131 art\u0131rm\u0131\u015ft\u0131r.<\/p>\n<p>B\u00f6ylece BRICS, \u015fu anda on bir \u00fclkeden olu\u015fmaktad\u0131r: Brezilya, Rusya, Hindistan, \u00c7in ve G\u00fcney Afrika (kurucu \u00fcyeler) ile M\u0131s\u0131r, Etiyopya, Endonezya, \u0130ran, Suudi Arabistan ve Birle\u015fik Arap Emirlikleri (yeni \u00fcyeler).<\/p>\n<p>BRICS&#8217;in Orta Do\u011fu ve Kuzey Afrika (BRICS MENA) D\u0131\u015fi\u015fleri Bakan Yard\u0131mc\u0131lar\u0131 ve \u00d6zel Temsilcileri toplant\u0131s\u0131, 23-24 Nisan 2026 tarihlerinde Hindistan&#8217;\u0131n ba\u015fkenti Yeni Delhi&#8217;de ger\u00e7ekle\u015ftirildi. Hindistan&#8217;\u0131n ba\u015fkanl\u0131k etti\u011fi bu toplant\u0131da, Orta Do\u011fu&#8217;daki son \u00e7at\u0131\u015fmalar, Filistin meselesi, Gazze&#8217;deki durum ve insani yard\u0131m\u0131n sa\u011flanmas\u0131 gibi kritik konular ele al\u0131nd\u0131. Birle\u015fmi\u015f Milletler Filistinli M\u00fcltecilere Yard\u0131m ve Bay\u0131nd\u0131rl\u0131k Ajans\u0131&#8217;n\u0131n (UNRWA) rol\u00fc ve ter\u00f6re kar\u015f\u0131 s\u0131f\u0131r tolerans yakla\u015f\u0131m\u0131 da vurgulanan ba\u015fl\u0131klar aras\u0131ndayd\u0131.<\/p>\n<p>Toplant\u0131da ayr\u0131ca L\u00fcbnan&#8217;daki ate\u015fkesin memnuniyetle kar\u015f\u0131land\u0131\u011f\u0131, UNIFIL&#8217;e y\u00f6nelik sald\u0131r\u0131lar\u0131n kabul edilemez oldu\u011fu belirtildi. Suriye&#8217;de \u00e7at\u0131\u015fma sonras\u0131 yeniden yap\u0131lanma, Yemen&#8217;de siyasi \u00e7\u00f6z\u00fcm, Irak&#8217;ta istikrar ve kalk\u0131nma, Libya&#8217;da siyasi s\u00fcre\u00e7 ve Sudan&#8217;daki insani krizin ele al\u0131nmas\u0131 gibi b\u00f6lgesel konular da g\u00f6r\u00fc\u015f\u00fcld\u00fc.<\/p>\n<p>BRICS, ilk olarak 2006 y\u0131l\u0131nda Birle\u015fmi\u015f Milletler Genel Kurulu (UNGA) toplant\u0131s\u0131 marj\u0131nda yap\u0131lan BRIC D\u0131\u015fi\u015fleri Bakanlar\u0131 toplant\u0131s\u0131nda ortaya \u00e7\u0131kan bir h\u00fck\u00fcmetler aras\u0131 kurulu\u015ftur. \u0130lk BRIC Zirvesi 16 Haziran 2009&#8217;da Rusya&#8217;da yap\u0131ld\u0131. G\u00fcney Afrika&#8217;n\u0131n 2011&#8217;de kat\u0131lmas\u0131yla BRIC, resmen BRICS&#8217;e d\u00f6n\u00fc\u015ft\u00fc. Goldman Sachs ekonomisti Jim O&#8217;Neill taraf\u0131ndan 2001 y\u0131l\u0131nda h\u0131zl\u0131 b\u00fcy\u00fcyen ekonomileri tan\u0131mlamak i\u00e7in ortaya at\u0131lan BRICS kavram\u0131, Brezilya, Rusya, Hindistan, \u00c7in ve G\u00fcney Afrika&#8217;n\u0131n ba\u015f harflerinden olu\u015fmaktad\u0131r.<\/p>\n<p>#BRICS #OrtaDo\u011fu #\u0130ran #SuudiArabistan #BAE #M\u0131s\u0131r #K\u00fcreselEkonomi #Uluslararas\u0131\u0130li\u015fkiler #Filistin #Gazze<\/p>\n","protected":false},"excerpt":{"rendered":"<p>BRICS, k\u00fcresel ekonomide y\u00fckselen g\u00fc\u00e7leri bir araya getiren \u00f6nemli bir uluslararas\u0131 platformdur. Son d\u00f6nemde geni\u015flemesiyle dikkat \u00e7eken bu olu\u015fuma Orta Do\u011fu&#8217;dan da \u00f6nemli \u00fclkeler kat\u0131ld\u0131. Peki, BRICS&#8217;in Orta Do\u011fu&#8217;daki \u00fcyeleri kimler? 2024-2025 itibar\u0131yla, BRICS&#8217;in tam \u00fcyesi olan Orta Do\u011fu \u00fclkeleri aras\u0131nda \u0130ran, Suudi Arabistan, Birle\u015fik Arap Emirlikleri (BAE) ve M\u0131s\u0131r bulunmaktad\u0131r. Bu \u00fclkeler, Etiyopya ve [&hellip;]<\/p>\n","protected":false},"author":2,"featured_media":9596,"comment_status":"open","ping_status":"open","sticky":false,"template":"","format":"standard","meta":{"footnotes":""},"categories":[37],"tags":[],"class_list":["post-9595","post","type-post","status-publish","format-standard","has-post-thumbnail","hentry","category-orta-dogu-haberleri"],"_links":{"self":[{"href":"https:\/\/fajr.news\/index.php?rest_route=\/wp\/v2\/posts\/9595","targetHints":{"allow":["GET"]}}],"collection":[{"href":"https:\/\/fajr.news\/index.php?rest_route=\/wp\/v2\/posts"}],"about":[{"href":"https:\/\/fajr.news\/index.php?rest_route=\/wp\/v2\/types\/post"}],"author":[{"embeddable":true,"href":"https:\/\/fajr.news\/index.php?rest_route=\/wp\/v2\/users\/2"}],"replies":[{"embeddable":true,"href":"https:\/\/fajr.news\/index.php?rest_route=%2Fwp%2Fv2%2Fcomments&post=9595"}],"version-history":[{"count":0,"href":"https:\/\/fajr.news\/index.php?rest_route=\/wp\/v2\/posts\/9595\/revisions"}],"wp:featuredmedia":[{"embeddable":true,"href":"https:\/\/fajr.news\/index.php?rest_route=\/wp\/v2\/media\/9596"}],"wp:attachment":[{"href":"https:\/\/fajr.news\/index.php?rest_route=%2Fwp%2Fv2%2Fmedia&parent=9595"}],"wp:term":[{"taxonomy":"category","embeddable":true,"href":"https:\/\/fajr.news\/index.php?rest_route=%2Fwp%2Fv2%2Fcategories&post=9595"},{"taxonomy":"post_tag","embeddable":true,"href":"https:\/\/fajr.news\/index.php?rest_route=%2Fwp%2Fv2%2Ftags&post=9595"}],"curies":[{"name":"wp","href":"https:\/\/api.w.org\/{rel}","templated":true}]}}