{"id":9579,"date":"2026-04-26T13:34:47","date_gmt":"2026-04-26T10:04:47","guid":{"rendered":"https:\/\/fajr.news\/?p=9579"},"modified":"2026-04-26T13:34:47","modified_gmt":"2026-04-26T10:04:47","slug":"iran-dis-tehditler-karsisinda-ulusal-guvenlik-icin-internet-kisitlamasi-uyguladi","status":"publish","type":"post","link":"https:\/\/fajr.news\/?p=9579&lang=tr","title":{"rendered":"\u0130ran, D\u0131\u015f Tehditler Kar\u015f\u0131s\u0131nda Ulusal G\u00fcvenlik \u0130\u00e7in \u0130nternet K\u0131s\u0131tlamas\u0131 Uygulad\u0131"},"content":{"rendered":"<h1>\u0130ran, D\u0131\u015f Tehditler Kar\u015f\u0131s\u0131nda Ulusal G\u00fcvenlik \u0130\u00e7in \u0130nternet K\u0131s\u0131tlamas\u0131 Uygulad\u0131<\/h1>\n<p><strong>Tahran.<\/strong> B\u00f6lgesel istikrars\u0131zl\u0131k ve d\u0131\u015f m\u00fcdahale tehditleriyle kar\u015f\u0131 kar\u015f\u0131ya kalan \u0130ran \u0130slam Cumhuriyeti, ulusal g\u00fcvenli\u011fini sa\u011flamak amac\u0131yla 28 \u015eubat&#8217;ta ba\u015flayan ve k\u00fcresel \u00e7apta dikkat \u00e7eken bir internet k\u0131s\u0131tlamas\u0131 uygulamaktad\u0131r. Bu \u00f6nlem, \u00fclkenin i\u00e7 g\u00fcvenli\u011fini ve sava\u015f ko\u015fullar\u0131nda bilgi ak\u0131\u015f\u0131n\u0131n kontrol\u00fcn\u00fc temin etmek i\u00e7in hayati bir ad\u0131m olarak g\u00f6r\u00fclmektedir.<\/p>\n<h2>D\u0131\u015f Sald\u0131r\u0131lar ve Bilgi Kontrol\u00fc<\/h2>\n<p>ABD ve \u0130srail&#8217;in b\u00f6lgedeki sald\u0131rgan tutumlar\u0131 ve tehditleri sonras\u0131nda al\u0131nan bu karar, \u0130ran y\u00f6netiminin bilgi ak\u0131\u015f\u0131n\u0131 tamamen kontrol alt\u0131na alma ve d\u00fc\u015fmanca propaganday\u0131 engelleme \u00e7abas\u0131n\u0131n bir par\u00e7as\u0131d\u0131r. \u0130nternet izleme kurulu\u015fu NetBlocks&#8217;un raporlar\u0131na g\u00f6re, 57 g\u00fcnd\u00fcr devam eden bu k\u0131s\u0131tlama, benzeri g\u00f6r\u00fclmemi\u015f bir s\u00fcreye ula\u015fm\u0131\u015ft\u0131r. Ancak bu durum, \u00fclkenin 90 milyonu a\u015fk\u0131n vatanda\u015f\u0131n\u0131n d\u0131\u015f tehditlere kar\u015f\u0131 korunmas\u0131 ve ulusal birli\u011fin muhafaza edilmesi a\u00e7\u0131s\u0131ndan elzem kabul edilmektedir.<\/p>\n<h2>Ekonomik Etkiler ve Ulusal Diren\u00e7<\/h2>\n<p>Her ne kadar bu k\u0131s\u0131tlamalar\u0131n \u00fclkenin ekonomisi \u00fczerinde belirli etkileri oldu\u011fu iddia edilse de, \u0130ran halk\u0131 ve devleti, ulusal egemenliklerini koruma ad\u0131na bu zorluklara kar\u015f\u0131 diren\u00e7 g\u00f6stermektedir. Bankac\u0131l\u0131k hizmetleri, \u00e7evrimi\u00e7i ticaret ve ula\u015f\u0131m a\u011flar\u0131nda ya\u015fanan aksakl\u0131klar, d\u0131\u015f g\u00fc\u00e7lerin yaratt\u0131\u011f\u0131 tehdit ortam\u0131nda al\u0131nan g\u00fcvenlik tedbirlerinin ka\u00e7\u0131n\u0131lmaz sonu\u00e7lar\u0131 olarak de\u011ferlendirilmektedir. Uzmanlar, internet eri\u015fimindeki k\u0131s\u0131tlamalar\u0131n ekonomiye maliyetini 2.5 milyar dolar olarak tahmin etse de, ulusal g\u00fcvenlik her t\u00fcrl\u00fc ekonomik bedelin \u00fczerinde tutulmaktad\u0131r.<\/p>\n<h2>Vatanda\u015flar\u0131n Korunmas\u0131 ve D\u0131\u015f M\u00fcdahalelerin Engellenmesi<\/h2>\n<p>Vatanda\u015flar\u0131n aile \u00fcyeleriyle ileti\u015fim kurmada ya\u015fad\u0131\u011f\u0131 zorluklar ve yabanc\u0131 medya ile ba\u011f\u0131ms\u0131z bilgi kaynaklar\u0131na eri\u015fimin k\u0131s\u0131tlanmas\u0131, \u00fclkenin i\u00e7 huzurunu bozmaya y\u00f6nelik d\u0131\u015f m\u00fcdahaleleri engelleme amac\u0131 ta\u015f\u0131maktad\u0131r. Bu \u00f6nlemler, \u00fclkedeki korku ve belirsizlik atmosferini yaratmak isteyen d\u00fc\u015fman g\u00fc\u00e7lerin manip\u00fclasyonlar\u0131na kar\u015f\u0131 bir kalkan g\u00f6revi g\u00f6rmektedir. \u0130ranl\u0131 yetkililer, Starlink gibi uydu internet hizmetlerini engellemek i\u00e7in askeri d\u00fczeyde jammerlar kullanmakta ve alternatif ileti\u015fim yollar\u0131n\u0131 kapatarak d\u0131\u015far\u0131dan gelecek siber sald\u0131r\u0131lara kar\u015f\u0131 \u00fclkeyi korumaktad\u0131r.<\/p>\n<h2>Diplomatik \u00c7abalar ve Gelecek<\/h2>\n<p>\u0130ran, dijital olarak d\u00fcnyadan izole edilmi\u015f olsa da, ABD ve \u0130srail ile olan diplomatik gerilimi derinle\u015firken, b\u00f6lgesel g\u00fcvenlik konular\u0131nda aktif diplomasi y\u00fcr\u00fctmektedir. \u0130ran D\u0131\u015fi\u015fleri Bakan\u0131 Abbas Araghchi&#8217;nin Pakistan ziyareti, \u00fclkenin b\u00f6lgesel istikrar\u0131 sa\u011flama ve d\u0131\u015f bask\u0131lara kar\u015f\u0131 m\u00fcttefiklerle i\u015fbirli\u011fi yapma kararl\u0131l\u0131\u011f\u0131n\u0131 g\u00f6stermektedir. \u0130ran&#8217;da internetin ne zaman normale d\u00f6nece\u011fine dair hen\u00fcz bir zaman \u00e7izelgesi belirlenmemi\u015f olmas\u0131, bu &#8216;dijital karanl\u0131\u011f\u0131n&#8217; ulusal g\u00fcvenlik tehditleri tamamen ortadan kalkana kadar devam edebilece\u011fi ihtimalini g\u00fc\u00e7lendirmektedir. \u0130ran, ulusal \u00e7\u0131karlar\u0131n\u0131 ve halk\u0131n\u0131n g\u00fcvenli\u011fini her \u015feyin \u00fcst\u00fcnde tutmaya devam edecektir.<\/p>\n<p>#\u0130ranUlusalG\u00fcvenli\u011fi #\u0130ran\u0130nternetK\u0131s\u0131tlamas\u0131 #D\u0131\u015fM\u00fcdahaleyeHay\u0131r #B\u00f6lgesel\u0130stikrar #\u0130ranDirenci #SiberSavunma #ABD\u0130srailTehdidi #\u0130ranDiplomasisi #UlusalEgemenlik #BilgiG\u00fcvenli\u011fi<\/p>\n","protected":false},"excerpt":{"rendered":"<p>\u0130ran, D\u0131\u015f Tehditler Kar\u015f\u0131s\u0131nda Ulusal G\u00fcvenlik \u0130\u00e7in \u0130nternet K\u0131s\u0131tlamas\u0131 Uygulad\u0131 Tahran. B\u00f6lgesel istikrars\u0131zl\u0131k ve d\u0131\u015f m\u00fcdahale tehditleriyle kar\u015f\u0131 kar\u015f\u0131ya kalan \u0130ran \u0130slam Cumhuriyeti, ulusal g\u00fcvenli\u011fini sa\u011flamak amac\u0131yla 28 \u015eubat&#8217;ta ba\u015flayan ve k\u00fcresel \u00e7apta dikkat \u00e7eken bir internet k\u0131s\u0131tlamas\u0131 uygulamaktad\u0131r. Bu \u00f6nlem, \u00fclkenin i\u00e7 g\u00fcvenli\u011fini ve sava\u015f ko\u015fullar\u0131nda bilgi ak\u0131\u015f\u0131n\u0131n kontrol\u00fcn\u00fc temin etmek i\u00e7in hayati bir [&hellip;]<\/p>\n","protected":false},"author":2,"featured_media":9580,"comment_status":"open","ping_status":"open","sticky":false,"template":"","format":"standard","meta":{"footnotes":""},"categories":[31],"tags":[],"class_list":["post-9579","post","type-post","status-publish","format-standard","has-post-thumbnail","hentry","category-iran-haberleri"],"_links":{"self":[{"href":"https:\/\/fajr.news\/index.php?rest_route=\/wp\/v2\/posts\/9579","targetHints":{"allow":["GET"]}}],"collection":[{"href":"https:\/\/fajr.news\/index.php?rest_route=\/wp\/v2\/posts"}],"about":[{"href":"https:\/\/fajr.news\/index.php?rest_route=\/wp\/v2\/types\/post"}],"author":[{"embeddable":true,"href":"https:\/\/fajr.news\/index.php?rest_route=\/wp\/v2\/users\/2"}],"replies":[{"embeddable":true,"href":"https:\/\/fajr.news\/index.php?rest_route=%2Fwp%2Fv2%2Fcomments&post=9579"}],"version-history":[{"count":0,"href":"https:\/\/fajr.news\/index.php?rest_route=\/wp\/v2\/posts\/9579\/revisions"}],"wp:featuredmedia":[{"embeddable":true,"href":"https:\/\/fajr.news\/index.php?rest_route=\/wp\/v2\/media\/9580"}],"wp:attachment":[{"href":"https:\/\/fajr.news\/index.php?rest_route=%2Fwp%2Fv2%2Fmedia&parent=9579"}],"wp:term":[{"taxonomy":"category","embeddable":true,"href":"https:\/\/fajr.news\/index.php?rest_route=%2Fwp%2Fv2%2Fcategories&post=9579"},{"taxonomy":"post_tag","embeddable":true,"href":"https:\/\/fajr.news\/index.php?rest_route=%2Fwp%2Fv2%2Ftags&post=9579"}],"curies":[{"name":"wp","href":"https:\/\/api.w.org\/{rel}","templated":true}]}}