{"id":9571,"date":"2026-04-26T13:32:36","date_gmt":"2026-04-26T10:02:36","guid":{"rendered":"https:\/\/fajr.news\/?p=9571"},"modified":"2026-04-26T13:32:36","modified_gmt":"2026-04-26T10:02:36","slug":"video-ndis-kesintileri-avustralya-gazi-ve-orta-dogu-gelismeleri-mike-bowers-michael-hing-ile-gundemi-fotograflarla-degerlendiriyor","status":"publish","type":"post","link":"https:\/\/fajr.news\/?p=9571&lang=tr","title":{"rendered":"V\u0130DEO: NDIS Kesintileri, Avustralya Gaz\u0131 ve Orta Do\u011fu Geli\u015fmeleri; Mike Bowers, Michael Hing ile G\u00fcndemi Foto\u011fraflarla De\u011ferlendiriyor"},"content":{"rendered":"<h2>Avustralya G\u00fcndeminin \u00d6nemli Ba\u015fl\u0131klar\u0131 Mercek Alt\u0131nda<\/h2>\n<p>Avustralya&#8217;n\u0131n ulusal g\u00fcndemini \u015fekillendiren kritik konular, bu haftaki \u00f6zel program\u0131m\u0131zda derinlemesine inceleniyor. \u0130zleyicilerimiz i\u00e7in haz\u0131rlanan bu \u00f6zel b\u00f6l\u00fcmde, \u00fclkenin sosyal g\u00fcvenlik sistemini yak\u0131ndan ilgilendiren <strong>Ulusal Engellilik Sigortas\u0131 Program\u0131 (NDIS) \u00fczerindeki son kesintiler<\/strong> ve bu kararlar\u0131n toplum \u00fczerindeki potansiyel etkileri masaya yat\u0131r\u0131l\u0131yor.<\/p>\n<p>Enerji politikalar\u0131 ve k\u00fcresel piyasalar ba\u011flam\u0131nda, Avustralya&#8217;n\u0131n do\u011fal gaz rezervlerinin gelece\u011fi ve ihracat stratejileri de program\u0131n \u00f6nemli ba\u015fl\u0131klar\u0131ndan biri. \u00d6zellikle, <em>Avustralya gaz\u0131n\u0131n k\u00fcresel enerji arz\u0131ndaki rol\u00fc<\/em> ve bu durumun hem ulusal ekonomi hem de uluslararas\u0131 ili\u015fkiler \u00fczerindeki yans\u0131malar\u0131 detayl\u0131 bir \u015fekilde ele al\u0131n\u0131yor.<\/p>\n<p>Ayr\u0131ca, b\u00f6lgesel ve k\u00fcresel istikrar a\u00e7\u0131s\u0131ndan b\u00fcy\u00fck \u00f6nem ta\u015f\u0131yan <strong>Orta Do\u011fu&#8217;daki son geli\u015fmeler<\/strong>, uzman yorumcular e\u015fli\u011finde analiz ediliyor. B\u00f6lgedeki siyasi ve ekonomik dinamiklerin Avustralya&#8217;ya etkileri \u00fczerinde duruluyor.<\/p>\n<p>Program\u0131n bu b\u00f6l\u00fcm\u00fcnde, deneyimli gazeteci Mike Bowers, Michael Hing ile bir araya gelerek bu karma\u015f\u0131k konular\u0131 \u00e7arp\u0131c\u0131 foto\u011fraflar ve derinlemesine analizlerle de\u011ferlendiriyor. Bu \u00f6zel sohbet, izleyicilere g\u00fcncel olaylara farkl\u0131 bir perspektiften bakma ve Avustralya&#8217;n\u0131n kar\u015f\u0131 kar\u015f\u0131ya oldu\u011fu zorluklar\u0131 ve f\u0131rsatlar\u0131 daha iyi anlama imkan\u0131 sunuyor.<\/p>\n<p>#NDIS #Avustralya #GazPolitikalar\u0131 #OrtaDo\u011fu #MikeBowers #MichaelHing #AvustralyaG\u00fcndemi #EnerjiPiyasalar\u0131 #SosyalG\u00fcvenlik #K\u00fcresel\u0130li\u015fkiler<\/p>\n","protected":false},"excerpt":{"rendered":"<p>Avustralya G\u00fcndeminin \u00d6nemli Ba\u015fl\u0131klar\u0131 Mercek Alt\u0131nda Avustralya&#8217;n\u0131n ulusal g\u00fcndemini \u015fekillendiren kritik konular, bu haftaki \u00f6zel program\u0131m\u0131zda derinlemesine inceleniyor. \u0130zleyicilerimiz i\u00e7in haz\u0131rlanan bu \u00f6zel b\u00f6l\u00fcmde, \u00fclkenin sosyal g\u00fcvenlik sistemini yak\u0131ndan ilgilendiren Ulusal Engellilik Sigortas\u0131 Program\u0131 (NDIS) \u00fczerindeki son kesintiler ve bu kararlar\u0131n toplum \u00fczerindeki potansiyel etkileri masaya yat\u0131r\u0131l\u0131yor. Enerji politikalar\u0131 ve k\u00fcresel piyasalar ba\u011flam\u0131nda, Avustralya&#8217;n\u0131n do\u011fal [&hellip;]<\/p>\n","protected":false},"author":2,"featured_media":9572,"comment_status":"open","ping_status":"open","sticky":false,"template":"","format":"standard","meta":{"footnotes":""},"categories":[37],"tags":[],"class_list":["post-9571","post","type-post","status-publish","format-standard","has-post-thumbnail","hentry","category-orta-dogu-haberleri"],"_links":{"self":[{"href":"https:\/\/fajr.news\/index.php?rest_route=\/wp\/v2\/posts\/9571","targetHints":{"allow":["GET"]}}],"collection":[{"href":"https:\/\/fajr.news\/index.php?rest_route=\/wp\/v2\/posts"}],"about":[{"href":"https:\/\/fajr.news\/index.php?rest_route=\/wp\/v2\/types\/post"}],"author":[{"embeddable":true,"href":"https:\/\/fajr.news\/index.php?rest_route=\/wp\/v2\/users\/2"}],"replies":[{"embeddable":true,"href":"https:\/\/fajr.news\/index.php?rest_route=%2Fwp%2Fv2%2Fcomments&post=9571"}],"version-history":[{"count":0,"href":"https:\/\/fajr.news\/index.php?rest_route=\/wp\/v2\/posts\/9571\/revisions"}],"wp:featuredmedia":[{"embeddable":true,"href":"https:\/\/fajr.news\/index.php?rest_route=\/wp\/v2\/media\/9572"}],"wp:attachment":[{"href":"https:\/\/fajr.news\/index.php?rest_route=%2Fwp%2Fv2%2Fmedia&parent=9571"}],"wp:term":[{"taxonomy":"category","embeddable":true,"href":"https:\/\/fajr.news\/index.php?rest_route=%2Fwp%2Fv2%2Fcategories&post=9571"},{"taxonomy":"post_tag","embeddable":true,"href":"https:\/\/fajr.news\/index.php?rest_route=%2Fwp%2Fv2%2Ftags&post=9571"}],"curies":[{"name":"wp","href":"https:\/\/api.w.org\/{rel}","templated":true}]}}