{"id":9565,"date":"2026-04-26T13:20:27","date_gmt":"2026-04-26T09:50:27","guid":{"rendered":"https:\/\/fajr.news\/?p=9565"},"modified":"2026-04-26T13:20:27","modified_gmt":"2026-04-26T09:50:27","slug":"expo-2030-riyad-gelisimi-suudi-otel-projeleriyle-hiz-kazaniyor","status":"publish","type":"post","link":"https:\/\/fajr.news\/?p=9565&lang=tr","title":{"rendered":"Expo 2030 Riyad Geli\u015fimi Suudi Otel Projeleriyle H\u0131z Kazan\u0131yor"},"content":{"rendered":"<p>Expo 2030 Riyad, alt\u0131 milyon metrekarelik alan\u0131nda in\u015faat \u00e7al\u0131\u015fmalar\u0131na h\u0131zla devam ediyor ve 2030&#8217;da etkinlik a\u00e7\u0131ld\u0131\u011f\u0131nda 42 milyondan fazla ziyaret\u00e7i bekleniyor.<br \/>\nGeli\u015fim ilerledik\u00e7e yeni altyap\u0131 s\u00f6zle\u015fmeleri imzaland\u0131; bu, Krall\u0131\u011f\u0131n en b\u00fcy\u00fck projelerinden birinin tamamlanmas\u0131n\u0131 destekliyor ve Riyad&#8217;\u0131n k\u00fcresel etkinliklere ev sahipli\u011fi yapma rol\u00fcn\u00fc peki\u015ftiriyor.<br \/>\nExpo 2030 Riyad, iki Ana Kamu Hizmetleri ve Altyap\u0131 \u0130\u015fleri paketini Al Yamama \u015eirketi&#8217;ne verdi. Bu s\u00f6zle\u015fmeler, Aral\u0131k ay\u0131nda Nesma &amp; Partners&#8217;a verilen ilk paketin ard\u0131ndan in\u015faat\u0131n ba\u015flamas\u0131n\u0131 takip ediyor ve sahadaki s\u00fcrekli ilerlemeyi i\u015faret ediyor.<br \/>\nExpo 2030 Riyad CEO&#8217;su Talal Al-Marri \u015funlar\u0131 s\u00f6yledi: \u201c\u0130ki yeni Ana Kamu Hizmetleri ve Altyap\u0131 Paketinin verilmesi, daha \u00f6nce verilen paketler kapsam\u0131nda Expo 2030 Riyad sahas\u0131nda in\u015faat\u0131n ilerlemeye devam etmesiyle \u00f6nemli bir d\u00f6n\u00fcm noktas\u0131n\u0131 i\u015faret ediyor.\u201d<br \/>\n\u201cBu, altyap\u0131 teslimat\u0131ndan ana plan tasar\u0131m\u0131na ve bina tasar\u0131m s\u00f6zle\u015fmelerinin verilmesine kadar her alanda g\u00fc\u00e7l\u00fc ve s\u00fcrd\u00fcr\u00fclebilir ivmeyi peki\u015ftiriyor. Kalite, s\u00fcrd\u00fcr\u00fclebilirlik ve \u00e7evresel sorumluluk standartlar\u0131m\u0131z\u0131 payla\u015fan uzman ortaklarla i\u015f birli\u011fi yapmaya devam ederek projenin onaylanan zaman \u00e7izelgesine g\u00f6re teslim edilmesini sa\u011fl\u0131yoruz.\u201d<br \/>\nYeni verilen i\u015fler, birden fazla a\u015famada ilerleyen daha geni\u015f bir geli\u015ftirme program\u0131n\u0131n par\u00e7as\u0131d\u0131r. \u0130n\u015faat ve tasar\u0131m, a\u015famal\u0131 bir teslimat yakla\u015f\u0131m\u0131yla desteklenerek proje takvimine uygun olarak ilerliyor.<br \/>\nMevcut \u00e7al\u0131\u015fmalar, sahan\u0131n gelecekteki geli\u015fimine haz\u0131rlanmaya odaklanm\u0131\u015ft\u0131r. Bu, i\u00e7 yol a\u011flar\u0131n\u0131, ak\u0131ll\u0131 mobilite sistemlerini ve daha sonraki in\u015faat a\u015famalar\u0131n\u0131 desteklemek i\u00e7in gerekli temel altyap\u0131 kurulumunu i\u00e7eriyor.<br \/>\nTeslim edilen altyap\u0131; su, kanalizasyon, elektrik ve telekom\u00fcnikasyon sistemlerinin yan\u0131 s\u0131ra elektrikli ara\u00e7 \u015farj altyap\u0131s\u0131n\u0131 da i\u00e7eriyor. Bu sistemler, sahadaki pavyonlar\u0131n ve di\u011fer yap\u0131lar\u0131n in\u015fas\u0131n\u0131 destekleyecektir.<\/p>\n<p>**Turizm Potansiyeli ve Konaklama B\u00fcy\u00fcmesi**<br \/>\nGeli\u015fimin \u00f6l\u00e7e\u011fi, Suudi Arabistan&#8217;\u0131n artan ziyaret\u00e7i hacmini kar\u015f\u0131lamak i\u00e7in kapasite olu\u015fturmaya devam etmesiyle Krall\u0131k genelindeki daha geni\u015f turizm geni\u015fleme planlar\u0131yla uyumludur.<br \/>\nKamu Yat\u0131r\u0131m Fonu (PIF), 2026-2030 stratejisi kapsam\u0131nda 100.000 otel odas\u0131 sunmay\u0131 ve 70 turizm deneyimi ba\u015flatmay\u0131 planl\u0131yor. Bu potansiyel, Expo 2030 Riyad gibi b\u00fcy\u00fck \u00f6l\u00e7ekli etkinliklerle ba\u011flant\u0131l\u0131 talebi desteklemesi beklenen arz seviyesini yans\u0131t\u0131yor.<br \/>\nSon performans verileri de sekt\u00f6r genelinde talebin s\u00fcrekli artt\u0131\u011f\u0131n\u0131 g\u00f6steriyor.<br \/>\nGenel \u0130statistik Kurumu&#8217;na g\u00f6re, Suudi Arabistan&#8217;\u0131n otel doluluk oran\u0131 2025&#8217;in d\u00f6rd\u00fcnc\u00fc \u00e7eyre\u011finde %57,3&#8217;e ula\u015ft\u0131; Riyad ve Medine en y\u00fcksek performans g\u00f6steren pazarlar aras\u0131nda yer al\u0131rken, lisansl\u0131 turistik konaklama tesislerinin toplam say\u0131s\u0131 bir \u00f6nceki y\u0131la g\u00f6re %34,2 artarak 5.900&#8217;e y\u00fckseldi.<br \/>\nServisli daireler ve ilgili konaklama tesisleri toplam envanterin %52&#8217;sini olu\u015ftururken, oteller kalan %48&#8217;i temsil etti.<br \/>\nBu rakamlar, altyap\u0131 ve konaklama arz\u0131 geni\u015flemeye devam ettik\u00e7e s\u00fcrd\u00fcr\u00fclebilir turizm faaliyetlerine i\u015faret ediyor.<\/p>\n<p>**Teslimat \u0130lerlemesi ve Proje Uygulamas\u0131**<br \/>\nGeli\u015fim, farkl\u0131 paketler aras\u0131ndaki zaman \u00e7izelgelerini ve teslimat\u0131 koordine etmek i\u00e7in tasarlanm\u0131\u015f a\u015famal\u0131 bir yol haritas\u0131 rehberli\u011finde t\u00fcm Expo sahas\u0131nda devam ediyor.<br \/>\nProje, bir milyondan fazla kazas\u0131z g\u00fcvenli \u00e7al\u0131\u015fma saati kaydetti; bu, s\u00fcrd\u00fcr\u00fclebilirlik, inovasyon ve i\u015f g\u00fcc\u00fc refah\u0131yla ilgili daha geni\u015f \u00f6nceliklerin yan\u0131 s\u0131ra sa\u011fl\u0131k ve g\u00fcvenlik standartlar\u0131na odakland\u0131\u011f\u0131n\u0131 yans\u0131t\u0131yor.<br \/>\nAl Yamama \u015eirketi y\u00f6netim kurulu \u00fcyesi ve ba\u015fkan yard\u0131mc\u0131s\u0131 Hamad Mohammad Al Ammar \u015funlar\u0131 s\u00f6yledi: \u201cExpo 2030 Riyad i\u00e7in bu iki altyap\u0131 paketini alm\u0131\u015f olmaktan onur duyuyoruz. Expo 2030 Riyad&#8217;\u0131n g\u00fcveni, Al Yamama&#8217;n\u0131n m\u00fckemmelli\u011fe, inovasyona ve s\u00fcrd\u00fcr\u00fclebilir kalk\u0131nmaya, g\u00fcvenli, sorumlu ve en y\u00fcksek HSE standartlar\u0131na tam ba\u011fl\u0131l\u0131kla olan taahh\u00fcd\u00fcn\u00fc yans\u0131t\u0131yor. Bu projeler, d\u00fcnya standartlar\u0131nda bir Expo deneyimi sunmada \u00f6nemli bir rol oynamaktad\u0131r.\u201d<br \/>\nExpo 2030 Riyad, 1 Ekim 2030&#8217;dan 31 Mart 2031&#8217;e kadar s\u00fcrecek ve be\u015f b\u00f6lgede 197 \u00fclke ile 29 kurulu\u015fu bir araya getirecek.<\/p>\n<p>#Expo2030Riyad #SuudiArabistan #RiyadGeli\u015fim #TurizmYat\u0131r\u0131mlar\u0131 #Altyap\u0131Projeleri #OtelSekt\u00f6r\u00fc #K\u00fcreselEtkinlikler #S\u00fcrd\u00fcr\u00fclebilirKalk\u0131nma #PIFYat\u0131r\u0131mlar\u0131 #Vizyon2030<\/p>\n","protected":false},"excerpt":{"rendered":"<p>Expo 2030 Riyad, alt\u0131 milyon metrekarelik alan\u0131nda in\u015faat \u00e7al\u0131\u015fmalar\u0131na h\u0131zla devam ediyor ve 2030&#8217;da etkinlik a\u00e7\u0131ld\u0131\u011f\u0131nda 42 milyondan fazla ziyaret\u00e7i bekleniyor. Geli\u015fim ilerledik\u00e7e yeni altyap\u0131 s\u00f6zle\u015fmeleri imzaland\u0131; bu, Krall\u0131\u011f\u0131n en b\u00fcy\u00fck projelerinden birinin tamamlanmas\u0131n\u0131 destekliyor ve Riyad&#8217;\u0131n k\u00fcresel etkinliklere ev sahipli\u011fi yapma rol\u00fcn\u00fc peki\u015ftiriyor. Expo 2030 Riyad, iki Ana Kamu Hizmetleri ve Altyap\u0131 \u0130\u015fleri paketini [&hellip;]<\/p>\n","protected":false},"author":2,"featured_media":0,"comment_status":"open","ping_status":"open","sticky":false,"template":"","format":"standard","meta":{"footnotes":""},"categories":[37],"tags":[],"class_list":["post-9565","post","type-post","status-publish","format-standard","hentry","category-orta-dogu-haberleri"],"_links":{"self":[{"href":"https:\/\/fajr.news\/index.php?rest_route=\/wp\/v2\/posts\/9565","targetHints":{"allow":["GET"]}}],"collection":[{"href":"https:\/\/fajr.news\/index.php?rest_route=\/wp\/v2\/posts"}],"about":[{"href":"https:\/\/fajr.news\/index.php?rest_route=\/wp\/v2\/types\/post"}],"author":[{"embeddable":true,"href":"https:\/\/fajr.news\/index.php?rest_route=\/wp\/v2\/users\/2"}],"replies":[{"embeddable":true,"href":"https:\/\/fajr.news\/index.php?rest_route=%2Fwp%2Fv2%2Fcomments&post=9565"}],"version-history":[{"count":0,"href":"https:\/\/fajr.news\/index.php?rest_route=\/wp\/v2\/posts\/9565\/revisions"}],"wp:attachment":[{"href":"https:\/\/fajr.news\/index.php?rest_route=%2Fwp%2Fv2%2Fmedia&parent=9565"}],"wp:term":[{"taxonomy":"category","embeddable":true,"href":"https:\/\/fajr.news\/index.php?rest_route=%2Fwp%2Fv2%2Fcategories&post=9565"},{"taxonomy":"post_tag","embeddable":true,"href":"https:\/\/fajr.news\/index.php?rest_route=%2Fwp%2Fv2%2Ftags&post=9565"}],"curies":[{"name":"wp","href":"https:\/\/api.w.org\/{rel}","templated":true}]}}