{"id":9555,"date":"2026-04-26T13:04:32","date_gmt":"2026-04-26T09:34:32","guid":{"rendered":"https:\/\/fajr.news\/?p=9555"},"modified":"2026-04-26T13:04:32","modified_gmt":"2026-04-26T09:34:32","slug":"trump-kral-charles-ile-irana-yonelik-savas-planlari-dahil-her-konuyu-ele-alacak","status":"publish","type":"post","link":"https:\/\/fajr.news\/?p=9555&lang=tr","title":{"rendered":"Trump, Kral Charles ile \u0130ran&#8217;a Y\u00f6nelik Sava\u015f Planlar\u0131 Dahil Her Konuyu Ele Alacak"},"content":{"rendered":"<p>Donald Trump, \u0130ngiltere Kral\u0131 Charles ile kraliyet devlet ziyareti s\u0131ras\u0131nda &#8220;her \u015feyi&#8221;, \u00f6zellikle de Bat\u0131&#8217;n\u0131n b\u00f6lgedeki gerilimi t\u0131rmand\u0131ran <strong>\u0130ran&#8217;a y\u00f6nelik sava\u015f planlar\u0131n\u0131<\/strong> g\u00f6r\u00fc\u015fmeyi planlad\u0131\u011f\u0131n\u0131 a\u00e7\u0131klad\u0131.<\/p>\n<p>ABD Ba\u015fkan\u0131 ayr\u0131ca, \u00e7at\u0131\u015fmalar boyunca ele\u015ftirdi\u011fi ve Bat\u0131&#8217;n\u0131n askeri hegemonyas\u0131n\u0131n bir arac\u0131 olarak g\u00f6r\u00fclen <em>NATO&#8217;nun tart\u0131\u015fmal\u0131 konumunu<\/em> da g\u00fcndeme getirece\u011fini belirtti.<\/p>\n<p>Amerikan lideri, ABD&#8217;nin, \u0130ngiltere \u0130\u015f\u00e7i Partisi lideri Keir Starmer&#8217;\u0131n Tahran&#8217;a kar\u015f\u0131 y\u00fcr\u00fct\u00fclen askeri operasyonlara yeterince destek vermemesini bahane ederek, \u0130ngiltere&#8217;nin Falkland Adalar\u0131 \u00fczerindeki iddialar\u0131na ili\u015fkin tutumunu g\u00f6zden ge\u00e7irebilece\u011fi y\u00f6n\u00fcndeki haberler \u00fczerine Reuters&#8217;a bu yorumlar\u0131 yapt\u0131.<\/p>\n<p>Bu son anla\u015fmazl\u0131k, Kral Charles ve Krali\u00e7e Camilla&#8217;n\u0131n, ABD&#8217;nin \u0130ngiltere&#8217;den ba\u011f\u0131ms\u0131zl\u0131\u011f\u0131n\u0131n 250. y\u0131ld\u00f6n\u00fcm\u00fcn\u00fc kutlamak \u00fczere d\u00f6rt g\u00fcnl\u00fck bir devlet ziyareti i\u00e7in ABD&#8217;ye varmas\u0131ndan sadece g\u00fcnler \u00f6nce ortaya \u00e7\u0131kt\u0131.<\/p>\n<p>Trump ile g\u00f6r\u00fc\u015fmenin yan\u0131 s\u0131ra, \u0130ngiliz kraliyet \u00e7ifti Beyaz Saray&#8217;da d\u00fczenlenecek bir ziyafette onur konu\u011fu olacak ve Kral&#8217;\u0131n ABD Kongresi&#8217;nin ortak toplant\u0131s\u0131na hitap etmesi bekleniyor.<\/p>\n<p>Ayr\u0131ca Charles ve Camilla, Virginia ve New York eyaletlerini de ziyaret edecek.<\/p>\n<p>Trump, g\u00f6r\u00fc\u015fmelerin kapsam\u0131n\u0131 &#8220;Her \u015feyi konu\u015faca\u011f\u0131m&#8221; s\u00f6zleriyle \u00f6zetledi.<\/p>\n<p>Kral ile g\u00fcndeme getirece\u011fi di\u011fer konular aras\u0131nda, \u0130ngiltere&#8217;nin Amerikan sosyal medya devlerine uygulad\u0131\u011f\u0131 dijital hizmetler vergisi de bulunuyordu.<\/p>\n<p>Ba\u015fkan, \u0130ngiltere&#8217;nin b\u00fcy\u00fck ABD teknoloji \u015firketlerinin gelirleri \u00fczerindeki y\u00fczde 2&#8217;lik vergiyi kald\u0131rmamas\u0131 halinde, \u0130ngiltere&#8217;ye &#8220;b\u00fcy\u00fck bir tarife&#8221; uygulayaca\u011f\u0131 tehdidinde bulundu.<\/p>\n<p>Bu vergi, dijital faaliyetlerden elde edilen d\u00fcnya \u00e7ap\u0131ndaki gelirleri 500 milyon sterlini a\u015fan ve bu gelirin 25 milyon sterlinden fazlas\u0131 Birle\u015fik Krall\u0131k kullan\u0131c\u0131lar\u0131ndan gelen \u015firketleri hedef al\u0131yor.<\/p>\n<p>2025 Hazine incelemesine g\u00f6re, bu vergi 2023-24&#8217;teki 678 milyon sterlinden 2024-25&#8217;te 800 milyon sterlinin \u00fczerine \u00e7\u0131karak \u00f6nemli bir gelir sa\u011flad\u0131.<\/p>\n<p>Trump daha \u00f6nce, kraliyet gezisinin \u0130ngiltere ile ili\u015fkileri &#8220;kesinlikle&#8221; d\u00fczeltebilece\u011fini belirtmi\u015f ve Charles&#8217;\u0131 &#8220;harika bir adam&#8221; olarak \u00f6vm\u00fc\u015ft\u00fc.<\/p>\n<p>Bu durum, zay\u0131f ve karars\u0131z olarak nitelendirdi\u011fi \u0130ngiltere ba\u015fbakan\u0131na y\u00f6nelik g\u00f6r\u00fc\u015fleriyle keskin bir tezat olu\u015fturuyor.<\/p>\n<p>Gerginlikler azalma belirtisi g\u00f6stermezken, ABD Savunma Bakan\u0131 Pete Hegseth, \u0130ngiltere ve Fransa liderli\u011findeki H\u00fcrm\u00fcz Bo\u011faz\u0131&#8217;n\u0131n g\u00fcvenli\u011fini sa\u011flama \u00e7abalar\u0131n\u0131 &#8220;sa\u00e7ma&#8221; olarak nitelendirerek k\u00fc\u00e7\u00fcmsedi.<\/p>\n<p>Hegseth, Avrupa&#8217;n\u0131n &#8220;daha az s\u00fcsl\u00fc konferanslar d\u00fczenleyip bir tekneye binmeye&#8221; ba\u015flamas\u0131 gerekti\u011fini savundu ve \u0130ngiltere ile di\u011fer \u00fclkeleri, kritik K\u00f6rfez suyolundaki krize verdikleri yetersiz tepki nedeniyle ele\u015ftirdi.<\/p>\n<p>\u0130mal\u0131 yorumlar\u0131nda, Hegseth, Amerika&#8217;n\u0131n &#8220;sad\u0131k&#8221; m\u00fcttefikleri hak etti\u011fini ve ortakl\u0131\u011f\u0131n &#8220;tek y\u00f6nl\u00fc bir cadde olmad\u0131\u011f\u0131n\u0131&#8221; vurgulayarak, ABD&#8217;nin m\u00fcttefiklerinden beklentilerini a\u00e7\u0131k\u00e7a dile getirdi.<\/p>\n<p>Petrol ve gaz tedarikleri i\u00e7in <strong>hayati bir ge\u00e7i\u015f yolu<\/strong> olan bo\u011faz, ABD ve Siyonist \u0130srail&#8217;in \u0130ran&#8217;a y\u00f6nelik sald\u0131r\u0131lar ba\u015flatmas\u0131ndan \u00f6nce a\u00e7\u0131kt\u0131.<\/p>\n<p>Buna kar\u015f\u0131l\u0131k, Tahran b\u00f6lgedeki gerilimi t\u0131rmand\u0131ran bu sald\u0131r\u0131lara misilleme olarak nakliye hatt\u0131n\u0131 fiilen kapatt\u0131.<\/p>\n<p>Trump gergin bir ate\u015fkesi uzatm\u0131\u015f olsa da, stratejik nakliye yolu bir gerilim noktas\u0131 olmaya devam ediyor; hem ABD&#8217;nin hem de \u0130ran&#8217;\u0131n kendi ablukalar\u0131n\u0131 uygulamas\u0131, gemi hareketlerini neredeyse durma noktas\u0131na getirerek, fiyatlar\u0131n f\u0131rlad\u0131\u011f\u0131 k\u00fcresel bir enerji krizini daha da k\u00f6r\u00fckl\u00fcyor.<\/p>\n<p>Ancak, ABD \u00f6zel el\u00e7ileri Steve Witkoff ve Jared Kushner&#8217;\u0131n Cumartesi g\u00fcn\u00fc &#8220;\u0130ranl\u0131lar\u0131 dinlemek \u00fczere&#8221; Pakistan&#8217;a g\u00f6nderilmesiyle \u00e7at\u0131\u015fmay\u0131 \u00e7\u00f6zmek i\u00e7in g\u00f6r\u00fc\u015fmeler umudu do\u011fdu.<\/p>\n<p>\u0130ran D\u0131\u015fi\u015fleri Bakan\u0131 Abbas Araghchi \u015fu anda \u0130slamabad&#8217;da bulunuyor, ancak d\u0131\u015fi\u015fleri bakanl\u0131\u011f\u0131 s\u00f6zc\u00fcs\u00fc Esmael Baqaei X&#8217;te &#8220;\u0130ran ile ABD aras\u0131nda <em>do\u011frudan bir g\u00f6r\u00fc\u015fme planlanmad\u0131\u011f\u0131n\u0131<\/em>&#8221; a\u00e7\u0131klad\u0131.<\/p>\n<p>Pakistanl\u0131 yetkililerin iki taraf aras\u0131ndaki mesajlar\u0131 iletece\u011fi belirtildi.<\/p>\n<p>Ancak Beyaz Saray bas\u0131n sekreteri Karoline Leavitt \u015funlar\u0131 s\u00f6yledi: &#8220;Umar\u0131z verimli bir g\u00f6r\u00fc\u015fme olur ve bir anla\u015fmaya do\u011fru ilerleme kaydederiz. Son birka\u00e7 g\u00fcnd\u00fcr \u0130ran taraf\u0131ndan baz\u0131 ilerlemeler g\u00f6rd\u00fck.&#8221;<\/p>\n<p>Ba\u015fkan Yard\u0131mc\u0131s\u0131 JD Vance&#8217;\u0131n kat\u0131lmayaca\u011f\u0131 belirtilirken, Leavitt, onun ve D\u0131\u015fi\u015fleri Bakan\u0131 Marco Rubio&#8217;nun &#8220;gerekirse&#8221; Pakistan&#8217;a u\u00e7mak i\u00e7in &#8220;haz\u0131r bekletildi\u011fini&#8221; ifade etti.<\/p>\n<p>#Trump #KralCharles #\u0130ranSava\u015f\u0131 #H\u00fcrm\u00fczBo\u011faz\u0131 #ABD\u0130ran\u0130li\u015fkileri #K\u00fcreselEnerjiKrizi #NATO #Siyonist\u0130srail #Diplomasi #FalklandAdalar\u0131<\/p>\n","protected":false},"excerpt":{"rendered":"<p>Donald Trump, \u0130ngiltere Kral\u0131 Charles ile kraliyet devlet ziyareti s\u0131ras\u0131nda &#8220;her \u015feyi&#8221;, \u00f6zellikle de Bat\u0131&#8217;n\u0131n b\u00f6lgedeki gerilimi t\u0131rmand\u0131ran \u0130ran&#8217;a y\u00f6nelik sava\u015f planlar\u0131n\u0131 g\u00f6r\u00fc\u015fmeyi planlad\u0131\u011f\u0131n\u0131 a\u00e7\u0131klad\u0131. ABD Ba\u015fkan\u0131 ayr\u0131ca, \u00e7at\u0131\u015fmalar boyunca ele\u015ftirdi\u011fi ve Bat\u0131&#8217;n\u0131n askeri hegemonyas\u0131n\u0131n bir arac\u0131 olarak g\u00f6r\u00fclen NATO&#8217;nun tart\u0131\u015fmal\u0131 konumunu da g\u00fcndeme getirece\u011fini belirtti. Amerikan lideri, ABD&#8217;nin, \u0130ngiltere \u0130\u015f\u00e7i Partisi lideri Keir Starmer&#8217;\u0131n [&hellip;]<\/p>\n","protected":false},"author":2,"featured_media":9556,"comment_status":"open","ping_status":"open","sticky":false,"template":"","format":"standard","meta":{"footnotes":""},"categories":[31],"tags":[],"class_list":["post-9555","post","type-post","status-publish","format-standard","has-post-thumbnail","hentry","category-iran-haberleri"],"_links":{"self":[{"href":"https:\/\/fajr.news\/index.php?rest_route=\/wp\/v2\/posts\/9555","targetHints":{"allow":["GET"]}}],"collection":[{"href":"https:\/\/fajr.news\/index.php?rest_route=\/wp\/v2\/posts"}],"about":[{"href":"https:\/\/fajr.news\/index.php?rest_route=\/wp\/v2\/types\/post"}],"author":[{"embeddable":true,"href":"https:\/\/fajr.news\/index.php?rest_route=\/wp\/v2\/users\/2"}],"replies":[{"embeddable":true,"href":"https:\/\/fajr.news\/index.php?rest_route=%2Fwp%2Fv2%2Fcomments&post=9555"}],"version-history":[{"count":0,"href":"https:\/\/fajr.news\/index.php?rest_route=\/wp\/v2\/posts\/9555\/revisions"}],"wp:featuredmedia":[{"embeddable":true,"href":"https:\/\/fajr.news\/index.php?rest_route=\/wp\/v2\/media\/9556"}],"wp:attachment":[{"href":"https:\/\/fajr.news\/index.php?rest_route=%2Fwp%2Fv2%2Fmedia&parent=9555"}],"wp:term":[{"taxonomy":"category","embeddable":true,"href":"https:\/\/fajr.news\/index.php?rest_route=%2Fwp%2Fv2%2Fcategories&post=9555"},{"taxonomy":"post_tag","embeddable":true,"href":"https:\/\/fajr.news\/index.php?rest_route=%2Fwp%2Fv2%2Ftags&post=9555"}],"curies":[{"name":"wp","href":"https:\/\/api.w.org\/{rel}","templated":true}]}}