{"id":9547,"date":"2026-04-26T12:59:02","date_gmt":"2026-04-26T09:29:02","guid":{"rendered":"https:\/\/fajr.news\/?p=9547"},"modified":"2026-04-26T12:59:02","modified_gmt":"2026-04-26T09:29:02","slug":"donald-trump-ortadogu-baris-umutlari-solarken-abd-temsilcilerinin-pakistan-ziyaretini-iptal-etti","status":"publish","type":"post","link":"https:\/\/fajr.news\/?p=9547&lang=tr","title":{"rendered":"Donald Trump, Ortado\u011fu Bar\u0131\u015f Umutlar\u0131 Solarken ABD Temsilcilerinin Pakistan Ziyaretini \u0130ptal Etti"},"content":{"rendered":"<p>ABD Ba\u015fkan\u0131 Donald Trump, el\u00e7iler Jared Kushner ve Steve Witkoff&#8217;un \u0130ran ile bar\u0131\u015f g\u00f6r\u00fc\u015fmeleri i\u00e7in planlanan Pakistan gezisini iptal etti.<\/p>\n<p>Bay Trump, Truth Social&#8217;da yapt\u0131\u011f\u0131 payla\u015f\u0131mda, ABD&#8217;nin &#8220;t\u00fcm kartlara sahip oldu\u011funu&#8221; ve \u0130ran&#8217;\u0131n konu\u015fmak istemesi halinde &#8220;tek yapmalar\u0131 gerekenin aramak oldu\u011funu&#8221; belirtti.<\/p>\n<p>Ayr\u0131ca, gezinin seyahat i\u00e7in &#8220;\u00e7ok fazla zaman kayb\u0131&#8221; olaca\u011f\u0131n\u0131 s\u00f6yledi.<\/p>\n<p>Pakistanl\u0131 yetkililer, \u0130ran D\u0131\u015fi\u015fleri Bakan\u0131 Abbas Araghchi&#8217;nin ABD el\u00e7ileriyle g\u00f6r\u00fc\u015fmeden \u0130slamabad&#8217;dan ayr\u0131ld\u0131\u011f\u0131n\u0131 bildirdi.<\/p>\n<p>Bay Araghchi, Pakistan ziyaretini &#8220;\u00e7ok verimli&#8221; olarak nitelendirerek, bir sosyal medya g\u00f6nderisinde &#8220;\u0130ran&#8217;a kar\u015f\u0131 sava\u015f\u0131 kal\u0131c\u0131 olarak sona erdirmek i\u00e7in uygulanabilir bir \u00e7er\u00e7eveye ili\u015fkin \u0130ran&#8217;\u0131n tutumunu payla\u015ft\u0131\u011f\u0131n\u0131&#8221; ekledi. &#8220;ABD&#8217;nin diplomasi konusunda ger\u00e7ekten ciddi olup olmad\u0131\u011f\u0131n\u0131 hen\u00fcz g\u00f6rmemiz gerekiyor&#8221; dedi.<\/p>\n<p>Yava\u015f yava\u015f, ABD ba\u015fkan\u0131n\u0131n zihinsel durumu konusu, sadece gece ge\u00e7 saatlerdeki talk show sunucular\u0131n\u0131n \u015fakalar\u0131n\u0131n hedefi olmaktan \u00e7\u0131k\u0131p ciddi bir tart\u0131\u015fma konusu haline geliyor.<\/p>\n<p>\u0130ran medyas\u0131, Bay Araghchi&#8217;nin \u015fu anda Umman&#8217;\u0131n ba\u015fkenti Maskat&#8217;a u\u00e7tu\u011funu ve &#8220;ikili ili\u015fkiler ile b\u00f6lgesel geli\u015fmeleri g\u00f6r\u00fc\u015fmek ve fikir al\u0131\u015fveri\u015finde bulunmak&#8221; \u00fczere \u00fcst d\u00fczey yetkililerle bir araya gelece\u011fini bildirdi.<\/p>\n<p>Tahran, ABD ile yeni bir do\u011frudan g\u00f6r\u00fc\u015fme turunu reddetti ve \u0130ranl\u0131 diplomatik bir kaynak, Tahran&#8217;\u0131n Washington&#8217;\u0131n &#8220;maksimalist taleplerini&#8221; kabul etmeyece\u011fini s\u00f6yledi.<\/p>\n<p>Bu \u00e7\u0131kmaz, d\u00fcnyan\u0131n en b\u00fcy\u00fck ekonomisi ile b\u00fcy\u00fck bir petrol g\u00fcc\u00fcn\u00fc, enerji fiyatlar\u0131n\u0131 \u00e7ok y\u0131ll\u0131k zirvelere ta\u015f\u0131yan, enflasyonu k\u00f6r\u00fckleyen ve k\u00fcresel b\u00fcy\u00fcme beklentilerini karartan bir \u00e7at\u0131\u015fma i\u00e7inde b\u0131rak\u0131yor.<\/p>\n<p>Truth Social&#8217;da Bay Trump, \u0130ran liderli\u011fi i\u00e7inde &#8220;muazzam bir i\u00e7 \u00e7eki\u015fme ve kafa kar\u0131\u015f\u0131kl\u0131\u011f\u0131&#8221; oldu\u011funu yazd\u0131.<\/p>\n<p>&#8220;Onlar dahil kimin sorumlu oldu\u011funu kimse bilmiyor&#8221; diye payla\u015ft\u0131. &#8220;Ayr\u0131ca, t\u00fcm kartlar bizde, onlarda hi\u00e7 yok! Konu\u015fmak isterlerse, tek yapmalar\u0131 gereken aramak!!!&#8221;<\/p>\n<p>B\u00f6lgesel gerilimlere ek olarak, \u0130srail Ba\u015fbakan\u0131 Binyamin Netanyahu&#8217;nun ofisi, L\u00fcbnan&#8217;daki Hizbullah hedeflerine sald\u0131rmalar\u0131 i\u00e7in birliklerine emir verdi\u011fini ve \u00fc\u00e7 haftal\u0131k ate\u015fkesi daha da test etti\u011fini bildirdi.<\/p>\n<p>Tahran, normalde k\u00fcresel petrol ve s\u0131v\u0131la\u015ft\u0131r\u0131lm\u0131\u015f do\u011fal gaz sevkiyatlar\u0131n\u0131n be\u015fte birini ta\u015f\u0131yan H\u00fcrm\u00fcz Bo\u011faz\u0131&#8217;n\u0131 b\u00fcy\u00fck \u00f6l\u00e7\u00fcde kapat\u0131rken, Washington \u0130ran&#8217;\u0131n petrol ihracat\u0131n\u0131 engelliyor.<\/p>\n<p>Beyaz Saray bas\u0131n s\u00f6zc\u00fcs\u00fc Karoline Leavitt daha \u00f6nce, ABD&#8217;nin \u0130ran taraf\u0131ndan baz\u0131 ilerlemeler g\u00f6rd\u00fc\u011f\u00fcn\u00fc ve Ba\u015fkan Yard\u0131mc\u0131s\u0131 JD Vance&#8217;in Pakistan&#8217;a gitmeye haz\u0131r oldu\u011funu s\u00f6ylemi\u015fti. Vance, bu ay \u0130slamabad&#8217;da ba\u015far\u0131s\u0131z bir ilk tur g\u00f6r\u00fc\u015fmeye liderlik etmi\u015fti.<\/p>\n<p>Ate\u015fkesin y\u00fcr\u00fcrl\u00fckte oldu\u011fu ABD-\u0130ran \u00e7at\u0131\u015fmas\u0131, 28 \u015eubat&#8217;ta ABD-\u0130srail&#8217;in \u0130ran&#8217;a y\u00f6nelik hava sald\u0131r\u0131lar\u0131yla ba\u015flam\u0131\u015ft\u0131.<\/p>\n<p>\u0130ran o zamandan beri \u0130srail&#8217;i, ABD \u00fcslerini ve K\u00f6rfez \u00fclkelerini vurdu.<\/p>\n<p>#DonaldTrump #\u0130ran #Pakistan #Ortado\u011fuBar\u0131\u015f\u0131 #Diplomasi #H\u00fcrm\u00fczBo\u011faz\u0131 #ABD\u0130ran\u00c7at\u0131\u015fmas\u0131 #EnerjiFiyatlar\u0131 #JaredKushner #B\u00f6lgeselGerilim<\/p>\n","protected":false},"excerpt":{"rendered":"<p>ABD Ba\u015fkan\u0131 Donald Trump, el\u00e7iler Jared Kushner ve Steve Witkoff&#8217;un \u0130ran ile bar\u0131\u015f g\u00f6r\u00fc\u015fmeleri i\u00e7in planlanan Pakistan gezisini iptal etti. Bay Trump, Truth Social&#8217;da yapt\u0131\u011f\u0131 payla\u015f\u0131mda, ABD&#8217;nin &#8220;t\u00fcm kartlara sahip oldu\u011funu&#8221; ve \u0130ran&#8217;\u0131n konu\u015fmak istemesi halinde &#8220;tek yapmalar\u0131 gerekenin aramak oldu\u011funu&#8221; belirtti. Ayr\u0131ca, gezinin seyahat i\u00e7in &#8220;\u00e7ok fazla zaman kayb\u0131&#8221; olaca\u011f\u0131n\u0131 s\u00f6yledi. Pakistanl\u0131 yetkililer, \u0130ran [&hellip;]<\/p>\n","protected":false},"author":2,"featured_media":9548,"comment_status":"open","ping_status":"open","sticky":false,"template":"","format":"standard","meta":{"footnotes":""},"categories":[37],"tags":[],"class_list":["post-9547","post","type-post","status-publish","format-standard","has-post-thumbnail","hentry","category-orta-dogu-haberleri"],"_links":{"self":[{"href":"https:\/\/fajr.news\/index.php?rest_route=\/wp\/v2\/posts\/9547","targetHints":{"allow":["GET"]}}],"collection":[{"href":"https:\/\/fajr.news\/index.php?rest_route=\/wp\/v2\/posts"}],"about":[{"href":"https:\/\/fajr.news\/index.php?rest_route=\/wp\/v2\/types\/post"}],"author":[{"embeddable":true,"href":"https:\/\/fajr.news\/index.php?rest_route=\/wp\/v2\/users\/2"}],"replies":[{"embeddable":true,"href":"https:\/\/fajr.news\/index.php?rest_route=%2Fwp%2Fv2%2Fcomments&post=9547"}],"version-history":[{"count":0,"href":"https:\/\/fajr.news\/index.php?rest_route=\/wp\/v2\/posts\/9547\/revisions"}],"wp:featuredmedia":[{"embeddable":true,"href":"https:\/\/fajr.news\/index.php?rest_route=\/wp\/v2\/media\/9548"}],"wp:attachment":[{"href":"https:\/\/fajr.news\/index.php?rest_route=%2Fwp%2Fv2%2Fmedia&parent=9547"}],"wp:term":[{"taxonomy":"category","embeddable":true,"href":"https:\/\/fajr.news\/index.php?rest_route=%2Fwp%2Fv2%2Fcategories&post=9547"},{"taxonomy":"post_tag","embeddable":true,"href":"https:\/\/fajr.news\/index.php?rest_route=%2Fwp%2Fv2%2Ftags&post=9547"}],"curies":[{"name":"wp","href":"https:\/\/api.w.org\/{rel}","templated":true}]}}