{"id":9535,"date":"2026-04-26T12:30:10","date_gmt":"2026-04-26T09:00:10","guid":{"rendered":"https:\/\/fajr.news\/?p=9535"},"modified":"2026-04-26T12:30:10","modified_gmt":"2026-04-26T09:00:10","slug":"orta-dogudaki-savas-son-gelismeler-4","status":"publish","type":"post","link":"https:\/\/fajr.news\/?p=9535&lang=tr","title":{"rendered":"Orta Do\u011fu&#8217;daki Sava\u015f: Son Geli\u015fmeler"},"content":{"rendered":"<p>PAR\u0130S: Orta Do\u011fu&#8217;daki sava\u015fta son geli\u015fmeler.<\/p>\n<p>\u0130srail G\u00fcney L\u00fcbnan&#8217;\u0131 Vurdu<br \/>\nL\u00fcbnan devlet medyas\u0131, \u0130srail Ba\u015fbakan\u0131 Binyamin Netanyahu&#8217;nun iddia edilen ate\u015fkes ihlallerinin ard\u0131ndan ordusuna Hizbullah&#8217;a sald\u0131rma emri vermesi \u00fczerine, Cumartesi ge\u00e7 saatlerde \u00fclkenin g\u00fcneyindeki en az d\u00f6rt farkl\u0131 noktada bir dizi yeni \u0130srail sald\u0131r\u0131s\u0131 d\u00fczenlendi\u011fini bildirdi.<br \/>\nG\u00fcn\u00fcn erken saatlerinde d\u00fczenlenen sald\u0131r\u0131larda, yak\u0131n zamanda uzat\u0131lan ate\u015fkese ra\u011fmen alt\u0131 ki\u015finin hayat\u0131n\u0131 kaybetti\u011fi bildirildi.<\/p>\n<p>\u0130ran D\u0131\u015fi\u015fleri Bakan\u0131 Pakistan&#8217;a Geri D\u00f6nd\u00fc<br \/>\nABD-\u0130ran bar\u0131\u015f g\u00f6r\u00fc\u015fmelerinin iptal edilmesiyle birlikte, \u0130ran D\u0131\u015fi\u015fleri Bakan\u0131 Abbas Araghchi&#8217;nin Umman ziyaretinin ard\u0131ndan Pakistan&#8217;a geri d\u00f6nece\u011fi devlet medyas\u0131 taraf\u0131ndan Cumartesi g\u00fcn\u00fc bildirildi.<br \/>\n\u0130ran D\u0131\u015fi\u015fleri Bakanl\u0131\u011f\u0131&#8217;na at\u0131fta bulunan IRNA haber ajans\u0131, g\u00fcn\u00fcn erken saatlerinde \u0130slamabad&#8217;dan ayr\u0131lan Araghchi&#8217;nin &#8220;Umman gezisini tamamlad\u0131ktan sonra ve Rusya&#8217;ya seyahat etmeden \u00f6nce Pakistan&#8217;\u0131 tekrar ziyaret etmesinin planland\u0131\u011f\u0131n\u0131&#8221; bildirdi.<\/p>\n<p>Pakistan Rol\u00fcne &#8216;Ba\u011fl\u0131&#8217;<br \/>\nPakistan Ba\u015fbakan\u0131 \u015eehbaz \u015eerif, \u0130slamabad&#8217;daki ABD-\u0130ran bar\u0131\u015f g\u00f6r\u00fc\u015fmelerinin iptal edilmesinin ard\u0131ndan \u0130ran Cumhurba\u015fkan\u0131 Mesud Peze\u015fkiyan ile telefonla g\u00f6r\u00fc\u015ft\u00fc\u011f\u00fcn\u00fc s\u00f6yledi.<br \/>\n\u015eerif, X&#8217;te yapt\u0131\u011f\u0131 payla\u015f\u0131mda, &#8220;Pakistan, b\u00f6lgede kal\u0131c\u0131 bar\u0131\u015f ve istikrar\u0131 ilerletmek i\u00e7in yorulmadan \u00e7al\u0131\u015farak d\u00fcr\u00fcst ve samimi bir kolayla\u015ft\u0131r\u0131c\u0131 rol\u00fcn\u00fc s\u00fcrd\u00fcrmeye kararl\u0131d\u0131r&#8221; diye yazd\u0131.<\/p>\n<p>ABD &#8216;Ger\u00e7ekten Ciddi mi&#8217;?<br \/>\n\u0130ran D\u0131\u015fi\u015fleri Bakan\u0131 Abbas Araghchi, ABD&#8217;nin &#8220;diplomasi konusunda ger\u00e7ekten ciddi olup olmad\u0131\u011f\u0131n\u0131n&#8221; hen\u00fcz belli olmad\u0131\u011f\u0131n\u0131 s\u00f6yledi.<\/p>\n<p>Trump El\u00e7ilerin Pakistan Ziyaretini \u0130ptal Etti<br \/>\nABD Ba\u015fkan\u0131 Donald Trump, el\u00e7ilerine sava\u015f\u0131n sona erdirilmesi konusunda \u0130ranl\u0131 yetkililerle g\u00f6r\u00fc\u015fmek \u00fczere Pakistan&#8217;a gitmemeleri talimat\u0131n\u0131 verdi.<br \/>\nTruth Social platformundaki bir g\u00f6nderisinde, &#8220;Liderlikleri i\u00e7inde muazzam bir i\u00e7 \u00e7eki\u015fme ve kafa kar\u0131\u015f\u0131kl\u0131\u011f\u0131 var. Kendileri de dahil olmak \u00fczere kimin sorumlu oldu\u011funu kimse bilmiyor&#8221; dedi.<br \/>\nTrump, bu hamlenin sava\u015f\u0131n yeniden ba\u015flamas\u0131 anlam\u0131na gelmedi\u011fini s\u00f6yledi.<\/p>\n<p>Alman May\u0131n Gemisi<br \/>\nBir savunma bakanl\u0131\u011f\u0131 s\u00f6zc\u00fcs\u00fc AFP&#8217;ye verdi\u011fi deme\u00e7te, Almanya&#8217;n\u0131n ABD-\u0130ran sava\u015f\u0131n\u0131n sona ermesinin ard\u0131ndan H\u00fcrm\u00fcz Bo\u011faz\u0131&#8217;nda olas\u0131 bir g\u00f6rev i\u00e7in yak\u0131nda Akdeniz&#8217;e bir may\u0131n gemisi g\u00f6nderece\u011fini s\u00f6yledi.<\/p>\n<p>ABD &#8216;Batakl\u0131\u011f\u0131&#8217;<br \/>\n\u0130ran Savunma Bakanl\u0131\u011f\u0131 s\u00f6zc\u00fcs\u00fc, ABD&#8217;nin &#8220;i\u00e7ine d\u00fc\u015ft\u00fc\u011f\u00fc sava\u015f batakl\u0131\u011f\u0131ndan onurlu bir \u015fekilde ka\u00e7\u0131\u015f yolu arad\u0131\u011f\u0131n\u0131&#8221; s\u00f6yledi.<br \/>\n\u0130ran ordusu ayr\u0131ca, ABD&#8217;nin \u0130ran limanlar\u0131na uygulad\u0131\u011f\u0131 ablukay\u0131 s\u00fcrd\u00fcrmesi halinde kar\u015f\u0131l\u0131k verece\u011fi uyar\u0131s\u0131nda bulunarak, bunu &#8220;haydutluk&#8221; olarak nitelendirdi.<\/p>\n<p>\u0130ran&#8217;da \u0130nfaz<br \/>\n\u0130ran, Ocak ay\u0131ndaki kitlesel protestolar s\u0131ras\u0131nda \u0130srail&#8217;in casusluk te\u015fkilat\u0131 ad\u0131na bir &#8220;g\u00f6rev&#8221; y\u00fcr\u00fctt\u00fc\u011f\u00fcn\u00fc iddia etti\u011fi bir adam\u0131n idam cezas\u0131yla sava\u015f s\u0131ras\u0131nda ger\u00e7ekle\u015ftirdi\u011fi uzun infaz serisini geni\u015fletti.<\/p>\n<p>Kuveyt Gazeteciyi Serbest B\u0131rakt\u0131<br \/>\nBir ABD D\u0131\u015fi\u015fleri Bakanl\u0131\u011f\u0131 yetkilisi, ABD-\u0130ran sava\u015f\u0131n\u0131n g\u00f6r\u00fcnt\u00fclerini payla\u015fmaya y\u00f6nelik bir bask\u0131 s\u0131ras\u0131nda Kuveyt&#8217;te haftalarca tutulduktan sonra Amerikal\u0131-Kuveytli bir gazetecinin serbest b\u0131rak\u0131ld\u0131\u011f\u0131n\u0131 s\u00f6yledi.<br \/>\nThe New York Times, PBS ve Al Jazeera English&#8217;e katk\u0131da bulunan Ahmed Shihab-Eldin, 3 Mart&#8217;ta yalan bilgi yaymak, ulusal g\u00fcvenli\u011fe zarar vermek ve cep telefonunu k\u00f6t\u00fcye kullanmak iddialar\u0131yla tutuklanm\u0131\u015ft\u0131.<\/p>\n<p>#OrtaDo\u011fuSava\u015f\u0131 #\u0130srailL\u00fcbnan #ABD\u0130ran #Ate\u015fkes\u0130hlali #Diplomasi #Pakistan #H\u00fcrm\u00fczBo\u011faz\u0131 #\u0130ran\u0130nfaz #Kuveyt #K\u00fcreselGerilim<\/p>\n","protected":false},"excerpt":{"rendered":"<p>PAR\u0130S: Orta Do\u011fu&#8217;daki sava\u015fta son geli\u015fmeler. \u0130srail G\u00fcney L\u00fcbnan&#8217;\u0131 Vurdu L\u00fcbnan devlet medyas\u0131, \u0130srail Ba\u015fbakan\u0131 Binyamin Netanyahu&#8217;nun iddia edilen ate\u015fkes ihlallerinin ard\u0131ndan ordusuna Hizbullah&#8217;a sald\u0131rma emri vermesi \u00fczerine, Cumartesi ge\u00e7 saatlerde \u00fclkenin g\u00fcneyindeki en az d\u00f6rt farkl\u0131 noktada bir dizi yeni \u0130srail sald\u0131r\u0131s\u0131 d\u00fczenlendi\u011fini bildirdi. G\u00fcn\u00fcn erken saatlerinde d\u00fczenlenen sald\u0131r\u0131larda, yak\u0131n zamanda uzat\u0131lan ate\u015fkese ra\u011fmen [&hellip;]<\/p>\n","protected":false},"author":2,"featured_media":9536,"comment_status":"open","ping_status":"open","sticky":false,"template":"","format":"standard","meta":{"footnotes":""},"categories":[37],"tags":[],"class_list":["post-9535","post","type-post","status-publish","format-standard","has-post-thumbnail","hentry","category-orta-dogu-haberleri"],"_links":{"self":[{"href":"https:\/\/fajr.news\/index.php?rest_route=\/wp\/v2\/posts\/9535","targetHints":{"allow":["GET"]}}],"collection":[{"href":"https:\/\/fajr.news\/index.php?rest_route=\/wp\/v2\/posts"}],"about":[{"href":"https:\/\/fajr.news\/index.php?rest_route=\/wp\/v2\/types\/post"}],"author":[{"embeddable":true,"href":"https:\/\/fajr.news\/index.php?rest_route=\/wp\/v2\/users\/2"}],"replies":[{"embeddable":true,"href":"https:\/\/fajr.news\/index.php?rest_route=%2Fwp%2Fv2%2Fcomments&post=9535"}],"version-history":[{"count":0,"href":"https:\/\/fajr.news\/index.php?rest_route=\/wp\/v2\/posts\/9535\/revisions"}],"wp:featuredmedia":[{"embeddable":true,"href":"https:\/\/fajr.news\/index.php?rest_route=\/wp\/v2\/media\/9536"}],"wp:attachment":[{"href":"https:\/\/fajr.news\/index.php?rest_route=%2Fwp%2Fv2%2Fmedia&parent=9535"}],"wp:term":[{"taxonomy":"category","embeddable":true,"href":"https:\/\/fajr.news\/index.php?rest_route=%2Fwp%2Fv2%2Fcategories&post=9535"},{"taxonomy":"post_tag","embeddable":true,"href":"https:\/\/fajr.news\/index.php?rest_route=%2Fwp%2Fv2%2Ftags&post=9535"}],"curies":[{"name":"wp","href":"https:\/\/api.w.org\/{rel}","templated":true}]}}