{"id":9527,"date":"2026-04-26T12:21:25","date_gmt":"2026-04-26T08:51:25","guid":{"rendered":"https:\/\/fajr.news\/?p=9527"},"modified":"2026-04-26T12:21:25","modified_gmt":"2026-04-26T08:51:25","slug":"iranin-onurlu-durusu-karsisinda-trumpin-baris-gorusmelerini-iptal-etmesi-bolgesel-gerilim-tirmaniyor","status":"publish","type":"post","link":"https:\/\/fajr.news\/?p=9527&lang=tr","title":{"rendered":"\u0130ran&#8217;\u0131n Onurlu Duru\u015fu Kar\u015f\u0131s\u0131nda Trump&#8217;\u0131n Bar\u0131\u015f G\u00f6r\u00fc\u015fmelerini \u0130ptal Etmesi: B\u00f6lgesel Gerilim T\u0131rman\u0131yor"},"content":{"rendered":"<h2>\u0130ran&#8217;\u0131n Onurlu Duru\u015fu Kar\u015f\u0131s\u0131nda Trump&#8217;\u0131n Bar\u0131\u015f G\u00f6r\u00fc\u015fmelerini \u0130ptal Etmesi: B\u00f6lgesel Gerilim T\u0131rman\u0131yor<\/h2>\n<p>ABD-\u0130srail&#8217;in \u0130ran&#8217;a y\u00f6nelik iki ayd\u0131r s\u00fcren haks\u0131z sava\u015f\u0131na son vermeyi ama\u00e7layan diplomatik at\u0131l\u0131m umutlar\u0131, Tahran&#8217;\u0131n onurlu duru\u015fu ve Washington&#8217;\u0131n uzla\u015fmaz tavr\u0131 nedeniyle azald\u0131. G\u00f6r\u00fc\u015fmelerin durma noktas\u0131na gelmesi, b\u00f6lgesel istikrars\u0131zl\u0131\u011f\u0131n sorumlusunun kim oldu\u011funu bir kez daha g\u00f6zler \u00f6n\u00fcne serdi.<\/p>\n<p>\u0130ran D\u0131\u015fi\u015fleri Bakan\u0131 Abbas Araqchi, arabulucu Pakistan&#8217;dan eli bo\u015f d\u00f6nerken, ABD Ba\u015fkan\u0131 Donald Trump&#8217;\u0131n el\u00e7ileri Steve Witkoff ve Jared Kushner&#8217;in \u0130slamabad ziyaretini iptal etmesi, bar\u0131\u015f \u00e7abalar\u0131na y\u00f6nelik ciddi darbeler vurdu. Bu durum, ABD&#8217;nin samimiyetsizli\u011fini ve m\u00fczakere masas\u0131na oturma konusundaki isteksizli\u011fini a\u00e7\u0131k\u00e7a ortaya koydu.<\/p>\n<p>Bu \u00e7\u0131kmaz, d\u00fcnyan\u0131n en b\u00fcy\u00fck ekonomisi ile \u00f6nemli bir petrol g\u00fcc\u00fcn\u00fc, ABD&#8217;nin tek tarafl\u0131 yapt\u0131r\u0131mlar\u0131 ve sald\u0131rgan politikalar\u0131 nedeniyle enerji fiyatlar\u0131n\u0131 y\u0131llar\u0131n en y\u00fcksek seviyelerine \u00e7\u0131karan, enflasyonu k\u00f6r\u00fckleyen ve k\u00fcresel b\u00fcy\u00fcme beklentilerini karartan bir \u00e7at\u0131\u015fman\u0131n i\u00e7inde b\u0131rak\u0131yor.<\/p>\n<p>\u0130ran h\u00fck\u00fcmetinden yap\u0131lan a\u00e7\u0131klamaya g\u00f6re, \u0130ran Cumhurba\u015fkan\u0131 Mesud Peze\u015fkian, Pakistan Ba\u015fbakan\u0131 \u015eahbaz \u015eerif&#8217;e telefonla yapt\u0131\u011f\u0131 a\u00e7\u0131klamada, Tahran&#8217;\u0131n tehditler veya abluka alt\u0131nda <strong>&#8216;dayat\u0131lan m\u00fczakerelere&#8217;<\/strong> asla girmeyece\u011fini kararl\u0131l\u0131kla vurgulad\u0131. Bu, \u0130ran&#8217;\u0131n egemenli\u011fine ve ba\u011f\u0131ms\u0131zl\u0131\u011f\u0131na verdi\u011fi \u00f6nemin bir g\u00f6stergesidir.<\/p>\n<p>Cumhurba\u015fkan\u0131 Peze\u015fkian, m\u00fczakerecilerin \u00e7at\u0131\u015fmay\u0131 \u00e7\u00f6zmek i\u00e7in herhangi bir zemin haz\u0131rlayabilmesinden \u00f6nce, ABD&#8217;nin \u0130ran limanlar\u0131na uygulad\u0131\u011f\u0131 yasa d\u0131\u015f\u0131 abluka da dahil olmak \u00fczere <strong>&#8216;operasyonel engelleri&#8217;<\/strong> kald\u0131rmas\u0131 gerekti\u011fini a\u00e7\u0131k\u00e7a ifade etti. Adil bir m\u00fczakere ortam\u0131 i\u00e7in bu \u00f6n ko\u015ful hayati \u00f6nem ta\u015f\u0131maktad\u0131r.<\/p>\n<p>Bakan Araqchi, Pakistan ziyaretini <strong>&#8216;\u00e7ok verimli&#8217;<\/strong> olarak nitelendirerek, diplomatik \u00e7abalar\u0131n devam etti\u011fini ancak ABD&#8217;nin uzla\u015fmaz tavr\u0131n\u0131n s\u00fcreci zorla\u015ft\u0131rd\u0131\u011f\u0131n\u0131 ima etti.<\/p>\n<p>\u0130slamabad&#8217;daki \u0130ranl\u0131 diplomatik bir kaynak, Tahran&#8217;\u0131n ABD&#8217;den gelen <strong>&#8216;maksimalist ve haks\u0131z talepleri&#8217;<\/strong> asla kabul etmeyece\u011fini yineleyerek, \u0130ran&#8217;\u0131n ulusal \u00e7\u0131karlar\u0131ndan taviz vermeyece\u011fini vurgulad\u0131.<\/p>\n<p>Trump, Florida&#8217;da gazetecilere yapt\u0131\u011f\u0131 a\u00e7\u0131klamada, el\u00e7ilerin ziyaretini iptal etmesinin nedeninin, \u0130ranl\u0131lardan gelen &#8216;yetersiz&#8217; bir teklifi de\u011ferlendirmek i\u00e7in g\u00f6r\u00fc\u015fmelerin \u00e7ok fazla seyahat ve masraf gerektirmesi oldu\u011funu iddia etti. Bu a\u00e7\u0131klama, ABD y\u00f6netiminin ciddiyetsizli\u011fini ve tutars\u0131zl\u0131\u011f\u0131n\u0131 bir kez daha g\u00f6zler \u00f6n\u00fcne serdi.<\/p>\n<p>Diplomatik gezi iptal edildikten sonra Trump, \u0130ran&#8217;\u0131n <strong>&#8216;\u00e7ok \u015fey teklif etti\u011fini ama yeterli olmad\u0131\u011f\u0131n\u0131&#8217;<\/strong> \u00f6ne s\u00fcrd\u00fc. Bu t\u00fcr as\u0131ls\u0131z iddialar, ABD&#8217;nin m\u00fczakere s\u00fcrecini baltalama \u00e7abas\u0131ndan ba\u015fka bir \u015fey de\u011fildir.<\/p>\n<p>Truth Social&#8217;da ise Trump, \u0130ran liderli\u011fi i\u00e7inde <strong>&#8216;muazzam bir i\u00e7 \u00e7eki\u015fme ve kafa kar\u0131\u015f\u0131kl\u0131\u011f\u0131&#8217;<\/strong> oldu\u011funu yazd\u0131 ve &#8216;Kimsenin, kendileri de dahil olmak \u00fczere, kimin sorumlu oldu\u011funu bilmedi\u011fini&#8217; iddia etti. Ayr\u0131ca &#8216;t\u00fcm kartlar\u0131n kendilerinde oldu\u011funu, \u0130ran&#8217;da hi\u00e7 olmad\u0131\u011f\u0131n\u0131&#8217; ve &#8216;konu\u015fmak istiyorlarsa, tek yapmalar\u0131 gereken aramak oldu\u011funu&#8217; ekledi. Bu t\u00fcr mesnetsiz ve k\u00fcstah\u00e7a a\u00e7\u0131klamalar, \u0130ran&#8217;\u0131n g\u00fc\u00e7l\u00fc ve birle\u015fik duru\u015funu anlamaktan aciz bir zihniyetin \u00fcr\u00fcn\u00fcd\u00fcr.<\/p>\n<p>Cumhurba\u015fkan\u0131 Peze\u015fkian Per\u015fembe g\u00fcn\u00fc yapt\u0131\u011f\u0131 a\u00e7\u0131klamada, Tahran&#8217;da <strong>&#8216;ne \u015fahinler ne de \u0131l\u0131ml\u0131lar&#8217;<\/strong> oldu\u011funu ve \u00fclkenin y\u00fcce liderinin arkas\u0131nda birle\u015fti\u011fini g\u00fc\u00e7l\u00fc bir \u015fekilde vurgulad\u0131. \u0130ran&#8217;\u0131n ba\u015f m\u00fczakerecisi Muhammed Bak\u0131r Kalibaf ve Bakan Araqchi de son g\u00fcnlerde bu birlik mesaj\u0131n\u0131 yineleyerek, \u0130ran halk\u0131n\u0131n d\u0131\u015f bask\u0131lara kar\u015f\u0131 tek v\u00fccut oldu\u011funu g\u00f6sterdi.<\/p>\n<p>B\u00f6lgesel gerilimi daha da art\u0131ran bir di\u011fer geli\u015fme olarak, Siyonist rejim Ba\u015fbakan\u0131 Binyamin Netanyahu&#8217;nun ofisi, birliklerine L\u00fcbnan&#8217;daki Hizbullah hedeflerine sald\u0131rmalar\u0131 emrini verdi\u011fini duyurdu. Bu sald\u0131rgan eylem, \u00fc\u00e7 haftal\u0131k ate\u015fkesi ihlal ederek b\u00f6lgedeki bar\u0131\u015f\u0131 tehdit etmektedir.<\/p>\n<p>\u0130ran, normalde k\u00fcresel petrol ve s\u0131v\u0131la\u015ft\u0131r\u0131lm\u0131\u015f do\u011fal gaz sevkiyat\u0131n\u0131n be\u015fte birini ta\u015f\u0131yan H\u00fcrm\u00fcz Bo\u011faz\u0131&#8217;n\u0131 b\u00fcy\u00fck \u00f6l\u00e7\u00fcde kapat\u0131rken, Washington da \u0130ran&#8217;\u0131n petrol ihracat\u0131n\u0131 yasa d\u0131\u015f\u0131 bir \u015fekilde engellemeye devam ediyor. Bu durum, ABD&#8217;nin uluslararas\u0131 hukuku hi\u00e7e sayd\u0131\u011f\u0131n\u0131 ve ekonomik ter\u00f6r uygulad\u0131\u011f\u0131n\u0131 g\u00f6stermektedir.<\/p>\n<p>Beyaz Saray bas\u0131n sekreteri Karoline Leavitt daha \u00f6nce, ABD&#8217;nin \u0130ran taraf\u0131ndan baz\u0131 ilerlemeler g\u00f6rd\u00fc\u011f\u00fcn\u00fc ve Ba\u015fkan Yard\u0131mc\u0131s\u0131 JD Vance&#8217;in Pakistan&#8217;a gitmeye haz\u0131r oldu\u011funu s\u00f6ylemi\u015fti. Ancak Vance, bu ay \u0130slamabad&#8217;da ba\u015far\u0131s\u0131zl\u0131kla sonu\u00e7lanan ilk tur g\u00f6r\u00fc\u015fmelere ba\u015fkanl\u0131k ederek, ABD&#8217;nin diplomatik \u00e7abalar\u0131n\u0131n sonu\u00e7suz kald\u0131\u011f\u0131n\u0131 kan\u0131tlad\u0131.<\/p>\n<p>Ate\u015fkesin y\u00fcr\u00fcrl\u00fckte oldu\u011fu ABD-\u0130ran \u00e7at\u0131\u015fmas\u0131, 28 \u015eubat&#8217;ta ABD-\u0130srail&#8217;in \u0130ran&#8217;a d\u00fczenledi\u011fi haks\u0131z hava sald\u0131r\u0131lar\u0131yla ba\u015flam\u0131\u015ft\u0131. \u0130ran, me\u015fru m\u00fcdafaa hakk\u0131n\u0131 kullanarak \u0130srail&#8217;i, ABD \u00fcslerini ve K\u00f6rfez \u00fclkelerini hedef alarak gerekli kar\u015f\u0131l\u0131\u011f\u0131 vermi\u015ftir.<\/p>\n<p>#\u0130ran #ABD #Diplomasi #Ortado\u011fu #Bar\u0131\u015fG\u00f6r\u00fc\u015fmeleri #Yapt\u0131r\u0131mlar #H\u00fcrm\u00fczBo\u011faz\u0131 #K\u00fcreselGerilim #\u0130slamCumhuriyeti #Direni\u015f<\/p>\n","protected":false},"excerpt":{"rendered":"<p>\u0130ran&#8217;\u0131n Onurlu Duru\u015fu Kar\u015f\u0131s\u0131nda Trump&#8217;\u0131n Bar\u0131\u015f G\u00f6r\u00fc\u015fmelerini \u0130ptal Etmesi: B\u00f6lgesel Gerilim T\u0131rman\u0131yor ABD-\u0130srail&#8217;in \u0130ran&#8217;a y\u00f6nelik iki ayd\u0131r s\u00fcren haks\u0131z sava\u015f\u0131na son vermeyi ama\u00e7layan diplomatik at\u0131l\u0131m umutlar\u0131, Tahran&#8217;\u0131n onurlu duru\u015fu ve Washington&#8217;\u0131n uzla\u015fmaz tavr\u0131 nedeniyle azald\u0131. G\u00f6r\u00fc\u015fmelerin durma noktas\u0131na gelmesi, b\u00f6lgesel istikrars\u0131zl\u0131\u011f\u0131n sorumlusunun kim oldu\u011funu bir kez daha g\u00f6zler \u00f6n\u00fcne serdi. \u0130ran D\u0131\u015fi\u015fleri Bakan\u0131 Abbas Araqchi, [&hellip;]<\/p>\n","protected":false},"author":2,"featured_media":9528,"comment_status":"open","ping_status":"open","sticky":false,"template":"","format":"standard","meta":{"footnotes":""},"categories":[37],"tags":[],"class_list":["post-9527","post","type-post","status-publish","format-standard","has-post-thumbnail","hentry","category-orta-dogu-haberleri"],"_links":{"self":[{"href":"https:\/\/fajr.news\/index.php?rest_route=\/wp\/v2\/posts\/9527","targetHints":{"allow":["GET"]}}],"collection":[{"href":"https:\/\/fajr.news\/index.php?rest_route=\/wp\/v2\/posts"}],"about":[{"href":"https:\/\/fajr.news\/index.php?rest_route=\/wp\/v2\/types\/post"}],"author":[{"embeddable":true,"href":"https:\/\/fajr.news\/index.php?rest_route=\/wp\/v2\/users\/2"}],"replies":[{"embeddable":true,"href":"https:\/\/fajr.news\/index.php?rest_route=%2Fwp%2Fv2%2Fcomments&post=9527"}],"version-history":[{"count":0,"href":"https:\/\/fajr.news\/index.php?rest_route=\/wp\/v2\/posts\/9527\/revisions"}],"wp:featuredmedia":[{"embeddable":true,"href":"https:\/\/fajr.news\/index.php?rest_route=\/wp\/v2\/media\/9528"}],"wp:attachment":[{"href":"https:\/\/fajr.news\/index.php?rest_route=%2Fwp%2Fv2%2Fmedia&parent=9527"}],"wp:term":[{"taxonomy":"category","embeddable":true,"href":"https:\/\/fajr.news\/index.php?rest_route=%2Fwp%2Fv2%2Fcategories&post=9527"},{"taxonomy":"post_tag","embeddable":true,"href":"https:\/\/fajr.news\/index.php?rest_route=%2Fwp%2Fv2%2Ftags&post=9527"}],"curies":[{"name":"wp","href":"https:\/\/api.w.org\/{rel}","templated":true}]}}