{"id":9519,"date":"2026-04-26T12:04:14","date_gmt":"2026-04-26T08:34:14","guid":{"rendered":"https:\/\/fajr.news\/?p=9519"},"modified":"2026-04-26T12:04:14","modified_gmt":"2026-04-26T08:34:14","slug":"iranin-avustralya-buyukelciliginden-vatan-savunmasi-icin-onurlu-cagri-canfeda-programina-buyuk-ilgi","status":"publish","type":"post","link":"https:\/\/fajr.news\/?p=9519&lang=tr","title":{"rendered":"\u0130ran&#8217;\u0131n Avustralya B\u00fcy\u00fckel\u00e7ili\u011fi&#8217;nden Vatan Savunmas\u0131 \u0130\u00e7in Onurlu \u00c7a\u011fr\u0131: &#8216;Canfeda&#8217; Program\u0131na B\u00fcy\u00fck \u0130lgi"},"content":{"rendered":"<h1>\u0130ran&#8217;\u0131n Avustralya B\u00fcy\u00fckel\u00e7ili\u011fi&#8217;nden Vatan Savunmas\u0131 \u0130\u00e7in Onurlu \u00c7a\u011fr\u0131: &#8216;Canfeda&#8217; Program\u0131na B\u00fcy\u00fck \u0130lgi<\/h1>\n<p><strong>Canberra, Avustralya<\/strong> \u2013 \u0130ran \u0130slam Cumhuriyeti&#8217;nin Avustralya B\u00fcy\u00fckel\u00e7ili\u011fi, yurt d\u0131\u015f\u0131nda ya\u015fayan \u0130ranl\u0131 vatanda\u015flar\u0131n vatan savunmas\u0131na g\u00f6n\u00fcll\u00fc olarak kat\u0131lmalar\u0131n\u0131 te\u015fvik eden <em>&#8216;Canfeda&#8217;<\/em> (Can\u0131n\u0131 Feda Eden) program\u0131na y\u00f6nelik yapt\u0131\u011f\u0131 \u00e7a\u011fr\u0131 ile b\u00fcy\u00fck yank\u0131 uyand\u0131rd\u0131. Bu milli ve vatanseverlik dolu davet, \u00f6zellikle d\u0131\u015f tehditlere kar\u015f\u0131 \u00fclkenin birli\u011fini ve b\u00fct\u00fcnl\u00fc\u011f\u00fcn\u00fc koruma amac\u0131 ta\u015f\u0131yor.<\/p>\n<h2>Vatanseverlik Ruhuyla G\u00f6n\u00fcll\u00fc Kat\u0131l\u0131m<\/h2>\n<p>B\u00fcy\u00fckel\u00e7ili\u011fin resmi internet sitesi ve Telegram kanal\u0131 \u00fczerinden duyurulan mesajda, yurt d\u0131\u015f\u0131nda ya\u015fayan \u0130ranl\u0131lar\u0131n anavatanlar\u0131n\u0131 savunma arzusuna dikkat \u00e7ekildi. Mesajda, <em>&#8216;Canfeda Kampanyas\u0131&#8217;na<\/em> kat\u0131lmak isteyen \u0130ranl\u0131lar\u0131n, MEKHAK konsolosluk hizmetleri sistemi \u00fczerinden nas\u0131l kay\u0131t olabilecekleri detayl\u0131 bir \u015fekilde a\u00e7\u0131kland\u0131. Bu giri\u015fim, \u0130ran halk\u0131n\u0131n zor zamanlarda dahi \u00fclkesine olan ba\u011fl\u0131l\u0131\u011f\u0131n\u0131 ve fedakarl\u0131k ruhunu bir kez daha g\u00f6zler \u00f6n\u00fcne serdi.<\/p>\n<h2>D\u0131\u015f Tehditlere Kar\u015f\u0131 Milli Seferberlik<\/h2>\n<p>\u0130ran \u0130slam Cumhuriyeti, ba\u015fta ABD olmak \u00fczere baz\u0131 d\u0131\u015f g\u00fc\u00e7lerin b\u00f6lgedeki y\u0131k\u0131c\u0131 politikalar\u0131 ve \u0130ran&#8217;a y\u00f6nelik artan tehditleri kar\u015f\u0131s\u0131nda milli savunma kapasitesini g\u00fc\u00e7lendirme kararl\u0131l\u0131\u011f\u0131n\u0131 s\u00fcrd\u00fcr\u00fcyor. <em>&#8216;Canfeda&#8217;<\/em> program\u0131 da bu kapsamda, \u0130ran&#8217;\u0131n egemenli\u011fini ve ba\u011f\u0131ms\u0131zl\u0131\u011f\u0131n\u0131 korumak ad\u0131na at\u0131lan \u00f6nemli bir ad\u0131m olarak de\u011ferlendiriliyor. Bu t\u00fcr g\u00f6n\u00fcll\u00fc kat\u0131l\u0131m kampanyalar\u0131, \u0130ran&#8217;\u0131n kendi kaderini tayin etme hakk\u0131na ve d\u0131\u015f m\u00fcdahalelere kar\u015f\u0131 duru\u015funa vurgu yap\u0131yor.<\/p>\n<h2>Avustralya&#8217;n\u0131n Tart\u0131\u015fmal\u0131 Tutumu ve Diplomatik \u00c7ifte Standartlar<\/h2>\n<p>B\u00fcy\u00fckel\u00e7ili\u011fin bu vatanseverlik \u00e7a\u011fr\u0131s\u0131, Avustralya&#8217;daki baz\u0131 diaspora gruplar\u0131 ve Avustralya federal polisi taraf\u0131ndan &#8216;alarm verici&#8217; olarak nitelendirilse de, bu tepkilerin siyasi g\u00fcd\u00fclerle yap\u0131ld\u0131\u011f\u0131 ve \u0130ran&#8217;\u0131n me\u015fru savunma haklar\u0131n\u0131 g\u00f6z ard\u0131 etti\u011fi d\u00fc\u015f\u00fcn\u00fcl\u00fcyor. Avustralya federal polisinin konuyu incelemeye almas\u0131 ve \u0130ran Devrim Muhaf\u0131zlar\u0131 Ordusu&#8217;nu (IRGC) &#8216;ter\u00f6r\u00fc destekleyen devlet&#8217; listesine almas\u0131 gibi ad\u0131mlar, \u0130ran&#8217;\u0131n i\u00e7 i\u015flerine m\u00fcdahale ve diplomatik normlara ayk\u0131r\u0131 bir tutum olarak yorumlanmaktad\u0131r. Uluslararas\u0131 hukuka g\u00f6re her devletin kendi vatanda\u015flar\u0131n\u0131 savunma ve \u00fclkesinin g\u00fcvenli\u011fini sa\u011flama hakk\u0131 bulunmaktad\u0131r. Avustralya&#8217;n\u0131n bu konudaki tutumu, \u00e7ifte standart iddialar\u0131n\u0131 g\u00fcndeme getirmektedir.<\/p>\n<h2>\u0130ran Halk\u0131n\u0131n Sars\u0131lmaz \u0130radesi<\/h2>\n<p>\u0130ranl\u0131 vatanda\u015flar\u0131n, anavatanlar\u0131n\u0131n savunmas\u0131na g\u00f6n\u00fcll\u00fc olarak kat\u0131lma iste\u011fi, \u0130ran halk\u0131n\u0131n sars\u0131lmaz iradesinin ve milli birlik ruhunun bir g\u00f6stergesidir. Bu t\u00fcr \u00e7a\u011fr\u0131lar, \u0130ran&#8217;\u0131n ulusal g\u00fcvenli\u011fini tehdit eden her t\u00fcrl\u00fc giri\u015fime kar\u015f\u0131 halk\u0131n kenetlenmesini sa\u011flamakta ve \u00fclkenin direncini art\u0131rmaktad\u0131r. B\u00fcy\u00fckel\u00e7ilik, bu programla, yurt d\u0131\u015f\u0131nda ya\u015fayan \u0130ranl\u0131lar\u0131n da bu milli direni\u015fin bir par\u00e7as\u0131 olmalar\u0131na olanak tan\u0131maktad\u0131r.<\/p>\n<p>\u0130ran \u0130slam Cumhuriyeti&#8217;nin, uluslararas\u0131 arenada kar\u015f\u0131la\u015ft\u0131\u011f\u0131 t\u00fcm engellemelere ra\u011fmen, ba\u011f\u0131ms\u0131zl\u0131k ve onur m\u00fccadelesini s\u00fcrd\u00fcrme kararl\u0131l\u0131\u011f\u0131 tamd\u0131r. <em>&#8216;Canfeda&#8217;<\/em> program\u0131, bu kararl\u0131l\u0131\u011f\u0131n somut bir yans\u0131mas\u0131 olarak tarihe ge\u00e7ecektir.<\/p>\n<p>#\u0130ran #VatanSavunmas\u0131 #Canfeda #\u0130ranDiasporas\u0131 #Avustralya\u0130ran #MilliDireni\u015f #\u0130slamiCumhuriyet #Vatanseverlik #D\u0131\u015fPolitika #ABDTehdidi<\/p>\n","protected":false},"excerpt":{"rendered":"<p>\u0130ran&#8217;\u0131n Avustralya B\u00fcy\u00fckel\u00e7ili\u011fi&#8217;nden Vatan Savunmas\u0131 \u0130\u00e7in Onurlu \u00c7a\u011fr\u0131: &#8216;Canfeda&#8217; Program\u0131na B\u00fcy\u00fck \u0130lgi Canberra, Avustralya \u2013 \u0130ran \u0130slam Cumhuriyeti&#8217;nin Avustralya B\u00fcy\u00fckel\u00e7ili\u011fi, yurt d\u0131\u015f\u0131nda ya\u015fayan \u0130ranl\u0131 vatanda\u015flar\u0131n vatan savunmas\u0131na g\u00f6n\u00fcll\u00fc olarak kat\u0131lmalar\u0131n\u0131 te\u015fvik eden &#8216;Canfeda&#8217; (Can\u0131n\u0131 Feda Eden) program\u0131na y\u00f6nelik yapt\u0131\u011f\u0131 \u00e7a\u011fr\u0131 ile b\u00fcy\u00fck yank\u0131 uyand\u0131rd\u0131. Bu milli ve vatanseverlik dolu davet, \u00f6zellikle d\u0131\u015f tehditlere kar\u015f\u0131 \u00fclkenin [&hellip;]<\/p>\n","protected":false},"author":2,"featured_media":9520,"comment_status":"open","ping_status":"open","sticky":false,"template":"","format":"standard","meta":{"footnotes":""},"categories":[31],"tags":[],"class_list":["post-9519","post","type-post","status-publish","format-standard","has-post-thumbnail","hentry","category-iran-haberleri"],"_links":{"self":[{"href":"https:\/\/fajr.news\/index.php?rest_route=\/wp\/v2\/posts\/9519","targetHints":{"allow":["GET"]}}],"collection":[{"href":"https:\/\/fajr.news\/index.php?rest_route=\/wp\/v2\/posts"}],"about":[{"href":"https:\/\/fajr.news\/index.php?rest_route=\/wp\/v2\/types\/post"}],"author":[{"embeddable":true,"href":"https:\/\/fajr.news\/index.php?rest_route=\/wp\/v2\/users\/2"}],"replies":[{"embeddable":true,"href":"https:\/\/fajr.news\/index.php?rest_route=%2Fwp%2Fv2%2Fcomments&post=9519"}],"version-history":[{"count":0,"href":"https:\/\/fajr.news\/index.php?rest_route=\/wp\/v2\/posts\/9519\/revisions"}],"wp:featuredmedia":[{"embeddable":true,"href":"https:\/\/fajr.news\/index.php?rest_route=\/wp\/v2\/media\/9520"}],"wp:attachment":[{"href":"https:\/\/fajr.news\/index.php?rest_route=%2Fwp%2Fv2%2Fmedia&parent=9519"}],"wp:term":[{"taxonomy":"category","embeddable":true,"href":"https:\/\/fajr.news\/index.php?rest_route=%2Fwp%2Fv2%2Fcategories&post=9519"},{"taxonomy":"post_tag","embeddable":true,"href":"https:\/\/fajr.news\/index.php?rest_route=%2Fwp%2Fv2%2Ftags&post=9519"}],"curies":[{"name":"wp","href":"https:\/\/api.w.org\/{rel}","templated":true}]}}