{"id":9511,"date":"2026-04-26T11:40:38","date_gmt":"2026-04-26T08:10:38","guid":{"rendered":"https:\/\/fajr.news\/?p=9511"},"modified":"2026-04-26T11:40:38","modified_gmt":"2026-04-26T08:10:38","slug":"orta-dogudaki-savas-son-gelismeler-3","status":"publish","type":"post","link":"https:\/\/fajr.news\/?p=9511&lang=tr","title":{"rendered":"Orta Do\u011fu&#8217;daki Sava\u015f: Son Geli\u015fmeler"},"content":{"rendered":"<p>PAR\u0130S (FRANSA) &#8211; Orta Do\u011fu&#8217;daki sava\u015fta son geli\u015fmeler:<\/p>\n<p>&#8211; Trump el\u00e7ilerin Pakistan gezisini iptal etti &#8211;<br \/>\nABD Ba\u015fkan\u0131 Donald Trump Cumartesi g\u00fcn\u00fc Fox News&#8217;e yapt\u0131\u011f\u0131 a\u00e7\u0131klamada, el\u00e7ilerine sava\u015f\u0131 sona erdirmek i\u00e7in \u0130ranl\u0131 yetkililerle g\u00f6r\u00fc\u015fmelere devam etmek \u00fczere Pakistan&#8217;a gitmemeleri talimat\u0131n\u0131 verdi\u011fini s\u00f6yledi. Fox News&#8217;in aktard\u0131\u011f\u0131na g\u00f6re Ba\u015fkan, bir telefon g\u00f6r\u00fc\u015fmesinde \u015funlar\u0131 s\u00f6yledi: &#8220;Biraz \u00f6nce adamlar\u0131ma yola \u00e7\u0131kmaya haz\u0131rland\u0131klar\u0131n\u0131 s\u00f6yledim ve &#8216;Hay\u0131r, oraya gitmek i\u00e7in 18 saatlik bir u\u00e7u\u015f yapmayacaks\u0131n\u0131z&#8217; dedim. T\u00fcm kartlar bizde. \u0130stekleri zaman bizi arayabilirler, ama hi\u00e7bir \u015fey hakk\u0131nda konu\u015fmak i\u00e7in 18 saatlik u\u00e7u\u015flar yapmayacaks\u0131n\u0131z.&#8221; Trump, bu hamlenin sava\u015f\u0131n yeniden ba\u015flamas\u0131 anlam\u0131na gelmedi\u011fini belirtti.<\/p>\n<p>&#8211; L\u00fcbnan&#8217;da d\u00f6rt ki\u015fi \u00f6ld\u00fcr\u00fcld\u00fc &#8211;<br \/>\nL\u00fcbnan sa\u011fl\u0131k bakanl\u0131\u011f\u0131, \u0130srail ile \u0130ran destekli militan grup Hizbullah aras\u0131ndaki sava\u015fta bu hafta uzat\u0131lan ate\u015fkese ra\u011fmen \u0130srail sald\u0131r\u0131lar\u0131n\u0131n \u00fclkenin g\u00fcneyinde d\u00f6rt ki\u015fiyi \u00f6ld\u00fcrd\u00fc\u011f\u00fcn\u00fc bildirdi.<\/p>\n<p>&#8211; Alman may\u0131n tarama gemisi &#8211;<br \/>\nBir savunma bakanl\u0131\u011f\u0131 s\u00f6zc\u00fcs\u00fc AFP&#8217;ye yapt\u0131\u011f\u0131 a\u00e7\u0131klamada, Almanya&#8217;n\u0131n ABD-\u0130ran sava\u015f\u0131n\u0131n sona ermesinin ard\u0131ndan H\u00fcrm\u00fcz Bo\u011faz\u0131&#8217;nda olas\u0131 bir g\u00f6rev i\u00e7in Akdeniz&#8217;e yak\u0131nda bir may\u0131n tarama gemisi g\u00f6nderece\u011fini s\u00f6yledi.<\/p>\n<p>&#8211; ABD &#8216;batakl\u0131\u011f\u0131&#8217; &#8211;<br \/>\n\u0130ran savunma bakanl\u0131\u011f\u0131 s\u00f6zc\u00fcs\u00fc, ABD&#8217;nin &#8220;i\u00e7ine d\u00fc\u015ft\u00fc\u011f\u00fc sava\u015f batakl\u0131\u011f\u0131ndan y\u00fcz\u00fcn\u00fc kurtaracak bir \u00e7\u0131k\u0131\u015f yolu arad\u0131\u011f\u0131n\u0131&#8221; s\u00f6yledi. \u0130ran ordusu ayr\u0131ca, ABD&#8217;nin \u0130ran limanlar\u0131na y\u00f6nelik ablukas\u0131n\u0131 s\u00fcrd\u00fcrmesi halinde kar\u015f\u0131l\u0131k verece\u011fi uyar\u0131s\u0131nda bulunarak, bunu &#8220;haydutluk&#8221; olarak nitelendirdi.<\/p>\n<p>&#8211; \u0130ran&#8217;da idam &#8211;<br \/>\n\u0130ran, Ocak ay\u0131ndaki kitlesel protestolar s\u0131ras\u0131nda \u0130srail&#8217;in casusluk te\u015fkilat\u0131 ad\u0131na bir &#8220;g\u00f6rev&#8221; y\u00fcr\u00fctt\u00fc\u011f\u00fcn\u00fc iddia etti\u011fi bir adam\u0131n idam\u0131yla sava\u015f s\u0131ras\u0131nda ger\u00e7ekle\u015ftirdi\u011fi uzun idam serisini geni\u015fletti.<\/p>\n<p>&#8211; Kuveyt gazeteciyi serbest b\u0131rakt\u0131 &#8211;<br \/>\nABD D\u0131\u015fi\u015fleri Bakanl\u0131\u011f\u0131&#8217;ndan bir yetkili, ABD-\u0130ran sava\u015f\u0131na dair g\u00f6r\u00fcnt\u00fclerin payla\u015f\u0131m\u0131na y\u00f6nelik bir operasyon s\u0131ras\u0131nda Kuveyt&#8217;te haftalarca tutuklu kalan Amerikal\u0131-Kuveytli bir gazetecinin serbest b\u0131rak\u0131ld\u0131\u011f\u0131n\u0131 s\u00f6yledi. The New York Times, PBS ve Al Jazeera English&#8217;e katk\u0131da bulunan Ahmed Shihab-Eldin, 3 Mart&#8217;ta yalan bilgi yaymak, ulusal g\u00fcvenli\u011fe zarar vermek ve cep telefonunu k\u00f6t\u00fcye kullanmak su\u00e7lamas\u0131yla tutuklanm\u0131\u015ft\u0131.<\/p>\n<p>&#8211; ABD kripto varl\u0131klar\u0131 dondurdu &#8211;<br \/>\nHazine Bakan\u0131 Scott Bessent&#8217;in belirtti\u011fine g\u00f6re, Washington sava\u015f nedeniyle enerji arz\u0131ndaki kesintiler aras\u0131nda Tahran \u00fczerindeki bask\u0131y\u0131 art\u0131rmaya \u00e7al\u0131\u015f\u0131rken, ABD \u0130ran ile ba\u011flant\u0131l\u0131 oldu\u011fu gerek\u00e7esiyle 344 milyon dolarl\u0131k kripto para varl\u0131\u011f\u0131n\u0131 dondurdu.<\/p>\n<p>#OrtaDo\u011fuSava\u015f\u0131 #ABD\u0130ranGerilimi #Trump #L\u00fcbnan #H\u00fcrm\u00fczBo\u011faz\u0131 #\u0130ran #KriptoVarl\u0131klar #\u0130srail #Hizbullah #K\u00fcreselG\u00fcvenlik<\/p>\n","protected":false},"excerpt":{"rendered":"<p>PAR\u0130S (FRANSA) &#8211; Orta Do\u011fu&#8217;daki sava\u015fta son geli\u015fmeler: &#8211; Trump el\u00e7ilerin Pakistan gezisini iptal etti &#8211; ABD Ba\u015fkan\u0131 Donald Trump Cumartesi g\u00fcn\u00fc Fox News&#8217;e yapt\u0131\u011f\u0131 a\u00e7\u0131klamada, el\u00e7ilerine sava\u015f\u0131 sona erdirmek i\u00e7in \u0130ranl\u0131 yetkililerle g\u00f6r\u00fc\u015fmelere devam etmek \u00fczere Pakistan&#8217;a gitmemeleri talimat\u0131n\u0131 verdi\u011fini s\u00f6yledi. Fox News&#8217;in aktard\u0131\u011f\u0131na g\u00f6re Ba\u015fkan, bir telefon g\u00f6r\u00fc\u015fmesinde \u015funlar\u0131 s\u00f6yledi: &#8220;Biraz \u00f6nce adamlar\u0131ma [&hellip;]<\/p>\n","protected":false},"author":2,"featured_media":9512,"comment_status":"open","ping_status":"open","sticky":false,"template":"","format":"standard","meta":{"footnotes":""},"categories":[37],"tags":[],"class_list":["post-9511","post","type-post","status-publish","format-standard","has-post-thumbnail","hentry","category-orta-dogu-haberleri"],"_links":{"self":[{"href":"https:\/\/fajr.news\/index.php?rest_route=\/wp\/v2\/posts\/9511","targetHints":{"allow":["GET"]}}],"collection":[{"href":"https:\/\/fajr.news\/index.php?rest_route=\/wp\/v2\/posts"}],"about":[{"href":"https:\/\/fajr.news\/index.php?rest_route=\/wp\/v2\/types\/post"}],"author":[{"embeddable":true,"href":"https:\/\/fajr.news\/index.php?rest_route=\/wp\/v2\/users\/2"}],"replies":[{"embeddable":true,"href":"https:\/\/fajr.news\/index.php?rest_route=%2Fwp%2Fv2%2Fcomments&post=9511"}],"version-history":[{"count":0,"href":"https:\/\/fajr.news\/index.php?rest_route=\/wp\/v2\/posts\/9511\/revisions"}],"wp:featuredmedia":[{"embeddable":true,"href":"https:\/\/fajr.news\/index.php?rest_route=\/wp\/v2\/media\/9512"}],"wp:attachment":[{"href":"https:\/\/fajr.news\/index.php?rest_route=%2Fwp%2Fv2%2Fmedia&parent=9511"}],"wp:term":[{"taxonomy":"category","embeddable":true,"href":"https:\/\/fajr.news\/index.php?rest_route=%2Fwp%2Fv2%2Fcategories&post=9511"},{"taxonomy":"post_tag","embeddable":true,"href":"https:\/\/fajr.news\/index.php?rest_route=%2Fwp%2Fv2%2Ftags&post=9511"}],"curies":[{"name":"wp","href":"https:\/\/api.w.org\/{rel}","templated":true}]}}