{"id":9503,"date":"2026-04-26T11:33:43","date_gmt":"2026-04-26T08:03:43","guid":{"rendered":"https:\/\/fajr.news\/?p=9503"},"modified":"2026-04-26T11:33:43","modified_gmt":"2026-04-26T08:03:43","slug":"trump-abd-elcileri-pakistana-giderken-iran-teklifine-isaret-etti","status":"publish","type":"post","link":"https:\/\/fajr.news\/?p=9503&lang=tr","title":{"rendered":"Trump, ABD El\u00e7ileri Pakistan&#8217;a Giderken \u0130ran Teklifine \u0130\u015faret Etti"},"content":{"rendered":"<p>Amerika Birle\u015fik Devletleri Ba\u015fkan\u0131 Donald Trump, \u0130slamabad&#8217;da bar\u0131\u015f g\u00f6r\u00fc\u015fmelerinin yeniden ba\u015flayacak olmas\u0131 nedeniyle \u0130ran&#8217;\u0131n ABD taleplerini kar\u015f\u0131lamak \u00fczere bir teklif haz\u0131rlad\u0131\u011f\u0131n\u0131 belirtti. ABD el\u00e7ileri Steve Witkoff ve Jared Kushner, \u0130ran heyetiyle g\u00f6r\u00fc\u015fmeler yapmak \u00fczere Pakistan&#8217;a seyahat edecekler. Ancak \u0130ranl\u0131 yetkililer, bu ziyaret s\u0131ras\u0131nda Amerikal\u0131 temsilcilerle do\u011frudan m\u00fczakerelerin planlanmad\u0131\u011f\u0131n\u0131 a\u00e7\u0131klad\u0131. Diplomatik \u00e7abalar devam ederken \u0130slamabad s\u0131k\u0131 bir g\u00fcvenlik ablukas\u0131 alt\u0131nda kalmaya devam ediyor.<\/p>\n<p>The Indian Express&#8217;in haberine g\u00f6re, Donald Trump telefon m\u00fclakat\u0131nda \u201cBir teklif yap\u0131yorlar ve ne olaca\u011f\u0131n\u0131 g\u00f6rece\u011fiz\u201d yorumunu yapt\u0131 ancak \u0130ran&#8217;\u0131n teklifinin ayr\u0131nt\u0131lar\u0131n\u0131 belirtmedi. Herhangi bir anla\u015fman\u0131n \u0130ran&#8217;\u0131n zenginle\u015ftirilmi\u015f uranyumdan vazge\u00e7mesini ve H\u00fcrm\u00fcz Bo\u011faz\u0131 \u00fczerinden petrol\u00fcn serbest dola\u015f\u0131m\u0131na izin vermesini gerektirmesi gerekti\u011fini yineledi.<\/p>\n<p>The Hindu&#8217;nun bildirdi\u011fine g\u00f6re, \u0130ran D\u0131\u015fi\u015fleri Bakan\u0131 Abbas Araghchi, ikinci tur g\u00f6r\u00fc\u015fmeler i\u00e7in k\u00fc\u00e7\u00fck bir heyetle \u0130slamabad&#8217;a geldi. \u0130ran D\u0131\u015fi\u015fleri Bakanl\u0131\u011f\u0131 s\u00f6zc\u00fcs\u00fc Esmael Baqaei, \u201c\u0130ran ile ABD aras\u0131nda herhangi bir g\u00f6r\u00fc\u015fme yap\u0131lmas\u0131 planlanmamaktad\u0131r\u201d ve Pakistanl\u0131 yetkililerin arabulucu olarak hareket ederek heyetler aras\u0131nda mesajlar\u0131 iletece\u011fini belirtti.<\/p>\n<p>Son haberler, \u0130slamabad&#8217;\u0131n bir haftadan uzun s\u00fcredir s\u0131k\u0131 bir g\u00fcvenlik ablukas\u0131 alt\u0131nda oldu\u011funu, ana yollar\u0131n kapat\u0131ld\u0131\u011f\u0131n\u0131 ve K\u0131z\u0131l B\u00f6lge&#8217;nin yo\u011fun bir \u015fekilde korundu\u011funu ortaya koydu. \u015eehrin ticari alanlar\u0131 b\u00fcy\u00fck \u00f6l\u00e7\u00fcde bo\u015f kal\u0131rken, toplu ta\u015f\u0131ma aksakl\u0131klar\u0131 bir\u00e7ok sakini mahsur b\u0131rakt\u0131. Bu, son haftalardaki ikinci b\u00f6yle bir abluka olup, g\u00f6r\u00fc\u015fmelerin y\u00fcksek risklerini ve belirsizli\u011fini yans\u0131tmaktad\u0131r.<\/p>\n<p>Raporlar\u0131 takip eden diplomatik kaynaklar, g\u00f6r\u00fc\u015fmelerin g\u00fcndeminin belirsizli\u011fini korudu\u011funu, \u00f6nceki m\u00fczakerelerin \u0130ran&#8217;\u0131n n\u00fckleer program\u0131, H\u00fcrm\u00fcz Bo\u011faz\u0131&#8217;n\u0131n yeniden a\u00e7\u0131lmas\u0131 ve L\u00fcbnan&#8217;daki devam eden \u00e7at\u0131\u015fma gibi konularda ba\u015far\u0131s\u0131z oldu\u011funu belirtti. \u0130ranl\u0131 yetkililer, n\u00fckleer tart\u0131\u015fmalar\u0131n k\u0131rm\u0131z\u0131 \u00e7izgi oldu\u011funu ve \u0130slamabad toplant\u0131lar\u0131n\u0131n bir par\u00e7as\u0131 olmayaca\u011f\u0131n\u0131 savundu.<\/p>\n<p>\u0130ran D\u0131\u015fi\u015fleri Bakanl\u0131\u011f\u0131 s\u00f6zc\u00fcs\u00fc Esmael Baqaei, \u201c\u0130ran ile ABD aras\u0131nda herhangi bir g\u00f6r\u00fc\u015fme yap\u0131lmas\u0131 planlanmamaktad\u0131r. \u0130ran&#8217;\u0131n g\u00f6zlemleri Pakistan&#8217;a iletilecektir\u201d dedi.<\/p>\n<p>Beyaz Saray yetkilileri, ABD Ba\u015fkan Yard\u0131mc\u0131s\u0131 J.D. Vance&#8217;in gerekirse \u0130slamabad&#8217;a gitmek \u00fczere haz\u0131r bekledi\u011fini, \u00d6zel El\u00e7i Witkoff ve Jared Kushner&#8217;in ise ABD heyetine liderlik edece\u011fini belirtti. Beyaz Saray, \u0130ranl\u0131lar\u0131n y\u00fcz y\u00fcze g\u00f6r\u00fc\u015fmelere ilgi g\u00f6sterdi\u011fini iddia etse de, Tahran do\u011frudan kat\u0131l\u0131m\u0131 kamuoyu \u00f6n\u00fcnde reddetti.<\/p>\n<p>Daha fazla analiz, Pakistan&#8217;\u0131n arabuluculuk \u00e7abalar\u0131n\u0131n baz\u0131lar\u0131 taraf\u0131ndan k\u00fcresel imaj\u0131n\u0131 iyile\u015ftirme giri\u015fimi olarak g\u00f6r\u00fcld\u00fc\u011f\u00fcn\u00fc g\u00f6sterdi. Eski Ba\u015fbakan \u0130mran Han&#8217;\u0131n o\u011flu S\u00fcleyman, \u0130slamabad&#8217;\u0131n rol\u00fcn\u00fc i\u00e7 insan haklar\u0131 endi\u015felerinden bir dikkat da\u011f\u0131t\u0131c\u0131 olarak nitelendirdi, ancak b\u00f6lgedeki arabuluculu\u011fun \u00f6nemini kabul etti.<\/p>\n<p>ABD m\u00fczakerecilerinin seyahat planlar\u0131 Cumartesi g\u00fcn\u00fc i\u00e7in do\u011fruland\u0131 ve Beyaz Saray, herhangi bir ilerlemenin \u0130ran&#8217;\u0131n Pakistanl\u0131 arabulucular arac\u0131l\u0131\u011f\u0131yla angaje olma isteklili\u011fine ba\u011fl\u0131 olaca\u011f\u0131n\u0131 yineledi. G\u00f6r\u00fc\u015fmelerin b\u00f6lgesel g\u00fcvenlik, petrol ihracat\u0131 ve H\u00fcrm\u00fcz Bo\u011faz\u0131&#8217;n\u0131 etkileyen devam eden ablukay\u0131 ele almas\u0131 bekleniyor.<\/p>\n<p>Donald Trump, \u0130ran limanlar\u0131na uygulanan ablukan\u0131n kald\u0131r\u0131lmas\u0131 i\u00e7in neyin gerekli oldu\u011fu soruldu\u011funda, \u201cBuna daha sonra cevap vermem gerekecek. Ne teklif ettiklerini g\u00f6rmem laz\u0131m\u201d dedi.<\/p>\n<p>#\u0130ran #ABD #Pakistan #DonaldTrump #H\u00fcrm\u00fczBo\u011faz\u0131 #N\u00fckleerAnla\u015fma #Diplomasi #Bar\u0131\u015fG\u00f6r\u00fc\u015fmeleri #OrtaDo\u011fu #\u0130slamabad<\/p>\n","protected":false},"excerpt":{"rendered":"<p>Amerika Birle\u015fik Devletleri Ba\u015fkan\u0131 Donald Trump, \u0130slamabad&#8217;da bar\u0131\u015f g\u00f6r\u00fc\u015fmelerinin yeniden ba\u015flayacak olmas\u0131 nedeniyle \u0130ran&#8217;\u0131n ABD taleplerini kar\u015f\u0131lamak \u00fczere bir teklif haz\u0131rlad\u0131\u011f\u0131n\u0131 belirtti. ABD el\u00e7ileri Steve Witkoff ve Jared Kushner, \u0130ran heyetiyle g\u00f6r\u00fc\u015fmeler yapmak \u00fczere Pakistan&#8217;a seyahat edecekler. Ancak \u0130ranl\u0131 yetkililer, bu ziyaret s\u0131ras\u0131nda Amerikal\u0131 temsilcilerle do\u011frudan m\u00fczakerelerin planlanmad\u0131\u011f\u0131n\u0131 a\u00e7\u0131klad\u0131. Diplomatik \u00e7abalar devam ederken \u0130slamabad s\u0131k\u0131 [&hellip;]<\/p>\n","protected":false},"author":2,"featured_media":9504,"comment_status":"open","ping_status":"open","sticky":false,"template":"","format":"standard","meta":{"footnotes":""},"categories":[31],"tags":[],"class_list":["post-9503","post","type-post","status-publish","format-standard","has-post-thumbnail","hentry","category-iran-haberleri"],"_links":{"self":[{"href":"https:\/\/fajr.news\/index.php?rest_route=\/wp\/v2\/posts\/9503","targetHints":{"allow":["GET"]}}],"collection":[{"href":"https:\/\/fajr.news\/index.php?rest_route=\/wp\/v2\/posts"}],"about":[{"href":"https:\/\/fajr.news\/index.php?rest_route=\/wp\/v2\/types\/post"}],"author":[{"embeddable":true,"href":"https:\/\/fajr.news\/index.php?rest_route=\/wp\/v2\/users\/2"}],"replies":[{"embeddable":true,"href":"https:\/\/fajr.news\/index.php?rest_route=%2Fwp%2Fv2%2Fcomments&post=9503"}],"version-history":[{"count":0,"href":"https:\/\/fajr.news\/index.php?rest_route=\/wp\/v2\/posts\/9503\/revisions"}],"wp:featuredmedia":[{"embeddable":true,"href":"https:\/\/fajr.news\/index.php?rest_route=\/wp\/v2\/media\/9504"}],"wp:attachment":[{"href":"https:\/\/fajr.news\/index.php?rest_route=%2Fwp%2Fv2%2Fmedia&parent=9503"}],"wp:term":[{"taxonomy":"category","embeddable":true,"href":"https:\/\/fajr.news\/index.php?rest_route=%2Fwp%2Fv2%2Fcategories&post=9503"},{"taxonomy":"post_tag","embeddable":true,"href":"https:\/\/fajr.news\/index.php?rest_route=%2Fwp%2Fv2%2Ftags&post=9503"}],"curies":[{"name":"wp","href":"https:\/\/api.w.org\/{rel}","templated":true}]}}