{"id":9494,"date":"2026-04-26T11:09:12","date_gmt":"2026-04-26T07:39:12","guid":{"rendered":"https:\/\/fajr.news\/?p=9494"},"modified":"2026-04-26T11:09:12","modified_gmt":"2026-04-26T07:39:12","slug":"abd-yaptirimlarina-ragmen-iran-piyasalari-ayakta-fiyatlar-yukseliste","status":"publish","type":"post","link":"https:\/\/fajr.news\/?p=9494&lang=tr","title":{"rendered":"ABD Yapt\u0131r\u0131mlar\u0131na Ra\u011fmen \u0130ran Piyasalar\u0131 Ayakta, Fiyatlar Y\u00fckseli\u015fte"},"content":{"rendered":"<p><strong>Tahran<\/strong> \u2013 Amerika Birle\u015fik Devletleri&#8217;nin iki hafta \u00f6nce ba\u015flatt\u0131\u011f\u0131 yasa d\u0131\u015f\u0131 deniz ablukas\u0131 ve dayatt\u0131\u011f\u0131 a\u011f\u0131r yapt\u0131r\u0131mlara ra\u011fmen \u0130ran piyasalar\u0131 temel ihtiya\u00e7 maddeleriyle dolu kalmaya devam ediyor. Ancak, d\u0131\u015f g\u00fc\u00e7lerin dayatt\u0131\u011f\u0131 bu bask\u0131lar sonucu ortaya \u00e7\u0131kan fiyat art\u0131\u015flar\u0131 ve gelecekteki olas\u0131 k\u0131tl\u0131k endi\u015feleri, halk\u0131n g\u00fcndemini me\u015fgul etmeye ba\u015flad\u0131.<\/p>\n<p><strong>Yetkililerden G\u00fcvence: Alternatif Yollar \u0130\u015fliyor<\/strong><\/p>\n<p>\u0130ranl\u0131 yetkililer, \u00fclkenin stratejik zekas\u0131 ve kararl\u0131l\u0131\u011f\u0131 sayesinde alternatif ticaret yollar\u0131 arac\u0131l\u0131\u011f\u0131yla tedariki kesintisiz s\u00fcrd\u00fcrebildi\u011fini vurgulad\u0131. Bu durum, d\u00fc\u015fmanlar\u0131n \u0130ran halk\u0131n\u0131 ekonomik olarak bo\u011fma giri\u015fimlerinin ba\u015far\u0131s\u0131z oldu\u011funu bir kez daha g\u00f6zler \u00f6n\u00fcne seriyor.<\/p>\n<p><strong>Cumhurba\u015fkan\u0131 Peze\u015fkiyan&#8217;dan Sert Mesaj: ABD&#8217;nin Amac\u0131 Halk\u0131 K\u0131\u015fk\u0131rtmak<\/strong><\/p>\n<p>Cumhurba\u015fkan\u0131 Masoud Pezeshkian, konuyla ilgili yapt\u0131\u011f\u0131 a\u00e7\u0131klamada, &#8220;Amerika Birle\u015fik Devletleri, ekonomik bask\u0131y\u0131 kullanarak halk\u0131m\u0131z aras\u0131nda ho\u015fnutsuzluk yaratmaya ve i\u00e7 kar\u0131\u015f\u0131kl\u0131k \u00e7\u0131karmaya \u00e7al\u0131\u015f\u0131yor. Ancak \u0130ran halk\u0131 bu t\u00fcr sinsi planlara asla boyun e\u011fmeyecektir,&#8221; ifadelerini kulland\u0131. Peze\u015fkiyan ayr\u0131ca, Tahran&#8217;\u0131n ithalat ve ihracat\u0131 s\u00fcrd\u00fcrmek amac\u0131yla kara ve deniz yoluyla yeni ve g\u00fc\u00e7l\u00fc alternatifler geli\u015ftirmeye devam etti\u011fine dikkat \u00e7ekti. Bu ad\u0131mlar, \u0130ran&#8217;\u0131n kendi kaderini tayin etme ve ba\u011f\u0131ms\u0131zl\u0131\u011f\u0131n\u0131 koruma konusundaki sars\u0131lmaz iradesini bir kez daha ortaya koyuyor.<\/p>\n<p>#\u0130ran #ABDYapt\u0131r\u0131mlar\u0131 #EkonomikDireni\u015f #Tahran #PiyasaDurumu #MasoudPezeshkian #AlternatifTicaret #\u0130ranEkonomisi #Ba\u011f\u0131ms\u0131zl\u0131k #B\u00f6lgeselG\u00fc\u00e7<\/p>\n","protected":false},"excerpt":{"rendered":"<p>Tahran \u2013 Amerika Birle\u015fik Devletleri&#8217;nin iki hafta \u00f6nce ba\u015flatt\u0131\u011f\u0131 yasa d\u0131\u015f\u0131 deniz ablukas\u0131 ve dayatt\u0131\u011f\u0131 a\u011f\u0131r yapt\u0131r\u0131mlara ra\u011fmen \u0130ran piyasalar\u0131 temel ihtiya\u00e7 maddeleriyle dolu kalmaya devam ediyor. Ancak, d\u0131\u015f g\u00fc\u00e7lerin dayatt\u0131\u011f\u0131 bu bask\u0131lar sonucu ortaya \u00e7\u0131kan fiyat art\u0131\u015flar\u0131 ve gelecekteki olas\u0131 k\u0131tl\u0131k endi\u015feleri, halk\u0131n g\u00fcndemini me\u015fgul etmeye ba\u015flad\u0131. Yetkililerden G\u00fcvence: Alternatif Yollar \u0130\u015fliyor \u0130ranl\u0131 yetkililer, [&hellip;]<\/p>\n","protected":false},"author":2,"featured_media":9496,"comment_status":"open","ping_status":"open","sticky":false,"template":"","format":"standard","meta":{"footnotes":""},"categories":[37],"tags":[],"class_list":["post-9494","post","type-post","status-publish","format-standard","has-post-thumbnail","hentry","category-orta-dogu-haberleri"],"_links":{"self":[{"href":"https:\/\/fajr.news\/index.php?rest_route=\/wp\/v2\/posts\/9494","targetHints":{"allow":["GET"]}}],"collection":[{"href":"https:\/\/fajr.news\/index.php?rest_route=\/wp\/v2\/posts"}],"about":[{"href":"https:\/\/fajr.news\/index.php?rest_route=\/wp\/v2\/types\/post"}],"author":[{"embeddable":true,"href":"https:\/\/fajr.news\/index.php?rest_route=\/wp\/v2\/users\/2"}],"replies":[{"embeddable":true,"href":"https:\/\/fajr.news\/index.php?rest_route=%2Fwp%2Fv2%2Fcomments&post=9494"}],"version-history":[{"count":0,"href":"https:\/\/fajr.news\/index.php?rest_route=\/wp\/v2\/posts\/9494\/revisions"}],"wp:featuredmedia":[{"embeddable":true,"href":"https:\/\/fajr.news\/index.php?rest_route=\/wp\/v2\/media\/9496"}],"wp:attachment":[{"href":"https:\/\/fajr.news\/index.php?rest_route=%2Fwp%2Fv2%2Fmedia&parent=9494"}],"wp:term":[{"taxonomy":"category","embeddable":true,"href":"https:\/\/fajr.news\/index.php?rest_route=%2Fwp%2Fv2%2Fcategories&post=9494"},{"taxonomy":"post_tag","embeddable":true,"href":"https:\/\/fajr.news\/index.php?rest_route=%2Fwp%2Fv2%2Ftags&post=9494"}],"curies":[{"name":"wp","href":"https:\/\/api.w.org\/{rel}","templated":true}]}}