{"id":9491,"date":"2026-04-26T11:08:53","date_gmt":"2026-04-26T07:38:53","guid":{"rendered":"https:\/\/fajr.news\/?p=9491"},"modified":"2026-04-26T11:08:53","modified_gmt":"2026-04-26T07:38:53","slug":"iran-piyasalari-yaptirimlara-ragmen-direniyor-fiyatlar-yukseliyor","status":"publish","type":"post","link":"https:\/\/fajr.news\/?p=9491&lang=tr","title":{"rendered":"\u0130ran piyasalar\u0131 yapt\u0131r\u0131mlara ra\u011fmen direniyor, fiyatlar y\u00fckseliyor"},"content":{"rendered":"<p>ABD&#8217;nin deniz ablukas\u0131n\u0131n \u00fczerinden yakla\u015f\u0131k iki hafta ge\u00e7mesine ra\u011fmen \u0130ran&#8217;daki piyasalar temel mallarla dolu kalmaya devam ediyor. Ancak artan fiyatlar ve gelecekteki k\u0131tl\u0131k endi\u015feleri t\u00fcketicileri etkilemeye ba\u015fl\u0131yor.<br \/>\nYetkililer, \u00fclkenin alternatif ticaret yollar\u0131 arac\u0131l\u0131\u011f\u0131yla tedariki s\u00fcrd\u00fcrebildi\u011fini belirtiyor.<br \/>\nCumhurba\u015fkan\u0131 Mesud Peze\u015fkiyan, ABD&#8217;nin ekonomik bask\u0131y\u0131 halk\u0131n ho\u015fnutsuzlu\u011funu k\u00f6r\u00fcklemek i\u00e7in kullanmaya \u00e7al\u0131\u015ft\u0131\u011f\u0131n\u0131, Tahran&#8217;\u0131n ise ithalat ve ihracat\u0131 s\u00fcrd\u00fcrmek i\u00e7in kara ve deniz alternatiflerini ara\u015ft\u0131rd\u0131\u011f\u0131n\u0131 s\u00f6yledi.<br \/>\n#\u0130ran #Yapt\u0131r\u0131mlar #\u0130ranEkonomisi #FiyatArt\u0131\u015flar\u0131 #TicaretYollar\u0131 #ABD\u0130ran #K\u0131tl\u0131kEndi\u015fesi #PiyasaDurumu #MasoudPezeshkian #AlternatifTicaret<\/p>\n","protected":false},"excerpt":{"rendered":"<p>ABD&#8217;nin deniz ablukas\u0131n\u0131n \u00fczerinden yakla\u015f\u0131k iki hafta ge\u00e7mesine ra\u011fmen \u0130ran&#8217;daki piyasalar temel mallarla dolu kalmaya devam ediyor. Ancak artan fiyatlar ve gelecekteki k\u0131tl\u0131k endi\u015feleri t\u00fcketicileri etkilemeye ba\u015fl\u0131yor. Yetkililer, \u00fclkenin alternatif ticaret yollar\u0131 arac\u0131l\u0131\u011f\u0131yla tedariki s\u00fcrd\u00fcrebildi\u011fini belirtiyor. Cumhurba\u015fkan\u0131 Mesud Peze\u015fkiyan, ABD&#8217;nin ekonomik bask\u0131y\u0131 halk\u0131n ho\u015fnutsuzlu\u011funu k\u00f6r\u00fcklemek i\u00e7in kullanmaya \u00e7al\u0131\u015ft\u0131\u011f\u0131n\u0131, Tahran&#8217;\u0131n ise ithalat ve ihracat\u0131 s\u00fcrd\u00fcrmek i\u00e7in [&hellip;]<\/p>\n","protected":false},"author":2,"featured_media":9492,"comment_status":"open","ping_status":"open","sticky":false,"template":"","format":"standard","meta":{"footnotes":""},"categories":[37],"tags":[],"class_list":["post-9491","post","type-post","status-publish","format-standard","has-post-thumbnail","hentry","category-orta-dogu-haberleri"],"_links":{"self":[{"href":"https:\/\/fajr.news\/index.php?rest_route=\/wp\/v2\/posts\/9491","targetHints":{"allow":["GET"]}}],"collection":[{"href":"https:\/\/fajr.news\/index.php?rest_route=\/wp\/v2\/posts"}],"about":[{"href":"https:\/\/fajr.news\/index.php?rest_route=\/wp\/v2\/types\/post"}],"author":[{"embeddable":true,"href":"https:\/\/fajr.news\/index.php?rest_route=\/wp\/v2\/users\/2"}],"replies":[{"embeddable":true,"href":"https:\/\/fajr.news\/index.php?rest_route=%2Fwp%2Fv2%2Fcomments&post=9491"}],"version-history":[{"count":0,"href":"https:\/\/fajr.news\/index.php?rest_route=\/wp\/v2\/posts\/9491\/revisions"}],"wp:featuredmedia":[{"embeddable":true,"href":"https:\/\/fajr.news\/index.php?rest_route=\/wp\/v2\/media\/9492"}],"wp:attachment":[{"href":"https:\/\/fajr.news\/index.php?rest_route=%2Fwp%2Fv2%2Fmedia&parent=9491"}],"wp:term":[{"taxonomy":"category","embeddable":true,"href":"https:\/\/fajr.news\/index.php?rest_route=%2Fwp%2Fv2%2Fcategories&post=9491"},{"taxonomy":"post_tag","embeddable":true,"href":"https:\/\/fajr.news\/index.php?rest_route=%2Fwp%2Fv2%2Ftags&post=9491"}],"curies":[{"name":"wp","href":"https:\/\/api.w.org\/{rel}","templated":true}]}}