{"id":9479,"date":"2026-04-26T11:04:10","date_gmt":"2026-04-26T07:34:10","guid":{"rendered":"https:\/\/fajr.news\/?p=9479"},"modified":"2026-04-26T11:04:10","modified_gmt":"2026-04-26T07:34:10","slug":"trump-iran-gorusmeleri-icin-artik-pakistana-elci-gondermeyecegini-soyledi","status":"publish","type":"post","link":"https:\/\/fajr.news\/?p=9479&lang=tr","title":{"rendered":"Trump, \u0130ran g\u00f6r\u00fc\u015fmeleri i\u00e7in art\u0131k Pakistan&#8217;a el\u00e7i g\u00f6ndermeyece\u011fini s\u00f6yledi"},"content":{"rendered":"<h1>Ki\u015fisel Verileriniz, Se\u00e7enekleriniz, Sorumlulu\u011fumuz<\/h1>\n<p>Biz ve ortaklar\u0131m\u0131z, IP adresiniz gibi hassas olmayan bilgilere eri\u015fmek ve bunlar\u0131 depolamak i\u00e7in \u00e7erezler veya benzer teknolojiler kullan\u0131r\u0131z.<\/p>\n<p>Ki\u015fisel verilerinizin i\u015flenmesi, \u00f6rne\u011fin, kullan\u0131c\u0131 deneyiminizi iyile\u015ftirmemize, izleyici reytinglerini izlememize, sosyal a\u011f \u00f6zellikleri sunmam\u0131za veya ki\u015fiselle\u015ftirilmi\u015f reklamlar g\u00f6stermemize olanak tan\u0131r.<\/p>\n<p>&#8220;Kabul Et&#8221; d\u00fc\u011fmesine t\u0131klayarak, France M\u00e9dias Monde ve ortaklar\u0131n\u0131n \u00e7erezleri veya benzer teknolojileri kullanmas\u0131na izin vermi\u015f olursunuz.<\/p>\n<p>Se\u00e7iminizi de\u011fi\u015ftirebilir veya onay\u0131n\u0131z\u0131 istedi\u011finiz zaman a\u015fa\u011f\u0131daki &#8220;\u00d6zelle\u015ftir&#8221; d\u00fc\u011fmesine veya men\u00fcde bulunan &#8220;Gizlilik ayarlar\u0131m\u0131 y\u00f6net&#8221; ba\u011flant\u0131s\u0131na t\u0131klayarak geri \u00e7ekebilirsiniz.<\/p>\n<h2>Ortaklar\u0131m\u0131z<\/h2>\n<p>237 orta\u011f\u0131m\u0131z\u0131 g\u00f6r\u00fcn.<\/p>\n<p>Biz ve ortaklar\u0131m\u0131z, onay\u0131n\u0131za dayanarak a\u015fa\u011f\u0131daki veri i\u015flemeyi yapar\u0131z:<\/p>\n<ul>\n<li>bir cihazda bilgi depolama ve\/veya bilgilere eri\u015fme<\/li>\n<li>ki\u015fiselle\u015ftirilmi\u015f reklam ve i\u00e7erik<\/li>\n<li>reklam ve i\u00e7erik \u00f6l\u00e7\u00fcm\u00fc<\/li>\n<li>hedef kitle ara\u015ft\u0131rmas\u0131 ve hizmet geli\u015ftirme<\/li>\n<\/ul>\n<p><strong>Kabul Et<\/strong> | <strong>Reddet<\/strong> | <strong>\u00d6zelle\u015ftir<\/strong><\/p>\n<p>#\u00c7erezPolitikas\u0131 #GizlilikAyarlar\u0131 #VeriKoruma #Ki\u015fiselVeriler #\u00c7erezler #KVKK #DijitalGizlilik #Veri\u0130\u015fleme #Kullan\u0131c\u0131Onay\u0131 #WebGizlili\u011fi<\/p>\n","protected":false},"excerpt":{"rendered":"<p>Ki\u015fisel Verileriniz, Se\u00e7enekleriniz, Sorumlulu\u011fumuz Biz ve ortaklar\u0131m\u0131z, IP adresiniz gibi hassas olmayan bilgilere eri\u015fmek ve bunlar\u0131 depolamak i\u00e7in \u00e7erezler veya benzer teknolojiler kullan\u0131r\u0131z. Ki\u015fisel verilerinizin i\u015flenmesi, \u00f6rne\u011fin, kullan\u0131c\u0131 deneyiminizi iyile\u015ftirmemize, izleyici reytinglerini izlememize, sosyal a\u011f \u00f6zellikleri sunmam\u0131za veya ki\u015fiselle\u015ftirilmi\u015f reklamlar g\u00f6stermemize olanak tan\u0131r. &#8220;Kabul Et&#8221; d\u00fc\u011fmesine t\u0131klayarak, France M\u00e9dias Monde ve ortaklar\u0131n\u0131n \u00e7erezleri veya benzer [&hellip;]<\/p>\n","protected":false},"author":2,"featured_media":9480,"comment_status":"open","ping_status":"open","sticky":false,"template":"","format":"standard","meta":{"footnotes":""},"categories":[31],"tags":[],"class_list":["post-9479","post","type-post","status-publish","format-standard","has-post-thumbnail","hentry","category-iran-haberleri"],"_links":{"self":[{"href":"https:\/\/fajr.news\/index.php?rest_route=\/wp\/v2\/posts\/9479","targetHints":{"allow":["GET"]}}],"collection":[{"href":"https:\/\/fajr.news\/index.php?rest_route=\/wp\/v2\/posts"}],"about":[{"href":"https:\/\/fajr.news\/index.php?rest_route=\/wp\/v2\/types\/post"}],"author":[{"embeddable":true,"href":"https:\/\/fajr.news\/index.php?rest_route=\/wp\/v2\/users\/2"}],"replies":[{"embeddable":true,"href":"https:\/\/fajr.news\/index.php?rest_route=%2Fwp%2Fv2%2Fcomments&post=9479"}],"version-history":[{"count":0,"href":"https:\/\/fajr.news\/index.php?rest_route=\/wp\/v2\/posts\/9479\/revisions"}],"wp:featuredmedia":[{"embeddable":true,"href":"https:\/\/fajr.news\/index.php?rest_route=\/wp\/v2\/media\/9480"}],"wp:attachment":[{"href":"https:\/\/fajr.news\/index.php?rest_route=%2Fwp%2Fv2%2Fmedia&parent=9479"}],"wp:term":[{"taxonomy":"category","embeddable":true,"href":"https:\/\/fajr.news\/index.php?rest_route=%2Fwp%2Fv2%2Fcategories&post=9479"},{"taxonomy":"post_tag","embeddable":true,"href":"https:\/\/fajr.news\/index.php?rest_route=%2Fwp%2Fv2%2Ftags&post=9479"}],"curies":[{"name":"wp","href":"https:\/\/api.w.org\/{rel}","templated":true}]}}