{"id":9469,"date":"2026-04-26T10:33:52","date_gmt":"2026-04-26T07:03:52","guid":{"rendered":"https:\/\/fajr.news\/?p=9469"},"modified":"2026-04-26T10:33:52","modified_gmt":"2026-04-26T07:03:52","slug":"son-dakika-baskan-trump-iran-ile-gorusmeleri-iptal-etti","status":"publish","type":"post","link":"https:\/\/fajr.news\/?p=9469&lang=tr","title":{"rendered":"SON DAK\u0130KA: Ba\u015fkan Trump, \u0130ran ile G\u00f6r\u00fc\u015fmeleri \u0130ptal Etti"},"content":{"rendered":"<p>Ba\u015fkan Donald Trump Cumartesi g\u00fcn\u00fc Fox News Beyaz Saray muhabiri Aishah Hasnie&#8217;ye yapt\u0131\u011f\u0131 a\u00e7\u0131klamada, ABD&#8217;li m\u00fczakereciler Steve Witkoff ve Jared Kushner&#8217;\u0131n \u0130ran ile g\u00f6r\u00fc\u015fmeler i\u00e7in art\u0131k Pakistan&#8217;a gitmeyeceklerini belirtti.<\/p>\n<p>Trump, &#8220;Bir s\u00fcre \u00f6nce ekibime yola \u00e7\u0131kmaya haz\u0131rland\u0131klar\u0131n\u0131 s\u00f6yledim ve &#8216;Hay\u0131r, oraya gitmek i\u00e7in 18 saatlik bir u\u00e7u\u015f yapm\u0131yorsunuz. T\u00fcm kartlar bizim elimizde. \u0130stekleri zaman bizi arayabilirler, ancak bo\u015f konu\u015fmak i\u00e7in art\u0131k 18 saatlik u\u00e7u\u015flar yapmayacaks\u0131n\u0131z&#8217; dedim&#8221; ifadelerini kulland\u0131.<\/p>\n<p>\u0130ran D\u0131\u015fi\u015fleri Bakan\u0131 Abbas Araghchi&#8217;nin ise Cumartesi g\u00fcn\u00fc Pakistan Ba\u015fbakan\u0131 ile yapt\u0131\u011f\u0131 g\u00f6r\u00fc\u015fmelerin ard\u0131ndan \u0130slamabad&#8217;dan ayr\u0131ld\u0131\u011f\u0131 bildirildi.<\/p>\n<p>#Trump #\u0130ran #ABD\u0130ranG\u00f6r\u00fc\u015fmeleri #Diplomasi #Pakistan #SteveWitkoff #JaredKushner #AbbasAraghchi #Ortado\u011fu #SonDakika<\/p>\n","protected":false},"excerpt":{"rendered":"<p>Ba\u015fkan Donald Trump Cumartesi g\u00fcn\u00fc Fox News Beyaz Saray muhabiri Aishah Hasnie&#8217;ye yapt\u0131\u011f\u0131 a\u00e7\u0131klamada, ABD&#8217;li m\u00fczakereciler Steve Witkoff ve Jared Kushner&#8217;\u0131n \u0130ran ile g\u00f6r\u00fc\u015fmeler i\u00e7in art\u0131k Pakistan&#8217;a gitmeyeceklerini belirtti. Trump, &#8220;Bir s\u00fcre \u00f6nce ekibime yola \u00e7\u0131kmaya haz\u0131rland\u0131klar\u0131n\u0131 s\u00f6yledim ve &#8216;Hay\u0131r, oraya gitmek i\u00e7in 18 saatlik bir u\u00e7u\u015f yapm\u0131yorsunuz. T\u00fcm kartlar bizim elimizde. \u0130stekleri zaman bizi [&hellip;]<\/p>\n","protected":false},"author":2,"featured_media":0,"comment_status":"open","ping_status":"open","sticky":false,"template":"","format":"standard","meta":{"footnotes":""},"categories":[31],"tags":[],"class_list":["post-9469","post","type-post","status-publish","format-standard","hentry","category-iran-haberleri"],"_links":{"self":[{"href":"https:\/\/fajr.news\/index.php?rest_route=\/wp\/v2\/posts\/9469","targetHints":{"allow":["GET"]}}],"collection":[{"href":"https:\/\/fajr.news\/index.php?rest_route=\/wp\/v2\/posts"}],"about":[{"href":"https:\/\/fajr.news\/index.php?rest_route=\/wp\/v2\/types\/post"}],"author":[{"embeddable":true,"href":"https:\/\/fajr.news\/index.php?rest_route=\/wp\/v2\/users\/2"}],"replies":[{"embeddable":true,"href":"https:\/\/fajr.news\/index.php?rest_route=%2Fwp%2Fv2%2Fcomments&post=9469"}],"version-history":[{"count":0,"href":"https:\/\/fajr.news\/index.php?rest_route=\/wp\/v2\/posts\/9469\/revisions"}],"wp:attachment":[{"href":"https:\/\/fajr.news\/index.php?rest_route=%2Fwp%2Fv2%2Fmedia&parent=9469"}],"wp:term":[{"taxonomy":"category","embeddable":true,"href":"https:\/\/fajr.news\/index.php?rest_route=%2Fwp%2Fv2%2Fcategories&post=9469"},{"taxonomy":"post_tag","embeddable":true,"href":"https:\/\/fajr.news\/index.php?rest_route=%2Fwp%2Fv2%2Ftags&post=9469"}],"curies":[{"name":"wp","href":"https:\/\/api.w.org\/{rel}","templated":true}]}}