{"id":9457,"date":"2026-04-26T09:45:16","date_gmt":"2026-04-26T06:15:16","guid":{"rendered":"https:\/\/fajr.news\/?p=9457"},"modified":"2026-04-26T09:45:16","modified_gmt":"2026-04-26T06:15:16","slug":"iran-savasi-canli-tahran-kusatma-altinda-muzakereleri-reddediyor-trump-elcilerin-gezisini-iptal-etti","status":"publish","type":"post","link":"https:\/\/fajr.news\/?p=9457&lang=tr","title":{"rendered":"\u0130ran Sava\u015f\u0131 Canl\u0131: Tahran Ku\u015fatma Alt\u0131nda M\u00fczakereleri Reddediyor, Trump El\u00e7ilerin Gezisini \u0130ptal Etti"},"content":{"rendered":"<p>ABD ile \u0130ran aras\u0131ndaki m\u00fczakerelerin gelece\u011fi belirsizli\u011fini korurken, g\u00f6r\u00fc\u015fmelerin detaylar\u0131 b\u00fcy\u00fck bir gizlilik i\u00e7inde y\u00fcr\u00fct\u00fcl\u00fcyor. Her iki taraf da detaylar ve teknik konular hakk\u0131nda bilgi s\u0131zd\u0131rmama karar\u0131 ald\u0131. Ancak, Amerikal\u0131lar\u0131n uygulad\u0131\u011f\u0131 abluka en \u00f6nemli anla\u015fmazl\u0131k noktalar\u0131ndan biri olarak \u00f6ne \u00e7\u0131k\u0131yor. \u0130ranl\u0131lar bu ablukan\u0131n kald\u0131r\u0131lmas\u0131n\u0131 talep ederken, \u0130ran taraf\u0131n\u0131n H\u00fcrm\u00fcz Bo\u011faz\u0131&#8217;n\u0131 kapatmas\u0131 da ilgili bir mesele olarak g\u00fcndemde.<\/p>\n<p>Anla\u015fmazl\u0131klar sadece bu alanla s\u0131n\u0131rl\u0131 de\u011fil. \u0130ran&#8217;\u0131n n\u00fckleer dosyas\u0131, \u00f6zellikle y\u00fcksek d\u00fczeyde zenginle\u015ftirilmi\u015f uranyum stoku konusu tart\u0131\u015fmalara yol a\u00e7\u0131yor. Sava\u015f tazminatlar\u0131, g\u00fcvenlik g\u00fcvenceleri, yapt\u0131r\u0131mlar ve dondurulmu\u015f varl\u0131klar gibi ba\u015fka konular da mevcut.<\/p>\n<p>\u0130ran Cumhurba\u015fkan\u0131 Mesud Peze\u015fkiyan, ABD&#8217;nin taahh\u00fct ihlallerini ve g\u00fcven eksikli\u011fini diplomatik angajman\u0131n \u00f6n\u00fcndeki ana engeller aras\u0131nda g\u00f6sterdi. Amerikan taraf\u0131 &#8216;haz\u0131r ve naz\u0131r&#8217; olduklar\u0131n\u0131 belirtirken, \u0130ran taraf\u0131 ise m\u00fczakerelerin ba\u015far\u0131s\u0131z olmas\u0131 halinde &#8216;tetiklerde parmaklar&#8217; ve herhangi bir \u00e7at\u0131\u015fmaya haz\u0131r olduklar\u0131n\u0131 ifade ediyor.<\/p>\n<p>Bu arada, D\u0131\u015fi\u015fleri Bakan\u0131 Abbas Ara\u011f\u00e7i, X hesab\u0131ndan Pakistan&#8217;a yapt\u0131\u011f\u0131 gezinin &#8216;\u00e7ok verimli&#8217; ge\u00e7ti\u011fini ve b\u00f6lgeye bar\u0131\u015f\u0131 getirme konusundaki &#8216;iyi niyetli ve karde\u015f\u00e7e \u00e7abalar\u0131n\u0131 \u00e7ok takdir ettiklerini&#8217; belirtti. G\u00f6r\u00fcn\u00fc\u015fe g\u00f6re, \u0130ran i\u00e7in \u015fu anki \u00f6nceliklerin ba\u015f\u0131nda diplomatik angajman geliyor. Ancak durumun k\u0131r\u0131lgan do\u011fas\u0131 g\u00f6z \u00f6n\u00fcne al\u0131nd\u0131\u011f\u0131nda, diplomasinin i\u015fe yaramamas\u0131 ve yeni bir \u00e7at\u0131\u015fma turunun ya\u015fanmas\u0131 olas\u0131l\u0131\u011f\u0131 da bulunuyor.<\/p>\n<p>**ABD-\u0130ran G\u00f6r\u00fc\u015fmelerindeki Kilit Anla\u015fmazl\u0131k Noktalar\u0131:**<\/p>\n<p>*   **\u0130ran&#8217;\u0131n n\u00fckleer program\u0131:** ABD, \u0130ran&#8217;\u0131n n\u00fckleer program\u0131n\u0131 tamamen durdurmas\u0131n\u0131 isterken, Tahran bu t\u00fcr k\u0131s\u0131tlamalar\u0131n s\u0131n\u0131rl\u0131 say\u0131da y\u0131l i\u00e7in olmas\u0131 gerekti\u011fini belirtiyor.<br \/>\n*   **\u0130ran&#8217;\u0131n uranyum stoku:** Trump, ABD&#8217;nin \u0130ran&#8217;\u0131n 400 kg (880 libre) y\u00fcksek d\u00fczeyde zenginle\u015ftirilmi\u015f uranyum stokunu devralmak istedi\u011fini s\u00f6ylerken, Tahran bu talebi reddetti.<br \/>\n*   **H\u00fcrm\u00fcz Bo\u011faz\u0131:** \u0130ran, ABD limanlar\u0131na uygulanan ablukay\u0131 kald\u0131rana kadar su yolundaki deniz trafi\u011fi \u00fczerindeki k\u0131s\u0131tlamalar\u0131 s\u00fcrd\u00fcrece\u011fini belirtiyor. Ancak Trump, bir anla\u015fmaya var\u0131lana kadar ablukan\u0131n devam edece\u011fini s\u00f6yl\u00fcyor.<br \/>\n*   **Dondurulmu\u015f varl\u0131klar:** \u0130ranl\u0131 yetkililer, kal\u0131c\u0131 bir anla\u015fman\u0131n par\u00e7as\u0131 olarak yapt\u0131r\u0131mlar\u0131n hafifletilmesini ve 20 milyar dolar de\u011ferindeki varl\u0131klar\u0131n dondurulmas\u0131n\u0131n kald\u0131r\u0131lmas\u0131n\u0131 talep ediyor.<br \/>\n*   **Sava\u015f tazminatlar\u0131:** \u0130ran ayr\u0131ca ABD ve \u0130srail sald\u0131r\u0131lar\u0131n\u0131n neden oldu\u011fu zararlar i\u00e7in yakla\u015f\u0131k 270 milyar dolar tazminat talep ediyor.<\/p>\n<p>**Ara\u011f\u00e7i&#8217;den M\u0131s\u0131rl\u0131 ve T\u00fcrk Mevkida\u015flar\u0131yla G\u00f6r\u00fc\u015fmeler**<\/p>\n<p>IRNA haber ajans\u0131, Ara\u011f\u00e7i ve M\u0131s\u0131rl\u0131 mevkida\u015f\u0131 Badr Abdelatty&#8217;nin &#8216;diplomasi ve ate\u015fkesle ilgili konular\u0131n yan\u0131 s\u0131ra son b\u00f6lgesel geli\u015fmeleri tart\u0131\u015ft\u0131klar\u0131n\u0131 ve g\u00f6r\u00fc\u015f al\u0131\u015fveri\u015finde bulunduklar\u0131n\u0131&#8217; bildirdi. Ajans, Ara\u011f\u00e7i&#8217;nin T\u00fcrkiye&#8217;den Hakan Fidan ile de bir g\u00f6r\u00fc\u015fme yapt\u0131\u011f\u0131n\u0131 ancak daha fazla detay vermedi\u011fini belirtti. T\u00fcrkiye&#8217;nin Anadolu haber ajans\u0131 ise Fidan ve Ara\u011f\u00e7i aras\u0131ndaki g\u00f6r\u00fc\u015fmelerin &#8216;\u0130ran ile ABD aras\u0131ndaki m\u00fczakere s\u00fcrecindeki son geli\u015fmelere odakland\u0131\u011f\u0131n\u0131&#8217; bildirdi. Fidan&#8217;\u0131n ayn\u0131 konuda Pakistan D\u0131\u015fi\u015fleri Bakan\u0131 \u0130shak Dar ile de bir g\u00f6r\u00fc\u015fme yapt\u0131\u011f\u0131 belirtildi.<\/p>\n<p>**Trump&#8217;\u0131n El\u00e7ilerin Pakistan Gezisini \u0130ptal Etmesinin Ard\u0131ndan Ne Olacak?**<\/p>\n<p>Ba\u015fkan Trump Sal\u0131 g\u00fcn\u00fc bir \u015feylerin olabilece\u011fine dair ipu\u00e7lar\u0131 vermi\u015f ancak bunun tam olarak ne olaca\u011f\u0131na dair somut detaylar vermemi\u015fti. Bu m\u00fczakereler hakk\u0131nda fazla spek\u00fclasyon yapmadan ne bekleyebilece\u011fimizden bahsedersek, y\u00fck\u00fcn ger\u00e7ekten de Pakistan gibi \u00fc\u00e7\u00fcnc\u00fc taraf arabuluculara d\u00fc\u015fece\u011fine inan\u0131yorum. Bu arabulucular, ileriye d\u00f6n\u00fck olarak \u0130ran ile Washington aras\u0131nda mesajlar\u0131 iletmek zorunda kalacaklar.<\/p>\n<p>Askeri olarak, ABD H\u00fcrm\u00fcz Bo\u011faz\u0131&#8217;ndaki deniz ablukas\u0131n\u0131 ve \u0130ran&#8217;\u0131n t\u00fcm deniz faaliyetlerini hedef alarak Tahran&#8217;a askeri bask\u0131 uygulamaya devam edecek. Ekonomik olarak ise, bu g\u00f6r\u00fc\u015fmelerin ne zaman devam edece\u011fine dair hen\u00fcz kesin bir zaman \u00e7izelgesi yok. Arabulucular\u0131n her iki taraf\u0131 da m\u00fczakere masas\u0131nda tutmak ve diyalo\u011fu s\u00fcrd\u00fcrmek i\u00e7in farkl\u0131 diplomatik ara\u00e7lar kullanmalar\u0131 beklenebilir. \u015eu anda, en az\u0131ndan ABD&#8217;li diplomatlar a\u00e7\u0131s\u0131ndan, odak noktas\u0131 devam eden bu ate\u015fkesi kullanarak bu hassas ate\u015fkese tehdit olu\u015fturabilecek ve bu iki \u00fclkeyi yeniden a\u00e7\u0131k \u00e7at\u0131\u015fmaya s\u00fcr\u00fckleyebilecek her \u015feyi \u00f6nlemek olacakt\u0131r.<\/p>\n<p>**\u0130srail 3 Hamas Sava\u015f\u00e7\u0131s\u0131n\u0131 Daha \u00d6ld\u00fcrd\u00fc\u011f\u00fcn\u00fc \u0130ddia Etti**<\/p>\n<p>\u0130srail ordusu, \u00f6ld\u00fcr\u00fclen sava\u015f\u00e7\u0131lar aras\u0131nda 7 Ekim 2023&#8217;teki Hamas liderli\u011findeki sald\u0131r\u0131lar s\u0131ras\u0131nda \u0130srail&#8217;e s\u0131zan bir komutan\u0131n bulundu\u011funu iddia etti. Di\u011ferlerinin ise Gazze&#8217;deki \u0130srail g\u00fc\u00e7lerine kar\u015f\u0131 &#8216;\u00e7ok say\u0131da sald\u0131r\u0131ya liderlik eden&#8217; bir Hamas manga komutan\u0131 ve \u00fc\u00e7\u00fcnc\u00fcs\u00fcn\u00fcn grubun askeri istihbarat biriminde bir operatif oldu\u011fu belirtildi. A\u00e7\u0131klamada, bu ki\u015filerin nerede veya ne zaman \u00f6ld\u00fcr\u00fcld\u00fc\u011f\u00fc belirtilmedi. Hamas&#8217;tan ise hemen bir yorum gelmedi.<\/p>\n<p>\u0130srail g\u00fc\u00e7leri, Ekim 2023&#8217;te b\u00f6lgeye y\u00f6nelik soyk\u0131r\u0131m sava\u015f\u0131n\u0131 ba\u015flatmas\u0131ndan bu yana Gazze&#8217;de en az 72.585 Filistinliyi \u00f6ld\u00fcrd\u00fc. Kurbanlar\u0131n b\u00fcy\u00fck \u00e7o\u011funlu\u011funu kad\u0131nlar ve \u00e7ocuklar olu\u015fturdu. Ge\u00e7en y\u0131l Ekim ay\u0131ndaki &#8216;ate\u015fkes&#8217; anla\u015fmas\u0131ndan bu yana, \u0130srail&#8217;in Gazze&#8217;ye d\u00fczenledi\u011fi sald\u0131r\u0131larda en az 809 Filistinli \u00f6ld\u00fcr\u00fcld\u00fc.<\/p>\n<p>**\u0130ran, ABD ile Herhangi Bir G\u00f6r\u00fc\u015fme \u00d6ncesinde G\u00fcvenin Yeniden \u0130n\u015fas\u0131 ve Ablukaya Son Verilmesi \u00c7a\u011fr\u0131s\u0131 Yapt\u0131**<\/p>\n<p>Cumhurba\u015fkan\u0131 Mesud Peze\u015fkiyan ve D\u0131\u015fi\u015fleri Bakan\u0131 Abbas Ara\u011f\u00e7i, bu sabah \u0130slamabad&#8217;daki arabulucuya &#8216;uygulanabilir bir \u00e7er\u00e7eve&#8217; olarak tan\u0131mlanan bir belge sundular, ancak belgenin detaylar\u0131 hen\u00fcz bilinmiyor. Ancak, Cumhurba\u015fkan\u0131 ile Pakistan Ba\u015fbakan\u0131 aras\u0131ndaki telefon g\u00f6r\u00fc\u015fmesine bakarsak, \u0130ranl\u0131 yetkililerin duru\u015funu g\u00f6rebiliriz.<\/p>\n<p>Peze\u015fkiyan, \u015eahbaz \u015eerif ile yapt\u0131\u011f\u0131 be\u015finci g\u00f6r\u00fc\u015fmesinde, \u015fu anki ana konunun g\u00fcven oldu\u011funu belirtti. Ayr\u0131ca, H\u00fcrm\u00fcz Bo\u011faz\u0131 \u00fczerindeki bu ablukan\u0131n ve bask\u0131n\u0131n, Umman Denizi&#8217;ndeki bu askeri varl\u0131\u011f\u0131n ana engellerden biri oldu\u011funu vurgulad\u0131. Asl\u0131nda, ge\u00e7ti\u011fimiz birka\u00e7 g\u00fcn i\u00e7inde bunu bir sava\u015f eylemi, Trump taraf\u0131ndan tekrar uzat\u0131lmadan \u00f6nceki son ate\u015fkesin ihlali olarak tan\u0131mlad\u0131.<\/p>\n<p>Dolay\u0131s\u0131yla, \u0130ranl\u0131lar ve Amerikal\u0131lar aras\u0131nda b\u00fcy\u00fck bir u\u00e7urum var. Ancak \u0130ranl\u0131lar\u0131n \u015fu anda diplomasinin devam etti\u011fini vurgulad\u0131klar\u0131n\u0131 biliyoruz. Diyalo\u011fa a\u00e7\u0131klar, ancak \u00f6n\u00fcm\u00fczdeki g\u00fcnlerde herhangi bir ilerleme kaydedilebilmesi i\u00e7in sayg\u0131l\u0131 bir ortama ihtiya\u00e7lar\u0131 var.<\/p>\n<p>**BAE Devlet Ba\u015fkan\u0131 ve Hindistan Ulusal G\u00fcvenlik Dan\u0131\u015fman\u0131 B\u00f6lgesel \u0130stikrar\u0131 G\u00f6r\u00fc\u015ft\u00fc**<\/p>\n<p>WAM haber ajans\u0131na g\u00f6re, BAE Devlet Ba\u015fkan\u0131 \u015eeyh Muhammed bin Zayed Al Nahyan, Abu Dabi&#8217;de Hindistan Ulusal G\u00fcvenlik Dan\u0131\u015fman\u0131 Ajit Doval ile bir araya geldi. \u0130ki lider, Orta Do\u011fu&#8217;daki durumu ve bunun b\u00f6lgesel ve uluslararas\u0131 g\u00fcvenlik, istikrar ve k\u00fcresel enerji g\u00fcvenli\u011fi \u00fczerindeki etkilerini g\u00f6r\u00fc\u015ft\u00fc.<\/p>\n<p>#\u0130ranABDGerilimi #Diplomasi #H\u00fcrm\u00fczBo\u011faz\u0131 #N\u00fckleerProgram #Yapt\u0131r\u0131mlar #B\u00f6lgeselG\u00fcvenlik #Ate\u015fkes #MasoudPezeshkian #AbbasAraghchi #OrtaDo\u011fu<\/p>\n","protected":false},"excerpt":{"rendered":"<p>ABD ile \u0130ran aras\u0131ndaki m\u00fczakerelerin gelece\u011fi belirsizli\u011fini korurken, g\u00f6r\u00fc\u015fmelerin detaylar\u0131 b\u00fcy\u00fck bir gizlilik i\u00e7inde y\u00fcr\u00fct\u00fcl\u00fcyor. Her iki taraf da detaylar ve teknik konular hakk\u0131nda bilgi s\u0131zd\u0131rmama karar\u0131 ald\u0131. Ancak, Amerikal\u0131lar\u0131n uygulad\u0131\u011f\u0131 abluka en \u00f6nemli anla\u015fmazl\u0131k noktalar\u0131ndan biri olarak \u00f6ne \u00e7\u0131k\u0131yor. \u0130ranl\u0131lar bu ablukan\u0131n kald\u0131r\u0131lmas\u0131n\u0131 talep ederken, \u0130ran taraf\u0131n\u0131n H\u00fcrm\u00fcz Bo\u011faz\u0131&#8217;n\u0131 kapatmas\u0131 da ilgili bir mesele [&hellip;]<\/p>\n","protected":false},"author":2,"featured_media":9458,"comment_status":"open","ping_status":"open","sticky":false,"template":"","format":"standard","meta":{"footnotes":""},"categories":[37],"tags":[],"class_list":["post-9457","post","type-post","status-publish","format-standard","has-post-thumbnail","hentry","category-orta-dogu-haberleri"],"_links":{"self":[{"href":"https:\/\/fajr.news\/index.php?rest_route=\/wp\/v2\/posts\/9457","targetHints":{"allow":["GET"]}}],"collection":[{"href":"https:\/\/fajr.news\/index.php?rest_route=\/wp\/v2\/posts"}],"about":[{"href":"https:\/\/fajr.news\/index.php?rest_route=\/wp\/v2\/types\/post"}],"author":[{"embeddable":true,"href":"https:\/\/fajr.news\/index.php?rest_route=\/wp\/v2\/users\/2"}],"replies":[{"embeddable":true,"href":"https:\/\/fajr.news\/index.php?rest_route=%2Fwp%2Fv2%2Fcomments&post=9457"}],"version-history":[{"count":0,"href":"https:\/\/fajr.news\/index.php?rest_route=\/wp\/v2\/posts\/9457\/revisions"}],"wp:featuredmedia":[{"embeddable":true,"href":"https:\/\/fajr.news\/index.php?rest_route=\/wp\/v2\/media\/9458"}],"wp:attachment":[{"href":"https:\/\/fajr.news\/index.php?rest_route=%2Fwp%2Fv2%2Fmedia&parent=9457"}],"wp:term":[{"taxonomy":"category","embeddable":true,"href":"https:\/\/fajr.news\/index.php?rest_route=%2Fwp%2Fv2%2Fcategories&post=9457"},{"taxonomy":"post_tag","embeddable":true,"href":"https:\/\/fajr.news\/index.php?rest_route=%2Fwp%2Fv2%2Ftags&post=9457"}],"curies":[{"name":"wp","href":"https:\/\/api.w.org\/{rel}","templated":true}]}}