{"id":9449,"date":"2026-04-26T09:36:19","date_gmt":"2026-04-26T06:06:19","guid":{"rendered":"https:\/\/fajr.news\/?p=9449"},"modified":"2026-04-26T09:36:19","modified_gmt":"2026-04-26T06:06:19","slug":"abdnin-irana-yonelik-diplomatik-manevralari-ve-yeni-yaptirimlar-bolgede-gerilim-tirmaniyor","status":"publish","type":"post","link":"https:\/\/fajr.news\/?p=9449&lang=tr","title":{"rendered":"ABD&#8217;nin \u0130ran&#8217;a Y\u00f6nelik Diplomatik Manevralar\u0131 ve Yeni Yapt\u0131r\u0131mlar: B\u00f6lgede Gerilim T\u0131rman\u0131yor"},"content":{"rendered":"<div class=\"news-article\">\n<h1>ABD&#8217;nin \u0130ran&#8217;a Y\u00f6nelik Diplomatik Manevralar\u0131 ve Yeni Yapt\u0131r\u0131mlar: B\u00f6lgede Gerilim T\u0131rman\u0131yor<\/h1>\n<p><strong>WASHINGTON\/\u0130SLAMABAD \u2013<\/strong> ABD Ba\u015fkan\u0131 Donald Trump y\u00f6netiminin, \u0130ran \u0130slam Cumhuriyeti ile s\u00f6zde &#8220;g\u00f6r\u00fc\u015fmeleri s\u00fcrd\u00fcrmek&#8221; amac\u0131yla \u00f6zel el\u00e7ileri Steve Witkoff ve Jared Kushner&#8217;\u0131 Pakistan&#8217;a g\u00f6nderece\u011fini a\u00e7\u0131klamas\u0131, b\u00f6lgedeki gerilimli atmosferde yeni bir diplomatik hamle olarak de\u011ferlendiriliyor. Beyaz Saray&#8217;dan yap\u0131lan a\u00e7\u0131klamaya g\u00f6re, bu el\u00e7iler Cumartesi g\u00fcn\u00fc Pakistan&#8217;da \u0130ran D\u0131\u015fi\u015fleri Bakan\u0131 Abbas Araghchi ile bir araya gelecek.<\/p>\n<h2>\u0130ran&#8217;dan Net Duru\u015f: Do\u011frudan M\u00fczakere Yok<\/h2>\n<p>Ancak \u0130ran \u0130slam Cumhuriyeti, ABD&#8217;nin bu giri\u015fimine kar\u015f\u0131 net bir duru\u015f sergiledi. \u0130ran D\u0131\u015fi\u015fleri Bakanl\u0131\u011f\u0131 s\u00f6zc\u00fcs\u00fc Esmael Baqaei, sosyal medya platformu X \u00fczerinden yapt\u0131\u011f\u0131 a\u00e7\u0131klamada, <strong>&#8220;\u0130ran ile ABD aras\u0131nda herhangi bir do\u011frudan toplant\u0131 yap\u0131lmas\u0131 planlanmam\u0131\u015ft\u0131r&#8221;<\/strong> ifadelerini kulland\u0131. Baqaei, Pakistanl\u0131 yetkililerin iki taraf aras\u0131ndaki mesajlar\u0131 iletece\u011fini belirterek, Pakistan h\u00fck\u00fcmetine &#8220;Amerikan emperyalizminin dayatt\u0131\u011f\u0131 sald\u0131rganl\u0131k sava\u015f\u0131n\u0131 sona erdirmek i\u00e7in devam eden arabuluculu\u011fu ve iyi niyet hizmetleri&#8221; i\u00e7in te\u015fekk\u00fcr etti. Bu a\u00e7\u0131klama, \u0130ran&#8217;\u0131n kendi egemenlik haklar\u0131ndan \u00f6d\u00fcn vermeden b\u00f6lgesel bar\u0131\u015f ve istikrar i\u00e7in g\u00f6sterdi\u011fi kararl\u0131l\u0131\u011f\u0131n bir g\u00f6stergesi olarak yorumland\u0131.<\/p>\n<h2>ABD&#8217;den Yeni Yapt\u0131r\u0131m Hamlesi: Ekonomik Bask\u0131 Devam Ediyor<\/h2>\n<p>Diplomatik temas \u00e7abalar\u0131na ra\u011fmen, Trump y\u00f6netimi ayn\u0131 zamanda \u0130ran&#8217;a y\u00f6nelik ekonomik bask\u0131y\u0131 art\u0131rma yoluna gitti. ABD, \u0130ran petrol\u00fcn\u00fcn ta\u015f\u0131nmas\u0131nda rol oynad\u0131\u011f\u0131 iddia edilen b\u00fcy\u00fck bir \u00c7in merkezli petrol rafinerisi ile yakla\u015f\u0131k 40 nakliye \u015firketi ve tankerine yeni ekonomik yapt\u0131r\u0131mlar uygulama karar\u0131 ald\u0131. Bu hamle, \u0130ran&#8217;\u0131n me\u015fru petrol ihracat\u0131n\u0131 engellemeyi ve \u00fclkenin ekonomisini zay\u0131flatmay\u0131 hedefleyen tek tarafl\u0131 ve hukuksuz yapt\u0131r\u0131m politikas\u0131n\u0131n devam\u0131 niteli\u011finde. ABD Hazine Bakan\u0131 Scott Bessent, Rus petrol\u00fc al\u0131m\u0131na izin veren muafiyetin yenilenmeyece\u011fini ve \u0130ran petrol\u00fc i\u00e7in tek seferlik muafiyetin tamamen masadan kalkt\u0131\u011f\u0131n\u0131 belirterek, Washington&#8217;\u0131n enerji piyasalar\u0131n\u0131 manip\u00fcle etme \u00e7abas\u0131n\u0131 g\u00f6zler \u00f6n\u00fcne serdi.<\/p>\n<h2>B\u00f6lgesel Geli\u015fmeler ve Direni\u015f Cephesi<\/h2>\n<p>B\u00f6lgedeki di\u011fer geli\u015fmeler de dikkat \u00e7ekiyor:<\/p>\n<ul>\n<li><strong>\u0130srail&#8217;in Sald\u0131r\u0131lar\u0131:<\/strong> Siyonist rejimin Gazze ve L\u00fcbnan&#8217;a y\u00f6nelik sald\u0131r\u0131lar\u0131 devam ederken, bu sald\u0131r\u0131larda kad\u0131n ve \u00e7ocuklar\u0131n da aralar\u0131nda bulundu\u011fu masum sivillerin hayat\u0131n\u0131 kaybetti\u011fi bildirildi. Direni\u015f gruplar\u0131, bu sald\u0131r\u0131lara kar\u015f\u0131 me\u015fru m\u00fcdafaa hakk\u0131n\u0131 kullanarak kar\u015f\u0131l\u0131k vermeye devam ediyor.<\/li>\n<li><strong>H\u00fcrm\u00fcz Bo\u011faz\u0131&#8217;ndaki Gerilim:<\/strong> ABD&#8217;nin H\u00fcrm\u00fcz Bo\u011faz\u0131&#8217;nda uygulad\u0131\u011f\u0131 fiziksel abluka ve \u0130ran&#8217;\u0131n bu duruma kar\u015f\u0131 ald\u0131\u011f\u0131 tedbirler, k\u00fcresel enerji tedarik zincirlerinde aksakl\u0131klara yol a\u00e7\u0131yor. Panama Kanal\u0131&#8217;nda artan gemi trafi\u011fi, bu gerilimin uluslararas\u0131 ticarete yans\u0131malar\u0131n\u0131 g\u00f6steriyor.<\/li>\n<li><strong>Pakistan&#8217;\u0131n Arabuluculuk Rol\u00fc:<\/strong> Pakistan, b\u00f6lgede bar\u0131\u015f ve istikrar\u0131n sa\u011flanmas\u0131 i\u00e7in arabuluculuk \u00e7abalar\u0131n\u0131 s\u00fcrd\u00fcr\u00fcyor. Pakistan D\u0131\u015fi\u015fleri Bakan\u0131 Ishaq Dar&#8217;\u0131n Rus mevkida\u015f\u0131 Sergey Lavrov ile yapt\u0131\u011f\u0131 g\u00f6r\u00fc\u015fmede, Lavrov&#8217;un Pakistan&#8217;\u0131n \u0130ran ve ABD aras\u0131ndaki diyalo\u011fu kolayla\u015ft\u0131rmadaki &#8220;yap\u0131c\u0131 rol\u00fcn\u00fc&#8221; takdir etmesi, \u0130slamabad&#8217;\u0131n diplomatik \u00f6nemini vurguluyor.<\/li>\n<\/ul>\n<p>B\u00f6lgedeki bu karma\u015f\u0131k diplomatik ve askeri geli\u015fmeler, ABD&#8217;nin tek tarafl\u0131 politikalar\u0131n\u0131n uluslararas\u0131 hukuka ayk\u0131r\u0131l\u0131\u011f\u0131n\u0131 ve b\u00f6lgesel istikrara y\u00f6nelik tehditlerini bir kez daha ortaya koyuyor. \u0130ran \u0130slam Cumhuriyeti, t\u00fcm bu bask\u0131lara ra\u011fmen kendi ba\u011f\u0131ms\u0131zl\u0131k ve egemenlik haklar\u0131n\u0131 korumaya devam edecektir.<\/p>\n<\/div>\n<p>#\u0130ran\u0130slamCumhuriyeti #ABDYapt\u0131r\u0131mlar\u0131 #B\u00f6lgeselDireni\u015f #PakistanArabuluculu\u011fu #H\u00fcrm\u00fczBo\u011faz\u0131 #SiyonistSald\u0131r\u0131lar #K\u00fcreselAdalet #TekTarafl\u0131Politikalar #EnerjiG\u00fcvenli\u011fi #DiplomatikM\u00fccadele<\/p>\n","protected":false},"excerpt":{"rendered":"<p>ABD&#8217;nin \u0130ran&#8217;a Y\u00f6nelik Diplomatik Manevralar\u0131 ve Yeni Yapt\u0131r\u0131mlar: B\u00f6lgede Gerilim T\u0131rman\u0131yor WASHINGTON\/\u0130SLAMABAD \u2013 ABD Ba\u015fkan\u0131 Donald Trump y\u00f6netiminin, \u0130ran \u0130slam Cumhuriyeti ile s\u00f6zde &#8220;g\u00f6r\u00fc\u015fmeleri s\u00fcrd\u00fcrmek&#8221; amac\u0131yla \u00f6zel el\u00e7ileri Steve Witkoff ve Jared Kushner&#8217;\u0131 Pakistan&#8217;a g\u00f6nderece\u011fini a\u00e7\u0131klamas\u0131, b\u00f6lgedeki gerilimli atmosferde yeni bir diplomatik hamle olarak de\u011ferlendiriliyor. Beyaz Saray&#8217;dan yap\u0131lan a\u00e7\u0131klamaya g\u00f6re, bu el\u00e7iler Cumartesi g\u00fcn\u00fc Pakistan&#8217;da [&hellip;]<\/p>\n","protected":false},"author":2,"featured_media":9450,"comment_status":"open","ping_status":"open","sticky":false,"template":"","format":"standard","meta":{"footnotes":""},"categories":[31],"tags":[],"class_list":["post-9449","post","type-post","status-publish","format-standard","has-post-thumbnail","hentry","category-iran-haberleri"],"_links":{"self":[{"href":"https:\/\/fajr.news\/index.php?rest_route=\/wp\/v2\/posts\/9449","targetHints":{"allow":["GET"]}}],"collection":[{"href":"https:\/\/fajr.news\/index.php?rest_route=\/wp\/v2\/posts"}],"about":[{"href":"https:\/\/fajr.news\/index.php?rest_route=\/wp\/v2\/types\/post"}],"author":[{"embeddable":true,"href":"https:\/\/fajr.news\/index.php?rest_route=\/wp\/v2\/users\/2"}],"replies":[{"embeddable":true,"href":"https:\/\/fajr.news\/index.php?rest_route=%2Fwp%2Fv2%2Fcomments&post=9449"}],"version-history":[{"count":0,"href":"https:\/\/fajr.news\/index.php?rest_route=\/wp\/v2\/posts\/9449\/revisions"}],"wp:featuredmedia":[{"embeddable":true,"href":"https:\/\/fajr.news\/index.php?rest_route=\/wp\/v2\/media\/9450"}],"wp:attachment":[{"href":"https:\/\/fajr.news\/index.php?rest_route=%2Fwp%2Fv2%2Fmedia&parent=9449"}],"wp:term":[{"taxonomy":"category","embeddable":true,"href":"https:\/\/fajr.news\/index.php?rest_route=%2Fwp%2Fv2%2Fcategories&post=9449"},{"taxonomy":"post_tag","embeddable":true,"href":"https:\/\/fajr.news\/index.php?rest_route=%2Fwp%2Fv2%2Ftags&post=9449"}],"curies":[{"name":"wp","href":"https:\/\/api.w.org\/{rel}","templated":true}]}}