{"id":9441,"date":"2026-04-26T09:29:10","date_gmt":"2026-04-26T05:59:10","guid":{"rendered":"https:\/\/fajr.news\/?p=9441"},"modified":"2026-04-26T09:29:10","modified_gmt":"2026-04-26T05:59:10","slug":"iran-disisleri-bakani-baris-gorusmeleri-icin-yeniden-pakistana-donuyor-abd-heyetinin-ziyareti-iptal-edildi","status":"publish","type":"post","link":"https:\/\/fajr.news\/?p=9441&lang=tr","title":{"rendered":"\u0130ran D\u0131\u015fi\u015fleri Bakan\u0131 Bar\u0131\u015f G\u00f6r\u00fc\u015fmeleri \u0130\u00e7in Yeniden Pakistan&#8217;a D\u00f6n\u00fcyor: ABD Heyetinin Ziyareti \u0130ptal Edildi"},"content":{"rendered":"<h1>\u0130ran D\u0131\u015fi\u015fleri Bakan\u0131 Bar\u0131\u015f G\u00f6r\u00fc\u015fmeleri \u0130\u00e7in Yeniden Pakistan&#8217;a D\u00f6n\u00fcyor: ABD Heyetinin Ziyareti \u0130ptal Edildi<\/h1>\n<p>B\u00f6lgedeki gerilimin t\u0131rmand\u0131\u011f\u0131 bir d\u00f6nemde, <strong>\u0130ran D\u0131\u015fi\u015fleri Bakan\u0131 Abbas Araghchi<\/strong>&#8216;nin bar\u0131\u015f m\u00fczakerelerini s\u00fcrd\u00fcrmek \u00fczere Pazar g\u00fcn\u00fc yeniden Pakistan&#8217;a d\u00f6nece\u011fi bildirildi. Devlet medyas\u0131, Araghchi&#8217;nin bir g\u00fcn \u00f6nce \u0130slamabad&#8217;dan ayr\u0131lm\u0131\u015f olmas\u0131na ra\u011fmen, diplomatik \u00e7abalar\u0131n h\u0131z kesmeden devam etti\u011fini vurgulad\u0131. Bu diplomatik hareketlilik, ABD el\u00e7ilerinin Cumartesi g\u00fcn\u00fc \u0130slamabad&#8217;a yapmay\u0131 planlad\u0131klar\u0131 ziyaretlerini iptal etmeleriyle g\u00f6lgelendi. \u0130ran, ABD ile do\u011frudan m\u00fczakerelere kat\u0131lmayaca\u011f\u0131n\u0131 net bir \u015fekilde ifade etmi\u015fti.<\/p>\n<h2>\u0130ran&#8217;\u0131n Ter\u00f6rle M\u00fccadelesi ve B\u00f6lgesel G\u00fcvenlik<\/h2>\n<p>\u0130ran, i\u00e7 g\u00fcvenli\u011fini tehdit eden unsurlara kar\u015f\u0131 kararl\u0131 duru\u015funu s\u00fcrd\u00fcr\u00fcyor. Yar\u0131 resmi Tasnim haber ajans\u0131n\u0131n bildirdi\u011fine g\u00f6re, <strong>S\u00fcnni militan grup Cey\u015f el-Adl<\/strong> \u00fcyesi olmak ve \u0130ran g\u00fcvenlik g\u00fc\u00e7lerine y\u00f6nelik sald\u0131r\u0131lar d\u00fczenlemekten h\u00fck\u00fcm giyen bir ki\u015fi idam edildi. Yetkililer, s\u00f6z konusu ki\u015finin <strong>Amer Ramesh<\/strong> olarak tan\u0131mland\u0131\u011f\u0131n\u0131 ve \u0130ran&#8217;\u0131n g\u00fcneydo\u011fusunda d\u00fczenlenen bir ter\u00f6rle m\u00fccadele operasyonunda yakaland\u0131\u011f\u0131n\u0131 belirtti. Ramesh, askeri personele y\u00f6nelik bombal\u0131 sald\u0131r\u0131lar ve pusu kurma eylemleri de dahil olmak \u00fczere silahl\u0131 isyan su\u00e7lamalar\u0131yla kar\u015f\u0131 kar\u015f\u0131yayd\u0131.<\/p>\n<p><strong>Cey\u015f el-Adl<\/strong>, \u0130ran&#8217;\u0131n en yoksul b\u00f6lgelerinden biri olan Sistan-Belu\u00e7istan&#8217;da faaliyet g\u00f6steren a\u015f\u0131r\u0131l\u0131k yanl\u0131s\u0131 bir S\u00fcnni M\u00fcsl\u00fcman militan grubudur. \u0130ran, bu t\u00fcr ter\u00f6r \u00f6rg\u00fctlerinin b\u00f6lgedeki istikrars\u0131zl\u0131\u011f\u0131 k\u00f6r\u00fckleme \u00e7abalar\u0131na kar\u015f\u0131 m\u00fccadelesini s\u00fcrd\u00fcrmektedir.<\/p>\n<h2>ABD&#8217;nin \u00c7eli\u015fkili Tutumu ve B\u00f6lgesel Gerilimler<\/h2>\n<p>ABD Ba\u015fkan\u0131 Donald Trump, Beyaz Saray Muhabirleri Derne\u011fi yeme\u011findeki bir silahl\u0131 sald\u0131r\u0131n\u0131n kendisini \u201c\u0130ran&#8217;daki sava\u015f\u0131 kazanmaktan\u201d al\u0131koymayaca\u011f\u0131n\u0131 iddia etti. Trump, olay\u0131n \u00e7at\u0131\u015fmayla ba\u011flant\u0131l\u0131 oldu\u011funa inanmad\u0131\u011f\u0131n\u0131 belirtse de, daha \u00f6nce \u201casla bilemezsiniz\u201d diyerek \u00e7eli\u015fkili bir duru\u015f sergilemi\u015fti. Bu a\u00e7\u0131klamalar, ABD&#8217;nin b\u00f6lgedeki politikalar\u0131n\u0131n belirsizli\u011fini bir kez daha g\u00f6zler \u00f6n\u00fcne serdi.<\/p>\n<p>\u00d6te yandan, <strong>L\u00fcbnan Sa\u011fl\u0131k Bakanl\u0131\u011f\u0131<\/strong>, \u0130srail&#8217;in \u00fclkenin g\u00fcneyine d\u00fczenledi\u011fi sald\u0131r\u0131larda alt\u0131 ki\u015finin hayat\u0131n\u0131 kaybetti\u011fini duyurdu. Bu sald\u0131r\u0131lar, \u0130srail ile militan grup Hizbullah aras\u0131ndaki sava\u015fta bu hafta uzat\u0131lan ate\u015fkesin ihlali anlam\u0131na geliyor ve b\u00f6lgedeki k\u0131r\u0131lgan durumu g\u00f6zler \u00f6n\u00fcne seriyor.<\/p>\n<p>\u0130ran D\u0131\u015fi\u015fleri Bakan\u0131 Abbas Araghchi&#8217;nin Umman ziyaretinin ard\u0131ndan yeniden Pakistan&#8217;a d\u00f6nece\u011fi, ard\u0131ndan Rusya&#8217;ya ge\u00e7ece\u011fi belirtildi. Heyetinin bir k\u0131sm\u0131n\u0131n sava\u015f\u0131n sona erdirilmesiyle ilgili gerekli talimatlar\u0131 almak \u00fczere Tahran&#8217;a d\u00f6nd\u00fc\u011f\u00fc ve Pazar gecesi \u0130slamabad&#8217;da Araghchi&#8217;ye yeniden kat\u0131laca\u011f\u0131 ifade edildi. Araghchi, Pakistanl\u0131 liderlerle yapt\u0131\u011f\u0131 g\u00f6r\u00fc\u015fmelerde \u0130ran&#8217;\u0131n ABD ile m\u00fczakerelerdeki \u201ck\u0131rm\u0131z\u0131 \u00e7izgilerini\u201d net bir \u015fekilde ifade etmi\u015fti. Ba\u015fkan Donald Trump ise, ABD el\u00e7ileri Steve Witkoff ve Jared Kushner&#8217;a Pakistan&#8217;a gitmemeleri talimat\u0131n\u0131 verdi\u011fini belirterek, \u201c\u0130stedikleri zaman bizi arayabilirler\u201d \u015feklinde bir a\u00e7\u0131klama yapm\u0131\u015ft\u0131. Bu durum, ABD&#8217;nin diplomatik s\u00fcre\u00e7lere olan yakla\u015f\u0131m\u0131ndaki ciddiyetsizli\u011fi ve tek tarafl\u0131 tutumunu bir kez daha ortaya koymu\u015ftur.<\/p>\n<p>#\u0130ranDiplomasisi #B\u00f6lgeselBar\u0131\u015f #Ter\u00f6rleM\u00fccadele #Cey\u015fElAdl #ABD\u0130ranGerilimi #PakistanG\u00f6r\u00fc\u015fmeleri #Ortado\u011fu #\u0130srailSald\u0131r\u0131lar\u0131 #Diplomatik\u00c7\u00f6z\u00fcm #SistanBelu\u00e7istan<\/p>\n","protected":false},"excerpt":{"rendered":"<p>\u0130ran D\u0131\u015fi\u015fleri Bakan\u0131 Bar\u0131\u015f G\u00f6r\u00fc\u015fmeleri \u0130\u00e7in Yeniden Pakistan&#8217;a D\u00f6n\u00fcyor: ABD Heyetinin Ziyareti \u0130ptal Edildi B\u00f6lgedeki gerilimin t\u0131rmand\u0131\u011f\u0131 bir d\u00f6nemde, \u0130ran D\u0131\u015fi\u015fleri Bakan\u0131 Abbas Araghchi&#8216;nin bar\u0131\u015f m\u00fczakerelerini s\u00fcrd\u00fcrmek \u00fczere Pazar g\u00fcn\u00fc yeniden Pakistan&#8217;a d\u00f6nece\u011fi bildirildi. Devlet medyas\u0131, Araghchi&#8217;nin bir g\u00fcn \u00f6nce \u0130slamabad&#8217;dan ayr\u0131lm\u0131\u015f olmas\u0131na ra\u011fmen, diplomatik \u00e7abalar\u0131n h\u0131z kesmeden devam etti\u011fini vurgulad\u0131. Bu diplomatik hareketlilik, ABD [&hellip;]<\/p>\n","protected":false},"author":2,"featured_media":9442,"comment_status":"open","ping_status":"open","sticky":false,"template":"","format":"standard","meta":{"footnotes":""},"categories":[37],"tags":[],"class_list":["post-9441","post","type-post","status-publish","format-standard","has-post-thumbnail","hentry","category-orta-dogu-haberleri"],"_links":{"self":[{"href":"https:\/\/fajr.news\/index.php?rest_route=\/wp\/v2\/posts\/9441","targetHints":{"allow":["GET"]}}],"collection":[{"href":"https:\/\/fajr.news\/index.php?rest_route=\/wp\/v2\/posts"}],"about":[{"href":"https:\/\/fajr.news\/index.php?rest_route=\/wp\/v2\/types\/post"}],"author":[{"embeddable":true,"href":"https:\/\/fajr.news\/index.php?rest_route=\/wp\/v2\/users\/2"}],"replies":[{"embeddable":true,"href":"https:\/\/fajr.news\/index.php?rest_route=%2Fwp%2Fv2%2Fcomments&post=9441"}],"version-history":[{"count":0,"href":"https:\/\/fajr.news\/index.php?rest_route=\/wp\/v2\/posts\/9441\/revisions"}],"wp:featuredmedia":[{"embeddable":true,"href":"https:\/\/fajr.news\/index.php?rest_route=\/wp\/v2\/media\/9442"}],"wp:attachment":[{"href":"https:\/\/fajr.news\/index.php?rest_route=%2Fwp%2Fv2%2Fmedia&parent=9441"}],"wp:term":[{"taxonomy":"category","embeddable":true,"href":"https:\/\/fajr.news\/index.php?rest_route=%2Fwp%2Fv2%2Fcategories&post=9441"},{"taxonomy":"post_tag","embeddable":true,"href":"https:\/\/fajr.news\/index.php?rest_route=%2Fwp%2Fv2%2Ftags&post=9441"}],"curies":[{"name":"wp","href":"https:\/\/api.w.org\/{rel}","templated":true}]}}