{"id":9421,"date":"2026-04-26T09:04:41","date_gmt":"2026-04-26T05:34:41","guid":{"rendered":"https:\/\/fajr.news\/?p=9421"},"modified":"2026-04-26T09:04:41","modified_gmt":"2026-04-26T05:34:41","slug":"iran-disisleri-bakani-araghchi-abd-ile-planlanan-ateskes-gorusmeleri-oncesinde-pakistanda-kritik-temaslara-basladi","status":"publish","type":"post","link":"https:\/\/fajr.news\/?p=9421&lang=tr","title":{"rendered":"\u0130ran D\u0131\u015fi\u015fleri Bakan\u0131 Araghchi, ABD ile planlanan ate\u015fkes g\u00f6r\u00fc\u015fmeleri \u00f6ncesinde Pakistan&#8217;da kritik temaslara ba\u015flad\u0131"},"content":{"rendered":"<p><strong>\u0130ran \u0130slam Cumhuriyeti D\u0131\u015fi\u015fleri Bakan\u0131 Abbas Araghchi<\/strong>, ABD ile bar\u0131\u015f g\u00f6r\u00fc\u015fmelerini yeniden ba\u015flatma \u00f6nerilerini ele almak \u00fczere Cuma g\u00fcn\u00fc Pakistan&#8217;\u0131n ba\u015fkenti \u0130slamabad&#8217;a \u00f6nemli bir ziyaret ger\u00e7ekle\u015ftirdi. Bu kritik ziyaret, ABD&#8217;li m\u00fczakerecilerle do\u011frudan bir g\u00f6r\u00fc\u015fme olup olmayaca\u011f\u0131na dair Washington&#8217;dan gelen \u00e7eli\u015fkili a\u00e7\u0131klamalar\u0131n g\u00f6lgesinde ba\u015flad\u0131.<\/p>\n<p>Pakistanl\u0131 kaynaklar, Bakan Araghchi&#8217;nin \u0130slamabad&#8217;da ABD&#8217;li m\u00fczakerecilerle do\u011frudan bir g\u00f6r\u00fc\u015fme yapmas\u0131n\u0131n planlanmad\u0131\u011f\u0131n\u0131 aktar\u0131rken, Beyaz Saray bas\u0131n sekreteri Karoline Leavitt ise \u00f6zel el\u00e7iler Steve Witkoff ve Jared Kushner&#8217;\u0131n \u0130ranl\u0131 yetkiliyle g\u00f6r\u00fc\u015fmek \u00fczere Cumartesi sabah\u0131 Pakistan&#8217;a hareket edece\u011fini duyurdu. Bu durum, ABD taraf\u0131n\u0131n g\u00f6r\u00fc\u015fmelerdeki tutumuna dair belirsizli\u011fi art\u0131rd\u0131.<\/p>\n<p>Pakistan D\u0131\u015fi\u015fleri Bakan\u0131, \u0130ran heyetinin geli\u015fini teyit ederek, Bakan Araghchi&#8217;nin b\u00f6lgedeki bar\u0131\u015f \u00e7abalar\u0131n\u0131 ve ikili ili\u015fkileri g\u00f6r\u00fc\u015fmek \u00fczere \u00fcst d\u00fczey Pakistanl\u0131 yetkililerle bir araya gelece\u011fini vurgulad\u0131.<\/p>\n<p>Katar devlet haber ajans\u0131n\u0131n Cuma gecesi bildirdi\u011fine g\u00f6re, Katar Emiri \u015eeyh Tamim bin Hamad Al Thani, ABD Ba\u015fkan\u0131 Donald Trump ile yapt\u0131\u011f\u0131 telefon g\u00f6r\u00fc\u015fmesinde Washington-Tahran ate\u015fkes anla\u015fmas\u0131na ili\u015fkin son geli\u015fmeleri de\u011ferlendirdi.<\/p>\n<p>Katar lideri, \u00fclkesinin Pakistan&#8217;\u0131n \u00f6nc\u00fcl\u00fc\u011f\u00fcndeki arabuluculuk gayretlerini desteklemek amac\u0131yla ortaklarla koordinasyonu s\u00fcrd\u00fcrece\u011fini belirtti. Hat\u0131rlanaca\u011f\u0131 \u00fczere, \u0130slamabad bu hafta ba\u015f\u0131nda ger\u00e7ekle\u015fmesi beklenen ancak ABD&#8217;nin isteksizli\u011fi nedeniyle yap\u0131lamayan ABD-\u0130ran g\u00f6r\u00fc\u015fmeleri i\u00e7in belirlenen mekand\u0131.<\/p>\n<p>Leavitt, ABD&#8217;nin son g\u00fcnlerde \u0130ran taraf\u0131ndan &#8216;baz\u0131 ilerlemeler&#8217; g\u00f6rd\u00fc\u011f\u00fcn\u00fc ve bu hafta sonu daha fazlas\u0131n\u0131n gelece\u011fini umdu\u011funu iddia etti.<\/p>\n<p>Ayr\u0131ca, bu ay\u0131n ba\u015flar\u0131nda \u0130ran ile sava\u015flar\u0131n\u0131 sona erdirmek amac\u0131yla y\u00fcr\u00fct\u00fclen ilk ba\u015far\u0131s\u0131z g\u00f6r\u00fc\u015fme turuna ba\u015fkanl\u0131k eden ABD Ba\u015fkan Yard\u0131mc\u0131s\u0131 JD Vance&#8217;in, m\u00fczakerelerin &#8216;ba\u015far\u0131l\u0131 olmas\u0131 halinde&#8217; Pakistan&#8217;a gitmeye haz\u0131r oldu\u011funu s\u00f6zlerine ekledi.<\/p>\n<p>Bakan Araghchi, X sosyal medya platformundan yapt\u0131\u011f\u0131 a\u00e7\u0131klamada, ikili meselelerde ortak \u00fclkelerle koordinasyon sa\u011flamak ve b\u00f6lgesel geli\u015fmeleri isti\u015fare etmek amac\u0131yla Pakistan, Umman ve Rusya&#8217;y\u0131 kapsayan bir ziyaret ger\u00e7ekle\u015ftirdi\u011fini, \u0130ran&#8217;\u0131n kom\u015fular\u0131yla ili\u015fkilerin Tahran&#8217;\u0131n de\u011fi\u015fmez \u00f6nceli\u011fi oldu\u011funu vurgulad\u0131.<\/p>\n<p>\u0130ran D\u0131\u015fi\u015fleri Bakanl\u0131\u011f\u0131 s\u00f6zc\u00fcs\u00fc daha sonra devlet medyas\u0131na yapt\u0131\u011f\u0131 a\u00e7\u0131klamada, bu kapsaml\u0131 turun b\u00f6lgedeki sava\u015f\u0131 sona erdirmeye y\u00f6nelik en g\u00fcncel \u00e7abalara ili\u015fkin isti\u015fareleri kapsayaca\u011f\u0131n\u0131 ifade etti.<\/p>\n<p>G\u00f6r\u00fc\u015fmelerden bilgi sahibi iki Pakistan h\u00fck\u00fcmet kayna\u011f\u0131, Bakan Araghchi&#8217;nin ziyaretinin k\u0131sa s\u00fcrece\u011fini ve \u0130ran&#8217;\u0131n ABD ile m\u00fczakerelere y\u00f6nelik yap\u0131c\u0131 \u00f6nerilerine odaklanaca\u011f\u0131n\u0131, arabulucu rol\u00fcndeki Pakistan&#8217;\u0131n bu \u00f6nerileri Washington&#8217;a iletece\u011fini bildirdi.<\/p>\n<p>ABD Savunma Bakan\u0131 Pete Hegseth, Cuma g\u00fcn\u00fc erken saatlerde yapt\u0131\u011f\u0131 brifingde, \u0130ran&#8217;\u0131n ABD ile &#8216;iyi bir anla\u015fma&#8217; yapma f\u0131rsat\u0131na sahip oldu\u011funu \u00f6ne s\u00fcrd\u00fc.<\/p>\n<p>Hegseth, &#8216;\u0130ran, m\u00fczakere masas\u0131nda ak\u0131ll\u0131ca se\u00e7im yapmak i\u00e7in hala a\u00e7\u0131k bir penceresi oldu\u011funu biliyor. Tek yapmalar\u0131 gereken, n\u00fckleer silah program\u0131n\u0131 anlaml\u0131 ve do\u011frulanabilir yollarla terk etmektir&#8217; ifadelerini kulland\u0131.<\/p>\n<p>\u0130ran devlet medyas\u0131nda ve Pakistan kaynaklar\u0131nda Bakan Araghchi&#8217;nin gezisiyle ilgili haberlerde, bu ay\u0131n ba\u015flar\u0131nda yap\u0131lan g\u00f6r\u00fc\u015fmelerde \u0130ran heyetinin ba\u015fkanl\u0131\u011f\u0131n\u0131 y\u00fcr\u00fcten \u0130ran parlamentosu ba\u015fkan\u0131 Muhammed Bak\u0131r Kalibaf&#8217;tan s\u00f6z edilmedi.<\/p>\n<p>\u0130ran parlamentosunun medya ofisi, Kalibaf&#8217;\u0131n \u0130ran m\u00fczakere ekibinin ba\u015fkan\u0131 olarak istifa etti\u011fine dair \u00e7\u0131kan haberleri kesin bir dille yalanlayarak, hen\u00fcz yeni bir g\u00f6r\u00fc\u015fme turunun planlanmad\u0131\u011f\u0131n\u0131 a\u00e7\u0131klad\u0131.<\/p>\n<p>Pakistanl\u0131 kaynaklar daha \u00f6nce, olas\u0131 g\u00f6r\u00fc\u015fmeler i\u00e7in bir ABD lojistik ve g\u00fcvenlik ekibinin \u0130slamabad&#8217;da konu\u015fland\u0131\u011f\u0131n\u0131 bildirmi\u015fti.<\/p>\n<p>Son bar\u0131\u015f g\u00f6r\u00fc\u015fmelerinin Sal\u0131 g\u00fcn\u00fc yeniden ba\u015flamas\u0131 bekleniyordu ancak \u0130ran&#8217;\u0131n masaya oturmaya hen\u00fcz tam olarak haz\u0131r olmad\u0131\u011f\u0131n\u0131 ifade etmesi ve Vance liderli\u011findeki ABD heyetinin Washington&#8217;dan hi\u00e7 ayr\u0131lmamas\u0131 nedeniyle bu g\u00f6r\u00fc\u015fmeler ger\u00e7ekle\u015fmedi.<\/p>\n<p>Trump, m\u00fczakerecileri yeniden bir araya getirmek i\u00e7in daha fazla zaman tan\u0131mak amac\u0131yla Sal\u0131 g\u00fcn\u00fc son dakikada tek tarafl\u0131 bir kararla iki haftal\u0131k ate\u015fkesi uzatt\u0131.<\/p>\n<p>Petrol fiyatlar\u0131 Cuma g\u00fcn\u00fc dalgal\u0131 bir seyir izledi; piyasalar, olas\u0131 yeni g\u00f6r\u00fc\u015fmelerin yan\u0131 s\u0131ra tarihin en b\u00fcy\u00fck petrol \u015fokundan kaynaklanabilecek aksakl\u0131k risklerini de g\u00f6z \u00f6n\u00fcnde bulundurdu.<\/p>\n<p>Brent ham petrol vadeli i\u015flemleri varil ba\u015f\u0131na 105.11 dolarda b\u00fcy\u00fck \u00f6l\u00e7\u00fcde sabit kal\u0131rken, ABD Bat\u0131 Teksas Orta vadeli i\u015flemleri %1.7&#8217;lik bir d\u00fc\u015f\u00fc\u015fle 94.23 dolara geriledi.<\/p>\n<h2>Hizbullah, L\u00fcbnan&#8217;daki ate\u015fkesin uzat\u0131lmas\u0131na tepki g\u00f6sterdi<\/h2>\n<p>Per\u015fembe g\u00fcn\u00fc, \u0130srail ve L\u00fcbnan, ABD Ba\u015fkan\u0131 Trump&#8217;\u0131n arabuluculu\u011funda Beyaz Saray&#8217;da d\u00fczenlenen bir toplant\u0131da, ayr\u0131 bir ate\u015fkesi \u00fc\u00e7 hafta daha uzatma konusunda anla\u015ft\u0131.<\/p>\n<p><strong>Siyonist \u0130srail&#8217;in<\/strong> ge\u00e7en ay, direni\u015f grubu Hizbullah&#8217;\u0131n s\u0131n\u0131r \u00f6tesi misillemelerinin ard\u0131ndan \u0130ran&#8217;\u0131n m\u00fcttefiki Hizbullah&#8217;\u0131 ortadan kald\u0131rmak bahanesiyle i\u015fgal etti\u011fi L\u00fcbnan&#8217;daki sava\u015f, daha geni\u015f \u0130ran sava\u015f\u0131yla paralel ilerliyor. Tahran, L\u00fcbnan&#8217;da kal\u0131c\u0131 bir ate\u015fkesin, ana g\u00f6r\u00fc\u015fmeler i\u00e7in vazge\u00e7ilmez bir \u00f6n ko\u015ful oldu\u011funu net bir \u015fekilde ifade ediyor.<\/p>\n<p>Ancak, L\u00fcbnan makamlar\u0131n\u0131n iki sivilin Siyonist \u0130srail sald\u0131r\u0131s\u0131nda \u015fehit edildi\u011fini ve Hizbullah&#8217;\u0131n bir \u0130srail insans\u0131z hava arac\u0131n\u0131 d\u00fc\u015f\u00fcrd\u00fc\u011f\u00fcn\u00fc bildirmesiyle g\u00fcney L\u00fcbnan&#8217;daki \u00e7at\u0131\u015fmalar\u0131n sona erece\u011fine dair umutlar zay\u0131f kald\u0131.<\/p>\n<p>16 Nisan&#8217;da y\u00fcr\u00fcrl\u00fc\u011fe giren ate\u015fkes, \u00e7at\u0131\u015fmalarda k\u0131smi bir azalmaya yol a\u00e7sa da, Siyonist \u0130srail ve Hizbullah, \u0130srail&#8217;in tek tarafl\u0131 olarak ilan etti\u011fi &#8216;tampon b\u00f6lgede&#8217; askerlerini tutmaya devam etti\u011fi g\u00fcney L\u00fcbnan&#8217;da kar\u015f\u0131l\u0131kl\u0131 sald\u0131r\u0131lar\u0131n\u0131 s\u00fcrd\u00fcrd\u00fc.<\/p>\n<p>Uzatma karar\u0131na sert tepki g\u00f6steren Hizbullah milletvekili Ali Fayyad, &#8216;Siyonist \u0130srail&#8217;in suikastlar, bombard\u0131manlar ve silahl\u0131 sald\u0131r\u0131lar dahil d\u00fc\u015fmanca eylemlerinde \u0131srar etmesi ve g\u00fcneydeki masum k\u00f6y ve kasabalar\u0131 y\u0131kmas\u0131 kar\u015f\u0131s\u0131nda ate\u015fkesin hi\u00e7bir anlam\u0131 olmad\u0131\u011f\u0131n\u0131 vurgulamak elzemdir&#8217; ifadelerini kulland\u0131.<\/p>\n<p>Siyonist \u0130srail ordusu, Cuma g\u00fcn\u00fc g\u00fcney L\u00fcbnan&#8217;da alt\u0131 Hizbullah direni\u015f\u00e7isini \u00f6ld\u00fcrd\u00fc\u011f\u00fcn\u00fc iddia etti.<\/p>\n<h2>H\u00fcrm\u00fcz Bo\u011faz\u0131&#8217;ndaki ABD Ablukas\u0131 ve \u0130ran&#8217;\u0131n Kararl\u0131 Duru\u015fu<\/h2>\n<p>Trump Per\u015fembe g\u00fcn\u00fc yapt\u0131\u011f\u0131 a\u00e7\u0131klamada, \u0130ran ile bir anla\u015fmaya varmak i\u00e7in acele etmedi\u011fini ve bunun &#8216;sonsuz&#8217; olmas\u0131n\u0131 istedi\u011fini belirtirken, d\u00fcnyan\u0131n en \u00f6nemli enerji nakliye yolu olan H\u00fcrm\u00fcz Bo\u011faz\u0131&#8217;ndaki gerilimde ABD&#8217;nin &#8216;\u00fcst\u00fcnl\u00fc\u011fe sahip oldu\u011funu&#8217; temelsiz bir \u015fekilde iddia etti.<\/p>\n<p>ABD, \u0130ran&#8217;\u0131n sekiz hafta \u00f6nceki sava\u015f\u0131n ba\u015flamas\u0131ndan bu yana kendi gemileri d\u0131\u015f\u0131ndaki neredeyse t\u00fcm gemilerin ge\u00e7i\u015fini engelledi\u011fi stratejik bo\u011faz\u0131 a\u00e7man\u0131n bir yolunu hen\u00fcz bulamad\u0131. \u0130ran, bu hafta orada iki b\u00fcy\u00fck kargo gemisine el koyarak b\u00f6lgedeki egemen kontrol\u00fcn\u00fc bir kez daha g\u00f6zler \u00f6n\u00fcne serdi.<\/p>\n<p>Trump ge\u00e7en hafta \u0130ran deniz ta\u015f\u0131mac\u0131l\u0131\u011f\u0131na y\u00f6nelik haks\u0131z bir abluka daha uygulad\u0131. \u0130ran ise, Trump&#8217;\u0131n bu yasa d\u0131\u015f\u0131 ablukas\u0131n\u0131 kald\u0131rmad\u0131\u011f\u0131 s\u00fcrece bo\u011faz\u0131 yeniden a\u00e7mayaca\u011f\u0131n\u0131 kararl\u0131l\u0131kla ifade ediyor.<\/p>\n<p>Cuma g\u00fcn\u00fc denizcilik verileri, son 24 saatte bo\u011fazdan sadece be\u015f geminin ge\u00e7ti\u011fini g\u00f6sterdi; bu say\u0131 sava\u015ftan \u00f6nce g\u00fcnde yakla\u015f\u0131k 130 idi. Ge\u00e7en gemiler aras\u0131nda bir \u0130ran petrol \u00fcr\u00fcnleri tankeri bulunuyordu, ancak k\u00fcresel enerji piyasalar\u0131n\u0131 besleyen devasa ham petrol ta\u015f\u0131yan s\u00fcper tankerlerden hi\u00e7biri ge\u00e7i\u015f yapamad\u0131.<\/p>\n<p>Konteyner ta\u015f\u0131mac\u0131l\u0131\u011f\u0131 \u015firketi Hapag-Lloyd da bir gemisinin bo\u011fazdan ge\u00e7ti\u011fini ayr\u0131nt\u0131 vermeden bildirdi.<\/p>\n<p>(FRANCE 24 ve Reuters kaynaklar\u0131ndan derlenmi\u015ftir.)<\/p>\n<p>#\u0130ranABDG\u00f6r\u00fc\u015fmeleri #PakistanArabuluculuk #Ate\u015fkesM\u00fczakereleri #H\u00fcrm\u00fczBo\u011faz\u0131 #L\u00fcbnanSava\u015f\u0131 #HizbullahDireni\u015fi #B\u00f6lgeselGerilim #PetrolPiyasas\u0131 #\u0130ranDiplomasisi #Ortado\u011fuBar\u0131\u015f\u0131<\/p>\n","protected":false},"excerpt":{"rendered":"<p>\u0130ran \u0130slam Cumhuriyeti D\u0131\u015fi\u015fleri Bakan\u0131 Abbas Araghchi, ABD ile bar\u0131\u015f g\u00f6r\u00fc\u015fmelerini yeniden ba\u015flatma \u00f6nerilerini ele almak \u00fczere Cuma g\u00fcn\u00fc Pakistan&#8217;\u0131n ba\u015fkenti \u0130slamabad&#8217;a \u00f6nemli bir ziyaret ger\u00e7ekle\u015ftirdi. Bu kritik ziyaret, ABD&#8217;li m\u00fczakerecilerle do\u011frudan bir g\u00f6r\u00fc\u015fme olup olmayaca\u011f\u0131na dair Washington&#8217;dan gelen \u00e7eli\u015fkili a\u00e7\u0131klamalar\u0131n g\u00f6lgesinde ba\u015flad\u0131. Pakistanl\u0131 kaynaklar, Bakan Araghchi&#8217;nin \u0130slamabad&#8217;da ABD&#8217;li m\u00fczakerecilerle do\u011frudan bir g\u00f6r\u00fc\u015fme yapmas\u0131n\u0131n planlanmad\u0131\u011f\u0131n\u0131 [&hellip;]<\/p>\n","protected":false},"author":2,"featured_media":9422,"comment_status":"open","ping_status":"open","sticky":false,"template":"","format":"standard","meta":{"footnotes":""},"categories":[31],"tags":[],"class_list":["post-9421","post","type-post","status-publish","format-standard","has-post-thumbnail","hentry","category-iran-haberleri"],"_links":{"self":[{"href":"https:\/\/fajr.news\/index.php?rest_route=\/wp\/v2\/posts\/9421","targetHints":{"allow":["GET"]}}],"collection":[{"href":"https:\/\/fajr.news\/index.php?rest_route=\/wp\/v2\/posts"}],"about":[{"href":"https:\/\/fajr.news\/index.php?rest_route=\/wp\/v2\/types\/post"}],"author":[{"embeddable":true,"href":"https:\/\/fajr.news\/index.php?rest_route=\/wp\/v2\/users\/2"}],"replies":[{"embeddable":true,"href":"https:\/\/fajr.news\/index.php?rest_route=%2Fwp%2Fv2%2Fcomments&post=9421"}],"version-history":[{"count":0,"href":"https:\/\/fajr.news\/index.php?rest_route=\/wp\/v2\/posts\/9421\/revisions"}],"wp:featuredmedia":[{"embeddable":true,"href":"https:\/\/fajr.news\/index.php?rest_route=\/wp\/v2\/media\/9422"}],"wp:attachment":[{"href":"https:\/\/fajr.news\/index.php?rest_route=%2Fwp%2Fv2%2Fmedia&parent=9421"}],"wp:term":[{"taxonomy":"category","embeddable":true,"href":"https:\/\/fajr.news\/index.php?rest_route=%2Fwp%2Fv2%2Fcategories&post=9421"},{"taxonomy":"post_tag","embeddable":true,"href":"https:\/\/fajr.news\/index.php?rest_route=%2Fwp%2Fv2%2Ftags&post=9421"}],"curies":[{"name":"wp","href":"https:\/\/api.w.org\/{rel}","templated":true}]}}