{"id":9413,"date":"2026-04-26T08:59:18","date_gmt":"2026-04-26T05:29:18","guid":{"rendered":"https:\/\/fajr.news\/?p=9413"},"modified":"2026-04-26T08:59:18","modified_gmt":"2026-04-26T05:29:18","slug":"orta-dogu-gerilimi-ve-yapay-zeka-veri-merkezleri-abdnin-enerji-endiselerini-korukluyor","status":"publish","type":"post","link":"https:\/\/fajr.news\/?p=9413&lang=tr","title":{"rendered":"Orta Do\u011fu gerilimi ve yapay zeka veri merkezleri ABD&#8217;nin enerji endi\u015felerini k\u00f6r\u00fckl\u00fcyor"},"content":{"rendered":"<p>OKLAHOMA CITY &#8211;<\/p>\n<p>K\u00fcresel \u00e7apta Orta Do\u011fu&#8217;da t\u0131rmanan gerilimler, yapay zeka veri merkezlerinden kaynaklanan artan enerji talebi ve Washington&#8217;daki siyasi \u00e7\u0131kmaz, uzmanlar\u0131n k\u00fcresel enerji piyasas\u0131 i\u00e7in <strong>belirleyici bir an<\/strong> olabilece\u011fi konusunda uyard\u0131\u011f\u0131 bir tabloyu ortaya koyuyor.<\/p>\n<h2>\n<p>K\u00fcresel Enerji Piyasas\u0131nda Yeni Bir D\u00f6nem Mi?<\/p>\n<\/h2>\n<p>Bu hafta &#8220;Hot Seat&#8221; program\u0131nda Scott Mitchell, OK Energy Today edit\u00f6r\u00fc Jerry Bohnen ile bir araya gelerek H\u00fcrm\u00fcz Bo\u011faz\u0131&#8217;ndaki istikrars\u0131zl\u0131\u011f\u0131n potansiyel etkilerini, ABD&#8217;nin enerji ba\u011f\u0131ms\u0131zl\u0131\u011f\u0131ndaki h\u0131zl\u0131 de\u011fi\u015fimi ve elektrik t\u00fcketen veri merkezlerine ili\u015fkin artan endi\u015feleri masaya yat\u0131rd\u0131.<\/p>\n<h2>\n<p>\u00d6nemli \u00c7\u0131kar\u0131mlar:<\/p>\n<\/h2>\n<ul>\n<li>\n        <strong><\/p>\n<h3>H\u00fcrm\u00fcz Bo\u011faz\u0131 Gerilimi Tarihi Bir Enerji Tehdidi Olu\u015fturabilir<\/h3>\n<p><\/strong><\/p>\n<p>Bohnen, d\u00fcnyan\u0131n en kritik petrol koridorlar\u0131ndan birindeki aksakl\u0131klar\u0131n modern zamanlar\u0131n en \u00f6nemli enerji g\u00fcvenli\u011fi riski olabilece\u011fini ve k\u00fcresel yans\u0131malar\u0131n\u0131n \u015fimdiden piyasalar\u0131 ve tedarik zincirlerini etkiledi\u011fini belirtiyor. Bu durum, b\u00f6lgedeki istikrars\u0131zl\u0131\u011f\u0131n k\u00fcresel ekonomiye do\u011frudan etkisini g\u00f6zler \u00f6n\u00fcne sermektedir.<\/p>\n<\/li>\n<li>\n        <strong><\/p>\n<h3>ABD&#8217;nin Enerji Ba\u011f\u0131ms\u0131zl\u0131\u011f\u0131 Darbeyi Yumu\u015fat\u0131yor<\/h3>\n<p><\/strong><\/p>\n<p>Son on y\u0131lda kaya gaz\u0131 \u00e7\u0131karma (fracking) ve yerli \u00fcretimdeki ilerlemeler, Amerika Birle\u015fik Devletleri&#8217;nin 1970&#8217;lerdeki petrol ambargosu gibi ge\u00e7mi\u015f krizlere k\u0131yasla k\u00fcresel \u015foklara kar\u015f\u0131 daha iyi dayanmas\u0131n\u0131 sa\u011flam\u0131\u015ft\u0131r. Ancak bu durum, ABD&#8217;nin k\u00fcresel enerji politikalar\u0131ndaki rol\u00fcn\u00fc ve etkisini de art\u0131rmaktad\u0131r.<\/p>\n<\/li>\n<li>\n        <strong><\/p>\n<h3>K\u00fcresel \u00c7at\u0131\u015fmalar \u015eimdiden Ekonomik Sonu\u00e7lar Do\u011furuyor<\/h3>\n<p><\/strong><\/p>\n<p>Havayolu fiyatlar\u0131ndaki art\u0131\u015flar, u\u00e7u\u015f say\u0131lar\u0131ndaki azalmalar ve Avrupa ile Asya&#8217;daki ekonomik s\u0131k\u0131nt\u0131lar, enerji kesintilerinin d\u00fcnya genelinde g\u00fcnl\u00fck maliyetleri ne kadar h\u0131zl\u0131 etkileyebilece\u011fini g\u00f6stermektedir. Bu, b\u00f6lgesel gerilimlerin k\u00fcresel refah \u00fczerindeki y\u0131k\u0131c\u0131 etkisinin bir kan\u0131t\u0131d\u0131r.<\/p>\n<\/li>\n<li>\n        <strong><\/p>\n<h3>Kamu Politikalar\u0131 Enerji Fiyatlar\u0131nda Do\u011frudan Rol Oynuyor<\/h3>\n<p><\/strong><\/p>\n<p>Bohnen, y\u00f6netimden ba\u011f\u0131ms\u0131z olarak h\u00fck\u00fcmet kararlar\u0131n\u0131n t\u00fcketicilerin c\u00fczdanlar\u0131n\u0131 do\u011frudan etkiledi\u011fini vurguluyor. Bu, \u00f6zellikle b\u00fcy\u00fck g\u00fc\u00e7lerin enerji politikalar\u0131n\u0131n k\u00fcresel \u00f6l\u00e7ekte yaratt\u0131\u011f\u0131 dalgalanmalar\u0131 i\u015faret etmektedir.<\/p>\n<\/li>\n<li>\n        <strong><\/p>\n<h3>Veri Merkezleri Yerel Tepkilere Yol A\u00e7\u0131yor<\/h3>\n<p><\/strong><\/p>\n<p>Yapay zeka altyap\u0131s\u0131ndaki b\u00fcy\u00fck art\u0131\u015f, \u00fclke genelinde artan bir muhalefeti tetikledi. Endi\u015feler elektrik talebi, su kullan\u0131m\u0131 ve \u00e7evresel etkiler \u00fczerinde yo\u011funla\u015f\u0131yor.<\/p>\n<\/li>\n<li>\n        <strong><\/p>\n<h3>Elektrik Talebi Kamu Hizmetlerini ve D\u00fczenleyicileri Zorluyor<\/h3>\n<p><\/strong><\/p>\n<p>Veri merkezleri ve end\u00fcstriyel tesisler gibi devasa projeler, kamu hizmetlerini ve d\u00fczenleyicileri enerjinin nas\u0131l \u00fcretildi\u011fi, depoland\u0131\u011f\u0131 ve geni\u015fletilmi\u015f kapasitenin maliyetini kimin kar\u015f\u0131layaca\u011f\u0131 konusunda yeniden d\u00fc\u015f\u00fcnmeye zorluyor.<\/p>\n<\/li>\n<li>\n        <strong><\/p>\n<h3>\u0130zin Reformu Kritik Ancak Durmu\u015f Bir \u00c7\u00f6z\u00fcm<\/h3>\n<p><\/strong><\/p>\n<p>Hem Mitchell hem de Bohnen, enerji projeleri i\u00e7in karma\u015f\u0131k onay s\u00fcrecini kolayla\u015ft\u0131rman\u0131n gelecekteki b\u00fcy\u00fcme i\u00e7in esas oldu\u011funu kabul ediyor, ancak Kongre&#8217;deki derin siyasi b\u00f6l\u00fcnmeler yak\u0131n vadede anlaml\u0131 bir reformu olas\u0131 k\u0131lm\u0131yor. Bu durum, ABD&#8217;nin kendi i\u00e7 dinamiklerinin k\u00fcresel enerji piyasas\u0131 \u00fczerindeki etkisini de g\u00f6stermektedir.<\/p>\n<\/li>\n<li>\n        <strong><\/p>\n<h3>Uzun Vadeli Enerji Mutabakat\u0131 Olas\u0131 G\u00f6r\u00fcnm\u00fcyor<\/h3>\n<p><\/strong><\/p>\n<p>Fosil yak\u0131t ve yenilenebilir enerji savunucular\u0131 aras\u0131ndaki devam eden ayr\u0131l\u0131klar nedeniyle Bohnen, birle\u015fik bir ulusal stratejinin yak\u0131n zamanda olas\u0131 olmad\u0131\u011f\u0131n\u0131 ve gelecekteki enerji planlamas\u0131n\u0131n belirsizli\u011fini korudu\u011funu belirtiyor.<\/p>\n<\/li>\n<\/ul>\n<p>#OrtaDo\u011fuGerilimi #EnerjiG\u00fcvenli\u011fi #H\u00fcrm\u00fczBo\u011faz\u0131 #YapayZeka #VeriMerkezleri #ABDenerji #K\u00fcreselEkonomi #EnerjiPolitikalar\u0131 #\u0130klimDe\u011fi\u015fikli\u011fi #Siyasi\u00c7\u0131kmaz<\/p>\n","protected":false},"excerpt":{"rendered":"<p>OKLAHOMA CITY &#8211; K\u00fcresel \u00e7apta Orta Do\u011fu&#8217;da t\u0131rmanan gerilimler, yapay zeka veri merkezlerinden kaynaklanan artan enerji talebi ve Washington&#8217;daki siyasi \u00e7\u0131kmaz, uzmanlar\u0131n k\u00fcresel enerji piyasas\u0131 i\u00e7in belirleyici bir an olabilece\u011fi konusunda uyard\u0131\u011f\u0131 bir tabloyu ortaya koyuyor. K\u00fcresel Enerji Piyasas\u0131nda Yeni Bir D\u00f6nem Mi? Bu hafta &#8220;Hot Seat&#8221; program\u0131nda Scott Mitchell, OK Energy Today edit\u00f6r\u00fc Jerry [&hellip;]<\/p>\n","protected":false},"author":2,"featured_media":9414,"comment_status":"open","ping_status":"open","sticky":false,"template":"","format":"standard","meta":{"footnotes":""},"categories":[37],"tags":[],"class_list":["post-9413","post","type-post","status-publish","format-standard","has-post-thumbnail","hentry","category-orta-dogu-haberleri"],"_links":{"self":[{"href":"https:\/\/fajr.news\/index.php?rest_route=\/wp\/v2\/posts\/9413","targetHints":{"allow":["GET"]}}],"collection":[{"href":"https:\/\/fajr.news\/index.php?rest_route=\/wp\/v2\/posts"}],"about":[{"href":"https:\/\/fajr.news\/index.php?rest_route=\/wp\/v2\/types\/post"}],"author":[{"embeddable":true,"href":"https:\/\/fajr.news\/index.php?rest_route=\/wp\/v2\/users\/2"}],"replies":[{"embeddable":true,"href":"https:\/\/fajr.news\/index.php?rest_route=%2Fwp%2Fv2%2Fcomments&post=9413"}],"version-history":[{"count":0,"href":"https:\/\/fajr.news\/index.php?rest_route=\/wp\/v2\/posts\/9413\/revisions"}],"wp:featuredmedia":[{"embeddable":true,"href":"https:\/\/fajr.news\/index.php?rest_route=\/wp\/v2\/media\/9414"}],"wp:attachment":[{"href":"https:\/\/fajr.news\/index.php?rest_route=%2Fwp%2Fv2%2Fmedia&parent=9413"}],"wp:term":[{"taxonomy":"category","embeddable":true,"href":"https:\/\/fajr.news\/index.php?rest_route=%2Fwp%2Fv2%2Fcategories&post=9413"},{"taxonomy":"post_tag","embeddable":true,"href":"https:\/\/fajr.news\/index.php?rest_route=%2Fwp%2Fv2%2Ftags&post=9413"}],"curies":[{"name":"wp","href":"https:\/\/api.w.org\/{rel}","templated":true}]}}